{"id":11918,"date":"2021-01-30T07:25:11","date_gmt":"2021-01-30T06:25:11","guid":{"rendered":"https:\/\/agora.xtec.cat\/iecastell\/?p=11918"},"modified":"2021-01-30T07:25:11","modified_gmt":"2021-01-30T06:25:11","slug":"visita-de-5e-a-lajuntament-cooperatives-constituides","status":"publish","type":"post","link":"https:\/\/agora.xtec.cat\/iecastell\/general\/visita-de-5e-a-lajuntament-cooperatives-constituides\/","title":{"rendered":"Visita de 5\u00e8 a l&#8217;Ajuntament. Cooperatives constitu\u00efdes!"},"content":{"rendered":"<p><span style=\"font-weight: 400;\">Avui, divendres 15 de gener del 2021 els grups de 5\u00e8 A i 5\u00e8 B, \u2018Fes-t\u2019ho tu mateix\u2019 i\u00a0 \u2018Ecologistes en acci\u00f3\u2019, hem anat a l\u2019ajuntament de Castellter\u00e7ol a entregar uns documents dels projecte de la cooperativa. Amb aquests documents hem aconseguit donar-nos d\u2019alta com a cooperativa i rebre el n\u00famero d\u2019identificaci\u00f3 fiscal, que \u00e9s com un DNI de la nostra cooperativa. Les nostres cooperatives es diuen Tres Sols i R1MB, les quals es dediquen a elaborar jocs per diferents edats i a realitzar circuits d&#8217;orientaci\u00f3, respectivament. Durant la nostra visita, les nostres representants Abril i Telma han realitzat els tr\u00e0mits, mentre la resta feien jocs i hem apr\u00e8s hist\u00f2ria sobre com s\u2019organitzaven els vilatans. M\u00e9s tard, hem comentat les caracter\u00edstiques m\u00e9s importants de les cooperatives amb el regidor de Cultura, Educaci\u00f3, Patrimoni i Mem\u00f2ria Hist\u00f2rica, Albert Obrero Cusid\u00f3, i amb la dinamitzadora del projecte CuEmE al Moian\u00e8s, Montse Suari i Bartres. Finalment, hem fet visites en petits grups a la sala de plens, on l\u2019Albert ens ha explicat el mural de la sala, en relaci\u00f3 al poble de Castellter\u00e7ol i a Enric Prat de la Riba. Estem molt agra\u00efts per totes les coses que ens han ensenyat i pel llibre \u2018La Nacionalitat Catalana\u2019, d\u2019Enric Prat de la Riba.<\/span><\/p>\n<p><a href=\"https:\/\/drive.google.com\/drive\/folders\/18QXRIFmeeAJFydwwug7riHjqgSC3_03S?usp=sharing\" target=\"_blank\" rel=\"noopener noreferrer\">Fotografies visita de 5\u00e8 a l&#8217;Ajuntament<\/a><\/p>\n<figure id=\"attachment_11919\" aria-describedby=\"caption-attachment-11919\" style=\"width: 1024px\" class=\"wp-caption alignnone\"><a href=\"https:\/\/agora.xtec.cat\/iecastell\/wp-content\/uploads\/usu288\/2021\/01\/IMG_20210115_092746_9.jpg\"><img loading=\"lazy\" decoding=\"async\" class=\"wp-image-11919 size-large\" src=\"https:\/\/agora.xtec.cat\/iecastell\/wp-content\/uploads\/usu288\/2021\/01\/IMG_20210115_092746_9-1024x768.jpg\" alt=\"\" width=\"1024\" height=\"768\" srcset=\"https:\/\/agora.xtec.cat\/iecastell\/wp-content\/uploads\/usu288\/2021\/01\/IMG_20210115_092746_9-1024x768.jpg 1024w, https:\/\/agora.xtec.cat\/iecastell\/wp-content\/uploads\/usu288\/2021\/01\/IMG_20210115_092746_9-300x225.jpg 300w, https:\/\/agora.xtec.cat\/iecastell\/wp-content\/uploads\/usu288\/2021\/01\/IMG_20210115_092746_9-768x576.jpg 768w, https:\/\/agora.xtec.cat\/iecastell\/wp-content\/uploads\/usu288\/2021\/01\/IMG_20210115_092746_9-200x150.jpg 200w\" sizes=\"auto, (max-width: 1024px) 100vw, 1024px\" \/><\/a><figcaption id=\"caption-attachment-11919\" class=\"wp-caption-text\">Vista general de la Casa de la Vila de bon mat\u00ed.<\/figcaption><\/figure>\n<p>&nbsp;<\/p>\n<figure id=\"attachment_11920\" aria-describedby=\"caption-attachment-11920\" style=\"width: 1024px\" class=\"wp-caption alignnone\"><a href=\"https:\/\/agora.xtec.cat\/iecastell\/wp-content\/uploads\/usu288\/2021\/01\/IMG_20210115_092925_0.jpg\"><img loading=\"lazy\" decoding=\"async\" class=\"wp-image-11920 size-large\" src=\"https:\/\/agora.xtec.cat\/iecastell\/wp-content\/uploads\/usu288\/2021\/01\/IMG_20210115_092925_0-1024x768.jpg\" alt=\"\" width=\"1024\" height=\"768\" srcset=\"https:\/\/agora.xtec.cat\/iecastell\/wp-content\/uploads\/usu288\/2021\/01\/IMG_20210115_092925_0-1024x768.jpg 1024w, https:\/\/agora.xtec.cat\/iecastell\/wp-content\/uploads\/usu288\/2021\/01\/IMG_20210115_092925_0-300x225.jpg 300w, https:\/\/agora.xtec.cat\/iecastell\/wp-content\/uploads\/usu288\/2021\/01\/IMG_20210115_092925_0-768x576.jpg 768w, https:\/\/agora.xtec.cat\/iecastell\/wp-content\/uploads\/usu288\/2021\/01\/IMG_20210115_092925_0-200x150.jpg 200w\" sizes=\"auto, (max-width: 1024px) 100vw, 1024px\" \/><\/a><figcaption id=\"caption-attachment-11920\" class=\"wp-caption-text\">Els grups de 5\u00e8 A i 5\u00e8 B arribem a la Pla\u00e7a Major i ens organitzem per comen\u00e7ar les gestions.<\/figcaption><\/figure>\n<p>&nbsp;<\/p>\n<figure id=\"attachment_11934\" aria-describedby=\"caption-attachment-11934\" style=\"width: 1024px\" class=\"wp-caption alignnone\"><a href=\"https:\/\/agora.xtec.cat\/iecastell\/wp-content\/uploads\/usu288\/2021\/01\/IMG-20210121-WA0009.jpg\"><img loading=\"lazy\" decoding=\"async\" class=\"wp-image-11934 size-large\" src=\"https:\/\/agora.xtec.cat\/iecastell\/wp-content\/uploads\/usu288\/2021\/01\/IMG-20210121-WA0009-1024x768.jpg\" alt=\"\" width=\"1024\" height=\"768\" srcset=\"https:\/\/agora.xtec.cat\/iecastell\/wp-content\/uploads\/usu288\/2021\/01\/IMG-20210121-WA0009-1024x768.jpg 1024w, https:\/\/agora.xtec.cat\/iecastell\/wp-content\/uploads\/usu288\/2021\/01\/IMG-20210121-WA0009-300x225.jpg 300w, https:\/\/agora.xtec.cat\/iecastell\/wp-content\/uploads\/usu288\/2021\/01\/IMG-20210121-WA0009-768x576.jpg 768w, https:\/\/agora.xtec.cat\/iecastell\/wp-content\/uploads\/usu288\/2021\/01\/IMG-20210121-WA0009-200x150.jpg 200w, https:\/\/agora.xtec.cat\/iecastell\/wp-content\/uploads\/usu288\/2021\/01\/IMG-20210121-WA0009.jpg 2048w\" sizes=\"auto, (max-width: 1024px) 100vw, 1024px\" \/><\/a><figcaption id=\"caption-attachment-11934\" class=\"wp-caption-text\">Les nostres delegades Telma i Abril presenten la documentaci\u00f3 per inscriure i registrar les cooperatives R1MB i Tres Sols, de 5\u00e8 A i 5\u00e8 B respectivament.<\/figcaption><\/figure>\n<p>&nbsp;<\/p>\n<figure id=\"attachment_11933\" aria-describedby=\"caption-attachment-11933\" style=\"width: 1024px\" class=\"wp-caption alignnone\"><a href=\"https:\/\/agora.xtec.cat\/iecastell\/wp-content\/uploads\/usu288\/2021\/01\/IMG-20210121-WA0008.jpg\"><img loading=\"lazy\" decoding=\"async\" class=\"wp-image-11933 size-large\" src=\"https:\/\/agora.xtec.cat\/iecastell\/wp-content\/uploads\/usu288\/2021\/01\/IMG-20210121-WA0008-1024x768.jpg\" alt=\"\" width=\"1024\" height=\"768\" srcset=\"https:\/\/agora.xtec.cat\/iecastell\/wp-content\/uploads\/usu288\/2021\/01\/IMG-20210121-WA0008-1024x768.jpg 1024w, https:\/\/agora.xtec.cat\/iecastell\/wp-content\/uploads\/usu288\/2021\/01\/IMG-20210121-WA0008-300x225.jpg 300w, https:\/\/agora.xtec.cat\/iecastell\/wp-content\/uploads\/usu288\/2021\/01\/IMG-20210121-WA0008-768x576.jpg 768w, https:\/\/agora.xtec.cat\/iecastell\/wp-content\/uploads\/usu288\/2021\/01\/IMG-20210121-WA0008-200x150.jpg 200w, https:\/\/agora.xtec.cat\/iecastell\/wp-content\/uploads\/usu288\/2021\/01\/IMG-20210121-WA0008.jpg 2048w\" sizes=\"auto, (max-width: 1024px) 100vw, 1024px\" \/><\/a><figcaption id=\"caption-attachment-11933\" class=\"wp-caption-text\">Moment prec\u00eds on el secretari de l&#8217;ajuntament inscriu i registra les cooperatives educatives Tres Sols i R1MB.<\/figcaption><\/figure>\n<p>&nbsp;<\/p>\n<figure id=\"attachment_11932\" aria-describedby=\"caption-attachment-11932\" style=\"width: 1024px\" class=\"wp-caption alignnone\"><a href=\"https:\/\/agora.xtec.cat\/iecastell\/wp-content\/uploads\/usu288\/2021\/01\/IMG-20210121-WA0007.jpg\"><img loading=\"lazy\" decoding=\"async\" class=\"wp-image-11932 size-large\" src=\"https:\/\/agora.xtec.cat\/iecastell\/wp-content\/uploads\/usu288\/2021\/01\/IMG-20210121-WA0007-1024x768.jpg\" alt=\"\" width=\"1024\" height=\"768\" srcset=\"https:\/\/agora.xtec.cat\/iecastell\/wp-content\/uploads\/usu288\/2021\/01\/IMG-20210121-WA0007-1024x768.jpg 1024w, https:\/\/agora.xtec.cat\/iecastell\/wp-content\/uploads\/usu288\/2021\/01\/IMG-20210121-WA0007-300x225.jpg 300w, https:\/\/agora.xtec.cat\/iecastell\/wp-content\/uploads\/usu288\/2021\/01\/IMG-20210121-WA0007-768x576.jpg 768w, https:\/\/agora.xtec.cat\/iecastell\/wp-content\/uploads\/usu288\/2021\/01\/IMG-20210121-WA0007-200x150.jpg 200w, https:\/\/agora.xtec.cat\/iecastell\/wp-content\/uploads\/usu288\/2021\/01\/IMG-20210121-WA0007.jpg 2048w\" sizes=\"auto, (max-width: 1024px) 100vw, 1024px\" \/><\/a><figcaption id=\"caption-attachment-11932\" class=\"wp-caption-text\">Rebem els certificats oficials amb els quals estem formalment reconeguts i tenim els nostres propis Codis d&#8217;Identificaci\u00f3 Fiscal (CIF) per poder fer gestions, compres i tota mena de tr\u00e0mits.<\/figcaption><\/figure>\n<p>&nbsp;<\/p>\n<p><a href=\"https:\/\/agora.xtec.cat\/iecastell\/wp-content\/uploads\/usu288\/2021\/01\/IMG_20210115_094047_9.jpg\"><img loading=\"lazy\" decoding=\"async\" class=\"wp-image-11922 size-large\" src=\"https:\/\/agora.xtec.cat\/iecastell\/wp-content\/uploads\/usu288\/2021\/01\/IMG_20210115_094047_9-1024x768.jpg\" alt=\"\" width=\"1024\" height=\"768\" srcset=\"https:\/\/agora.xtec.cat\/iecastell\/wp-content\/uploads\/usu288\/2021\/01\/IMG_20210115_094047_9-1024x768.jpg 1024w, https:\/\/agora.xtec.cat\/iecastell\/wp-content\/uploads\/usu288\/2021\/01\/IMG_20210115_094047_9-300x225.jpg 300w, https:\/\/agora.xtec.cat\/iecastell\/wp-content\/uploads\/usu288\/2021\/01\/IMG_20210115_094047_9-768x576.jpg 768w, https:\/\/agora.xtec.cat\/iecastell\/wp-content\/uploads\/usu288\/2021\/01\/IMG_20210115_094047_9-200x150.jpg 200w\" sizes=\"auto, (max-width: 1024px) 100vw, 1024px\" \/><\/a><\/p>\n<figure id=\"attachment_11930\" aria-describedby=\"caption-attachment-11930\" style=\"width: 1024px\" class=\"wp-caption alignnone\"><a href=\"https:\/\/agora.xtec.cat\/iecastell\/wp-content\/uploads\/usu288\/2021\/01\/IMG-20210121-WA0005.jpg\"><img loading=\"lazy\" decoding=\"async\" class=\"wp-image-11930 size-large\" src=\"https:\/\/agora.xtec.cat\/iecastell\/wp-content\/uploads\/usu288\/2021\/01\/IMG-20210121-WA0005-1024x768.jpg\" alt=\"\" width=\"1024\" height=\"768\" srcset=\"https:\/\/agora.xtec.cat\/iecastell\/wp-content\/uploads\/usu288\/2021\/01\/IMG-20210121-WA0005-1024x768.jpg 1024w, https:\/\/agora.xtec.cat\/iecastell\/wp-content\/uploads\/usu288\/2021\/01\/IMG-20210121-WA0005-300x225.jpg 300w, https:\/\/agora.xtec.cat\/iecastell\/wp-content\/uploads\/usu288\/2021\/01\/IMG-20210121-WA0005-768x576.jpg 768w, https:\/\/agora.xtec.cat\/iecastell\/wp-content\/uploads\/usu288\/2021\/01\/IMG-20210121-WA0005-200x150.jpg 200w, https:\/\/agora.xtec.cat\/iecastell\/wp-content\/uploads\/usu288\/2021\/01\/IMG-20210121-WA0005.jpg 2048w\" sizes=\"auto, (max-width: 1024px) 100vw, 1024px\" \/><\/a><figcaption id=\"caption-attachment-11930\" class=\"wp-caption-text\">Les nostres presidentes ens expliquen com han anat les gestions.<\/figcaption><\/figure>\n<p>&nbsp;<\/p>\n<figure id=\"attachment_11929\" aria-describedby=\"caption-attachment-11929\" style=\"width: 768px\" class=\"wp-caption alignnone\"><a href=\"https:\/\/agora.xtec.cat\/iecastell\/wp-content\/uploads\/usu288\/2021\/01\/IMG-20210121-WA0004.jpg\"><img loading=\"lazy\" decoding=\"async\" class=\"wp-image-11929 size-large\" src=\"https:\/\/agora.xtec.cat\/iecastell\/wp-content\/uploads\/usu288\/2021\/01\/IMG-20210121-WA0004-768x1024.jpg\" alt=\"\" width=\"768\" height=\"1024\" srcset=\"https:\/\/agora.xtec.cat\/iecastell\/wp-content\/uploads\/usu288\/2021\/01\/IMG-20210121-WA0004-768x1024.jpg 768w, https:\/\/agora.xtec.cat\/iecastell\/wp-content\/uploads\/usu288\/2021\/01\/IMG-20210121-WA0004-225x300.jpg 225w, https:\/\/agora.xtec.cat\/iecastell\/wp-content\/uploads\/usu288\/2021\/01\/IMG-20210121-WA0004.jpg 1536w\" sizes=\"auto, (max-width: 768px) 100vw, 768px\" \/><\/a><figcaption id=\"caption-attachment-11929\" class=\"wp-caption-text\">El regidor de <span style=\"font-weight: 400;\">Cultura, Educaci\u00f3, Patrimoni i Mem\u00f2ria Hist\u00f2rica<\/span>\u00a0rep part de la cooperativa Tres Sols a la Sala de Plens.<\/figcaption><\/figure>\n<p>&nbsp;<\/p>\n<figure id=\"attachment_11928\" aria-describedby=\"caption-attachment-11928\" style=\"width: 768px\" class=\"wp-caption alignnone\"><a href=\"https:\/\/agora.xtec.cat\/iecastell\/wp-content\/uploads\/usu288\/2021\/01\/IMG-20210121-WA0003.jpg\"><img loading=\"lazy\" decoding=\"async\" class=\"wp-image-11928 size-large\" src=\"https:\/\/agora.xtec.cat\/iecastell\/wp-content\/uploads\/usu288\/2021\/01\/IMG-20210121-WA0003-768x1024.jpg\" alt=\"\" width=\"768\" height=\"1024\" srcset=\"https:\/\/agora.xtec.cat\/iecastell\/wp-content\/uploads\/usu288\/2021\/01\/IMG-20210121-WA0003-768x1024.jpg 768w, https:\/\/agora.xtec.cat\/iecastell\/wp-content\/uploads\/usu288\/2021\/01\/IMG-20210121-WA0003-225x300.jpg 225w, https:\/\/agora.xtec.cat\/iecastell\/wp-content\/uploads\/usu288\/2021\/01\/IMG-20210121-WA0003.jpg 1536w\" sizes=\"auto, (max-width: 768px) 100vw, 768px\" \/><\/a><figcaption id=\"caption-attachment-11928\" class=\"wp-caption-text\">El regidor Albert Obrero Cusi\u00f3 ens explica el Mural commemoratiu del centenari de la mort d&#8217;Enric Prat de la Riba (1917-2017), fet pel pintor David Font i L\u00f3pez.<\/figcaption><\/figure>\n<p>&nbsp;<\/p>\n<figure id=\"attachment_11924\" aria-describedby=\"caption-attachment-11924\" style=\"width: 1024px\" class=\"wp-caption alignnone\"><a href=\"https:\/\/agora.xtec.cat\/iecastell\/wp-content\/uploads\/usu288\/2021\/01\/IMG_20210115_103427_3.jpg\"><img loading=\"lazy\" decoding=\"async\" class=\"wp-image-11924 size-large\" src=\"https:\/\/agora.xtec.cat\/iecastell\/wp-content\/uploads\/usu288\/2021\/01\/IMG_20210115_103427_3-1024x768.jpg\" alt=\"\" width=\"1024\" height=\"768\" srcset=\"https:\/\/agora.xtec.cat\/iecastell\/wp-content\/uploads\/usu288\/2021\/01\/IMG_20210115_103427_3-1024x768.jpg 1024w, https:\/\/agora.xtec.cat\/iecastell\/wp-content\/uploads\/usu288\/2021\/01\/IMG_20210115_103427_3-300x225.jpg 300w, https:\/\/agora.xtec.cat\/iecastell\/wp-content\/uploads\/usu288\/2021\/01\/IMG_20210115_103427_3-768x576.jpg 768w, https:\/\/agora.xtec.cat\/iecastell\/wp-content\/uploads\/usu288\/2021\/01\/IMG_20210115_103427_3-200x150.jpg 200w\" sizes=\"auto, (max-width: 1024px) 100vw, 1024px\" \/><\/a><figcaption id=\"caption-attachment-11924\" class=\"wp-caption-text\">El regidor Obrero Cusid\u00f3 ens explica la import\u00e0ncia del nostre projecte CuEmE i la participaci\u00f3 a la vida p\u00fablica del poble, per vetllar per la bona salut de la nostra democr\u00e0cia.<\/figcaption><\/figure>\n<p>&nbsp;<\/p>\n<figure id=\"attachment_11923\" aria-describedby=\"caption-attachment-11923\" style=\"width: 1024px\" class=\"wp-caption alignnone\"><a href=\"https:\/\/agora.xtec.cat\/iecastell\/wp-content\/uploads\/usu288\/2021\/01\/IMG_20210115_102136_9.jpg\"><img loading=\"lazy\" decoding=\"async\" class=\"wp-image-11923 size-large\" src=\"https:\/\/agora.xtec.cat\/iecastell\/wp-content\/uploads\/usu288\/2021\/01\/IMG_20210115_102136_9-1024x768.jpg\" alt=\"\" width=\"1024\" height=\"768\" srcset=\"https:\/\/agora.xtec.cat\/iecastell\/wp-content\/uploads\/usu288\/2021\/01\/IMG_20210115_102136_9-1024x768.jpg 1024w, https:\/\/agora.xtec.cat\/iecastell\/wp-content\/uploads\/usu288\/2021\/01\/IMG_20210115_102136_9-300x225.jpg 300w, https:\/\/agora.xtec.cat\/iecastell\/wp-content\/uploads\/usu288\/2021\/01\/IMG_20210115_102136_9-768x576.jpg 768w, https:\/\/agora.xtec.cat\/iecastell\/wp-content\/uploads\/usu288\/2021\/01\/IMG_20210115_102136_9-200x150.jpg 200w\" sizes=\"auto, (max-width: 1024px) 100vw, 1024px\" \/><\/a><figcaption id=\"caption-attachment-11923\" class=\"wp-caption-text\">Part de l&#8217;equip de la cooperativa R1MB, debat amb el regidor de Cultura, <span style=\"font-weight: 400;\">Educaci\u00f3, Patrimoni i Mem\u00f2ria Hist\u00f2rica; sobre com podem participar en democr\u00e0cia i millorar la nostra societat, comen\u00e7ant per Castellter\u00e7ol.<\/span><\/figcaption><\/figure>\n<p>&nbsp;<\/p>\n<figure id=\"attachment_11925\" aria-describedby=\"caption-attachment-11925\" style=\"width: 1024px\" class=\"wp-caption alignnone\"><a href=\"https:\/\/agora.xtec.cat\/iecastell\/wp-content\/uploads\/usu288\/2021\/01\/IMG_20210115_132719_9.jpg\"><img loading=\"lazy\" decoding=\"async\" class=\"wp-image-11925 size-large\" src=\"https:\/\/agora.xtec.cat\/iecastell\/wp-content\/uploads\/usu288\/2021\/01\/IMG_20210115_132719_9-1024x768.jpg\" alt=\"\" width=\"1024\" height=\"768\" srcset=\"https:\/\/agora.xtec.cat\/iecastell\/wp-content\/uploads\/usu288\/2021\/01\/IMG_20210115_132719_9-1024x768.jpg 1024w, https:\/\/agora.xtec.cat\/iecastell\/wp-content\/uploads\/usu288\/2021\/01\/IMG_20210115_132719_9-300x225.jpg 300w, https:\/\/agora.xtec.cat\/iecastell\/wp-content\/uploads\/usu288\/2021\/01\/IMG_20210115_132719_9-768x576.jpg 768w, https:\/\/agora.xtec.cat\/iecastell\/wp-content\/uploads\/usu288\/2021\/01\/IMG_20210115_132719_9-200x150.jpg 200w\" sizes=\"auto, (max-width: 1024px) 100vw, 1024px\" \/><\/a><figcaption id=\"caption-attachment-11925\" class=\"wp-caption-text\">&#8216;La Nacionalitat Catalana&#8217;, d&#8217;Enric Prat de la Riba, llegat del nostre conciutad\u00e0 Enric Prat de la Riba per al nostre poble, per a tot Catalunya i, en aquesta ocasi\u00f3, un record per a cadasc\u00fa de nosaltres.<\/figcaption><\/figure>\n<p>&nbsp;<\/p>\n<figure id=\"attachment_11926\" aria-describedby=\"caption-attachment-11926\" style=\"width: 768px\" class=\"wp-caption alignnone\"><a href=\"https:\/\/agora.xtec.cat\/iecastell\/wp-content\/uploads\/usu288\/2021\/01\/IMG_20210115_132750_0.jpg\"><img loading=\"lazy\" decoding=\"async\" class=\"wp-image-11926 size-large\" src=\"https:\/\/agora.xtec.cat\/iecastell\/wp-content\/uploads\/usu288\/2021\/01\/IMG_20210115_132750_0-768x1024.jpg\" alt=\"\" width=\"768\" height=\"1024\" srcset=\"https:\/\/agora.xtec.cat\/iecastell\/wp-content\/uploads\/usu288\/2021\/01\/IMG_20210115_132750_0-768x1024.jpg 768w, https:\/\/agora.xtec.cat\/iecastell\/wp-content\/uploads\/usu288\/2021\/01\/IMG_20210115_132750_0-225x300.jpg 225w\" sizes=\"auto, (max-width: 768px) 100vw, 768px\" \/><\/a><figcaption id=\"caption-attachment-11926\" class=\"wp-caption-text\">Fullet\u00f3 explicatiu del &#8216;Mural Commemoratiu Enric Prat de la Riba&#8217;, de David Font i L\u00f3pez.<\/figcaption><\/figure>\n<p>&nbsp;<\/p>\n","protected":false},"excerpt":{"rendered":"<p>Avui, divendres 15 de gener del 2021 els grups de 5\u00e8 A i 5\u00e8 B, \u2018Fes-t\u2019ho tu mateix\u2019 i\u00a0 \u2018Ecologistes en acci\u00f3\u2019, hem anat a l\u2019ajuntament de Castellter\u00e7ol a entregar uns documents dels projecte de la cooperativa. Amb aquests documents hem aconseguit donar-nos d\u2019alta com a cooperativa i rebre el n\u00famero d\u2019identificaci\u00f3 fiscal, que \u00e9s [&hellip;]<\/p>\n","protected":false},"author":14,"featured_media":11921,"comment_status":"closed","ping_status":"closed","sticky":false,"template":"","format":"standard","meta":{"_bbp_topic_count":0,"_bbp_reply_count":0,"_bbp_total_topic_count":0,"_bbp_total_reply_count":0,"_bbp_voice_count":0,"_bbp_anonymous_reply_count":0,"_bbp_topic_count_hidden":0,"_bbp_reply_count_hidden":0,"_bbp_forum_subforum_count":0,"site-sidebar-layout":"default","site-content-layout":"","ast-site-content-layout":"","site-content-style":"default","site-sidebar-style":"default","ast-global-header-display":"","ast-banner-title-visibility":"","ast-main-header-display":"","ast-hfb-above-header-display":"","ast-hfb-below-header-display":"","ast-hfb-mobile-header-display":"","site-post-title":"","ast-breadcrumbs-content":"","ast-featured-img":"","footer-sml-layout":"","theme-transparent-header-meta":"","adv-header-id-meta":"","stick-header-meta":"","header-above-stick-meta":"","header-main-stick-meta":"","header-below-stick-meta":"","astra-migrate-meta-layouts":"default","ast-page-background-enabled":"default","ast-page-background-meta":{"desktop":{"background-color":"var(--ast-global-color-4)","background-image":"","background-repeat":"repeat","background-position":"center center","background-size":"auto","background-attachment":"scroll","background-type":"","background-media":"","overlay-type":"","overlay-color":"","overlay-opacity":"","overlay-gradient":""},"tablet":{"background-color":"","background-image":"","background-repeat":"repeat","background-position":"center center","background-size":"auto","background-attachment":"scroll","background-type":"","background-media":"","overlay-type":"","overlay-color":"","overlay-opacity":"","overlay-gradient":""},"mobile":{"background-color":"","background-image":"","background-repeat":"repeat","background-position":"center center","background-size":"auto","background-attachment":"scroll","background-type":"","background-media":"","overlay-type":"","overlay-color":"","overlay-opacity":"","overlay-gradient":""}},"ast-content-background-meta":{"desktop":{"background-color":"var(--ast-global-color-5)","background-image":"","background-repeat":"repeat","background-position":"center center","background-size":"auto","background-attachment":"scroll","background-type":"","background-media":"","overlay-type":"","overlay-color":"","overlay-opacity":"","overlay-gradient":""},"tablet":{"background-color":"var(--ast-global-color-5)","background-image":"","background-repeat":"repeat","background-position":"center center","background-size":"auto","background-attachment":"scroll","background-type":"","background-media":"","overlay-type":"","overlay-color":"","overlay-opacity":"","overlay-gradient":""},"mobile":{"background-color":"var(--ast-global-color-5)","background-image":"","background-repeat":"repeat","background-position":"center center","background-size":"auto","background-attachment":"scroll","background-type":"","background-media":"","overlay-type":"","overlay-color":"","overlay-opacity":"","overlay-gradient":""}},"footnotes":""},"categories":[135,1,29],"tags":[],"class_list":["post-11918","post","type-post","status-publish","format-standard","has-post-thumbnail","hentry","category-cs","category-general","category-portada"],"post_mailing_queue_ids":[],"_links":{"self":[{"href":"https:\/\/agora.xtec.cat\/iecastell\/wp-json\/wp\/v2\/posts\/11918","targetHints":{"allow":["GET"]}}],"collection":[{"href":"https:\/\/agora.xtec.cat\/iecastell\/wp-json\/wp\/v2\/posts"}],"about":[{"href":"https:\/\/agora.xtec.cat\/iecastell\/wp-json\/wp\/v2\/types\/post"}],"author":[{"embeddable":true,"href":"https:\/\/agora.xtec.cat\/iecastell\/wp-json\/wp\/v2\/users\/14"}],"replies":[{"embeddable":true,"href":"https:\/\/agora.xtec.cat\/iecastell\/wp-json\/wp\/v2\/comments?post=11918"}],"version-history":[{"count":3,"href":"https:\/\/agora.xtec.cat\/iecastell\/wp-json\/wp\/v2\/posts\/11918\/revisions"}],"predecessor-version":[{"id":11953,"href":"https:\/\/agora.xtec.cat\/iecastell\/wp-json\/wp\/v2\/posts\/11918\/revisions\/11953"}],"wp:featuredmedia":[{"embeddable":true,"href":"https:\/\/agora.xtec.cat\/iecastell\/wp-json\/wp\/v2\/media\/11921"}],"wp:attachment":[{"href":"https:\/\/agora.xtec.cat\/iecastell\/wp-json\/wp\/v2\/media?parent=11918"}],"wp:term":[{"taxonomy":"category","embeddable":true,"href":"https:\/\/agora.xtec.cat\/iecastell\/wp-json\/wp\/v2\/categories?post=11918"},{"taxonomy":"post_tag","embeddable":true,"href":"https:\/\/agora.xtec.cat\/iecastell\/wp-json\/wp\/v2\/tags?post=11918"}],"curies":[{"name":"wp","href":"https:\/\/api.w.org\/{rel}","templated":true}]}}