{"id":11849,"date":"2021-01-12T08:57:50","date_gmt":"2021-01-12T07:57:50","guid":{"rendered":"https:\/\/agora.xtec.cat\/iecastell\/?p=11849"},"modified":"2021-01-12T08:57:50","modified_gmt":"2021-01-12T07:57:50","slug":"cicle-superior-visita-la-font-de-la-blada","status":"publish","type":"post","link":"https:\/\/agora.xtec.cat\/iecastell\/general\/cicle-superior-visita-la-font-de-la-blada\/","title":{"rendered":"Cicle Superior visita la Font de La Blada"},"content":{"rendered":"<p><span style=\"font-weight: 400;\">Benvolgudes fam\u00edlies de Cicle Superior,<\/span><\/p>\n<p><span style=\"font-weight: 400;\">Per iniciar el curs amb energia, els i les alumnes de 5\u00e8 i 6\u00e8 hem decidit realitzar la primera sortida del trimestre a la Font de la Blada de Castellter\u00e7ol. Hem aprofitat per entrar en contacte amb la natura, explicar-nos les festes de Nadal, fer una mica d\u2019esport i, sobretot, gaudir del paisatge. Al llarg de la nostra ruta (de quasi sis quil\u00f2metres!), hem pogut veure que alguns espais encara tenien neu i gel de les nevades d\u2019aquest cap de setmana. I quan hem arribat a la font ens hem endut una bona sorpresa. Com podreu veure a les fotografies l\u2019aigua i el fred han creat estalactites de gel! <a href=\"https:\/\/agora.xtec.cat\/iecastell\/wp-content\/uploads\/usu288\/2021\/01\/descarga.jpg\"><img loading=\"lazy\" decoding=\"async\" class=\"size-full wp-image-11850 alignleft\" src=\"https:\/\/agora.xtec.cat\/iecastell\/wp-content\/uploads\/usu288\/2021\/01\/descarga.jpg\" alt=\"\" width=\"200\" height=\"134\" \/><\/a><\/span><\/p>\n<p><span style=\"font-weight: 400;\">Visitar la Font de la Blada ha estat la millor manera d\u2019iniciar un trimestre que, de ben segur, ens portar\u00e0 a assolir reptes fant\u00e0stics. Us adjuntem el link on podreu trobar les imatges de l\u2019experi\u00e8ncia!<\/span><\/p>\n<p><a href=\"https:\/\/drive.google.com\/drive\/folders\/1dlLzPfiGzDhjoF62KKgud-TJ41hF7gP8?usp=sharing\">Sortida a la Font de la Blada<\/a><\/p>\n","protected":false},"excerpt":{"rendered":"<p>Benvolgudes fam\u00edlies de Cicle Superior, Per iniciar el curs amb energia, els i les alumnes de 5\u00e8 i 6\u00e8 hem decidit realitzar la primera sortida del trimestre a la Font de la Blada de Castellter\u00e7ol. Hem aprofitat per entrar en contacte amb la natura, explicar-nos les festes de Nadal, fer una mica d\u2019esport i, sobretot, [&hellip;]<\/p>\n","protected":false},"author":14,"featured_media":10379,"comment_status":"open","ping_status":"closed","sticky":false,"template":"","format":"standard","meta":{"_bbp_topic_count":0,"_bbp_reply_count":0,"_bbp_total_topic_count":0,"_bbp_total_reply_count":0,"_bbp_voice_count":0,"_bbp_anonymous_reply_count":0,"_bbp_topic_count_hidden":0,"_bbp_reply_count_hidden":0,"_bbp_forum_subforum_count":0,"site-sidebar-layout":"default","site-content-layout":"","ast-site-content-layout":"","site-content-style":"default","site-sidebar-style":"default","ast-global-header-display":"","ast-banner-title-visibility":"","ast-main-header-display":"","ast-hfb-above-header-display":"","ast-hfb-below-header-display":"","ast-hfb-mobile-header-display":"","site-post-title":"","ast-breadcrumbs-content":"","ast-featured-img":"","footer-sml-layout":"","theme-transparent-header-meta":"","adv-header-id-meta":"","stick-header-meta":"","header-above-stick-meta":"","header-main-stick-meta":"","header-below-stick-meta":"","astra-migrate-meta-layouts":"default","ast-page-background-enabled":"default","ast-page-background-meta":{"desktop":{"background-color":"var(--ast-global-color-4)","background-image":"","background-repeat":"repeat","background-position":"center center","background-size":"auto","background-attachment":"scroll","background-type":"","background-media":"","overlay-type":"","overlay-color":"","overlay-opacity":"","overlay-gradient":""},"tablet":{"background-color":"","background-image":"","background-repeat":"repeat","background-position":"center center","background-size":"auto","background-attachment":"scroll","background-type":"","background-media":"","overlay-type":"","overlay-color":"","overlay-opacity":"","overlay-gradient":""},"mobile":{"background-color":"","background-image":"","background-repeat":"repeat","background-position":"center center","background-size":"auto","background-attachment":"scroll","background-type":"","background-media":"","overlay-type":"","overlay-color":"","overlay-opacity":"","overlay-gradient":""}},"ast-content-background-meta":{"desktop":{"background-color":"var(--ast-global-color-5)","background-image":"","background-repeat":"repeat","background-position":"center center","background-size":"auto","background-attachment":"scroll","background-type":"","background-media":"","overlay-type":"","overlay-color":"","overlay-opacity":"","overlay-gradient":""},"tablet":{"background-color":"var(--ast-global-color-5)","background-image":"","background-repeat":"repeat","background-position":"center center","background-size":"auto","background-attachment":"scroll","background-type":"","background-media":"","overlay-type":"","overlay-color":"","overlay-opacity":"","overlay-gradient":""},"mobile":{"background-color":"var(--ast-global-color-5)","background-image":"","background-repeat":"repeat","background-position":"center center","background-size":"auto","background-attachment":"scroll","background-type":"","background-media":"","overlay-type":"","overlay-color":"","overlay-opacity":"","overlay-gradient":""}},"footnotes":""},"categories":[135,1,29],"tags":[],"class_list":["post-11849","post","type-post","status-publish","format-standard","has-post-thumbnail","hentry","category-cs","category-general","category-portada"],"post_mailing_queue_ids":[],"_links":{"self":[{"href":"https:\/\/agora.xtec.cat\/iecastell\/wp-json\/wp\/v2\/posts\/11849","targetHints":{"allow":["GET"]}}],"collection":[{"href":"https:\/\/agora.xtec.cat\/iecastell\/wp-json\/wp\/v2\/posts"}],"about":[{"href":"https:\/\/agora.xtec.cat\/iecastell\/wp-json\/wp\/v2\/types\/post"}],"author":[{"embeddable":true,"href":"https:\/\/agora.xtec.cat\/iecastell\/wp-json\/wp\/v2\/users\/14"}],"replies":[{"embeddable":true,"href":"https:\/\/agora.xtec.cat\/iecastell\/wp-json\/wp\/v2\/comments?post=11849"}],"version-history":[{"count":2,"href":"https:\/\/agora.xtec.cat\/iecastell\/wp-json\/wp\/v2\/posts\/11849\/revisions"}],"predecessor-version":[{"id":11852,"href":"https:\/\/agora.xtec.cat\/iecastell\/wp-json\/wp\/v2\/posts\/11849\/revisions\/11852"}],"wp:featuredmedia":[{"embeddable":true,"href":"https:\/\/agora.xtec.cat\/iecastell\/wp-json\/wp\/v2\/media\/10379"}],"wp:attachment":[{"href":"https:\/\/agora.xtec.cat\/iecastell\/wp-json\/wp\/v2\/media?parent=11849"}],"wp:term":[{"taxonomy":"category","embeddable":true,"href":"https:\/\/agora.xtec.cat\/iecastell\/wp-json\/wp\/v2\/categories?post=11849"},{"taxonomy":"post_tag","embeddable":true,"href":"https:\/\/agora.xtec.cat\/iecastell\/wp-json\/wp\/v2\/tags?post=11849"}],"curies":[{"name":"wp","href":"https:\/\/api.w.org\/{rel}","templated":true}]}}