{"id":11693,"date":"2020-11-18T13:03:49","date_gmt":"2020-11-18T12:03:49","guid":{"rendered":"https:\/\/agora.xtec.cat\/iecastell\/?p=11693"},"modified":"2020-11-18T13:05:18","modified_gmt":"2020-11-18T12:05:18","slug":"taller-de-sexualitat-per-a-families-dadolescents","status":"publish","type":"post","link":"https:\/\/agora.xtec.cat\/iecastell\/general\/taller-de-sexualitat-per-a-families-dadolescents\/","title":{"rendered":"Taller de sexualitat per a fam\u00edlies d&#8217;adolescents"},"content":{"rendered":"<p>Bon dia a tothom!<\/p>\n<p>Des de l&#8217;Espai Jove de Castellter\u00e7ol ens fan arribar la seg\u00fcent informaci\u00f3 destinada a les fam\u00edlies d&#8217;alumnat d&#8217;ESO (tot i que tamb\u00e9 est\u00e0 oberta a les fam\u00edlies dels futurs adolescents).<\/p>\n<p>Salutacions!<\/p>\n<p>&#8212;&#8212;&#8212;&#8212;&#8212;&#8212;&#8212;&#8212;&#8212;&#8212;&#8212;&#8212;&#8212;&#8212;&#8212;&#8212;&#8212;&#8212;&#8212;&#8212;&#8212;&#8212;&#8212;&#8212;&#8212;&#8212;&#8212;&#8212;&#8212;&#8212;&#8212;&#8212;&#8212;&#8212;&#8212;&#8212;&#8212;&#8212;&#8212;&#8212;&#8212;&#8212;&#8212;&#8212;&#8212;&#8212;&#8212;&#8212;&#8212;&#8212;&#8212;<\/p>\n<p><strong>Dijous 26 de novembre a les 18h<\/strong> des de l&#8217;Espai Jove El Kastell organitzem una xerrada online per a fam\u00edlies d&#8217;adolescents i joves per parlar sobre sexualitat.<\/p>\n<p>Aquesta xerrada la dur\u00e0 a terme la\u00a0<strong>Marta Tordera de l&#8217;IESP<\/strong>, Institut d&#8217;Estudis sobre la Sexualitat i la Parella. L&#8217;objectiu \u00e9s parlar sobre aquelles inquietuds i neguits que les fam\u00edlies pugueu o puguin tenir per parlar sobre sexualitat amb els vostres fills i les vostres filles. D&#8217;aquesta manera, pugueu sortir de la xerrada amb estrat\u00e8gies i eines per poder-ho parlar des de la tranquil\u00b7litat.<\/p>\n<p>La inscripci\u00f3 per poder entrar al taller es fa enviant un correu a aquest mateix correu:\u00a0<strong>pjkastell<span class=\"\">@gmail.com<\/span>.<\/strong><\/p>\n<p>Que tingueu molt bon dia i moltes gr\u00e0cies per tot!!!<\/p>\n<p><span style=\"font-family: arial black, sans-serif\"><b><span style=\"color: #000000\">Mariona Altimira Sallent<\/span><br \/>\n<span style=\"color: #f1c232\">Dinamitzadora-T\u00e8cnica El Kastell\u00a0<span class=\"il\">SIOAJ<\/span><\/span><\/b><span style=\"color: #f1c232\"><br \/>\n<\/span><\/span><\/p>\n<p><span style=\"font-family: arial black, sans-serif\"><span style=\"color: #000000\"><a>pjkastell@gmail.com<\/a><\/span><\/span><\/p>\n<p><span style=\"font-family: arial black, sans-serif\"><span style=\"color: #000000\"><a>@elkastell.<span class=\"il\">sioaj<\/span><br \/>\n<\/a>938 66 66 12<br \/>\n<\/span><span style=\"color: #bf9000\">Dt de 9h a 13h<br \/>\nDt a dv de 16h a 20h\u00a0<\/span><\/span><\/p>\n<p><span style=\"font-size: xx-small\"><span style=\"font-family: arial black, sans-serif\"><span style=\"color: #666666\">\u00a0C\/Rocacorba &#8211; Parc de Can Sed\u00f3 | \u00a008183 Castellter\u00e7ol |<\/span><\/span><\/span><\/p>\n<p>&#8212;&#8212;&#8212;&#8212;&#8212;&#8212;&#8212;&#8212;&#8212;&#8212;&#8212;&#8212;&#8212;&#8212;&#8212;&#8212;&#8212;&#8212;&#8212;&#8212;&#8212;&#8212;&#8212;&#8212;&#8212;&#8212;&#8212;&#8212;&#8212;&#8212;&#8212;&#8212;&#8212;&#8212;&#8212;&#8212;&#8212;&#8212;&#8212;&#8212;&#8212;&#8212;&#8212;&#8212;&#8212;&#8212;&#8212;&#8212;&#8212;&#8212;&#8212;<\/p>\n","protected":false},"excerpt":{"rendered":"<p>Bon dia a tothom! Des de l&#8217;Espai Jove de Castellter\u00e7ol ens fan arribar la seg\u00fcent informaci\u00f3 destinada a les fam\u00edlies d&#8217;alumnat d&#8217;ESO (tot i que tamb\u00e9 est\u00e0 oberta a les fam\u00edlies dels futurs adolescents). Salutacions! &#8212;&#8212;&#8212;&#8212;&#8212;&#8212;&#8212;&#8212;&#8212;&#8212;&#8212;&#8212;&#8212;&#8212;&#8212;&#8212;&#8212;&#8212;&#8212;&#8212;&#8212;&#8212;&#8212;&#8212;&#8212;&#8212;&#8212;&#8212;&#8212;&#8212;&#8212;&#8212;&#8212;&#8212;&#8212;&#8212;&#8212;&#8212;&#8212;&#8212;&#8212;&#8212;&#8212;&#8212;&#8212;&#8212;&#8212;&#8212;&#8212;&#8212;&#8212; Dijous 26 de novembre a les 18h des de l&#8217;Espai Jove El Kastell organitzem una xerrada online per a [&hellip;]<\/p>\n","protected":false},"author":3,"featured_media":11694,"comment_status":"open","ping_status":"closed","sticky":false,"template":"","format":"standard","meta":{"_bbp_topic_count":0,"_bbp_reply_count":0,"_bbp_total_topic_count":0,"_bbp_total_reply_count":0,"_bbp_voice_count":0,"_bbp_anonymous_reply_count":0,"_bbp_topic_count_hidden":0,"_bbp_reply_count_hidden":0,"_bbp_forum_subforum_count":0,"site-sidebar-layout":"default","site-content-layout":"","ast-site-content-layout":"","site-content-style":"default","site-sidebar-style":"default","ast-global-header-display":"","ast-banner-title-visibility":"","ast-main-header-display":"","ast-hfb-above-header-display":"","ast-hfb-below-header-display":"","ast-hfb-mobile-header-display":"","site-post-title":"","ast-breadcrumbs-content":"","ast-featured-img":"","footer-sml-layout":"","theme-transparent-header-meta":"","adv-header-id-meta":"","stick-header-meta":"","header-above-stick-meta":"","header-main-stick-meta":"","header-below-stick-meta":"","astra-migrate-meta-layouts":"default","ast-page-background-enabled":"default","ast-page-background-meta":{"desktop":{"background-color":"var(--ast-global-color-4)","background-image":"","background-repeat":"repeat","background-position":"center center","background-size":"auto","background-attachment":"scroll","background-type":"","background-media":"","overlay-type":"","overlay-color":"","overlay-opacity":"","overlay-gradient":""},"tablet":{"background-color":"","background-image":"","background-repeat":"repeat","background-position":"center center","background-size":"auto","background-attachment":"scroll","background-type":"","background-media":"","overlay-type":"","overlay-color":"","overlay-opacity":"","overlay-gradient":""},"mobile":{"background-color":"","background-image":"","background-repeat":"repeat","background-position":"center center","background-size":"auto","background-attachment":"scroll","background-type":"","background-media":"","overlay-type":"","overlay-color":"","overlay-opacity":"","overlay-gradient":""}},"ast-content-background-meta":{"desktop":{"background-color":"var(--ast-global-color-5)","background-image":"","background-repeat":"repeat","background-position":"center center","background-size":"auto","background-attachment":"scroll","background-type":"","background-media":"","overlay-type":"","overlay-color":"","overlay-opacity":"","overlay-gradient":""},"tablet":{"background-color":"var(--ast-global-color-5)","background-image":"","background-repeat":"repeat","background-position":"center center","background-size":"auto","background-attachment":"scroll","background-type":"","background-media":"","overlay-type":"","overlay-color":"","overlay-opacity":"","overlay-gradient":""},"mobile":{"background-color":"var(--ast-global-color-5)","background-image":"","background-repeat":"repeat","background-position":"center center","background-size":"auto","background-attachment":"scroll","background-type":"","background-media":"","overlay-type":"","overlay-color":"","overlay-opacity":"","overlay-gradient":""}},"footnotes":""},"categories":[31,143,107,102,150,1,29,105],"tags":[],"class_list":["post-11693","post","type-post","status-publish","format-standard","has-post-thumbnail","hentry","category-afa","category-ae","category-ce","category-eso","category-estelet","category-general","category-portada","category-pc"],"post_mailing_queue_ids":[],"_links":{"self":[{"href":"https:\/\/agora.xtec.cat\/iecastell\/wp-json\/wp\/v2\/posts\/11693","targetHints":{"allow":["GET"]}}],"collection":[{"href":"https:\/\/agora.xtec.cat\/iecastell\/wp-json\/wp\/v2\/posts"}],"about":[{"href":"https:\/\/agora.xtec.cat\/iecastell\/wp-json\/wp\/v2\/types\/post"}],"author":[{"embeddable":true,"href":"https:\/\/agora.xtec.cat\/iecastell\/wp-json\/wp\/v2\/users\/3"}],"replies":[{"embeddable":true,"href":"https:\/\/agora.xtec.cat\/iecastell\/wp-json\/wp\/v2\/comments?post=11693"}],"version-history":[{"count":2,"href":"https:\/\/agora.xtec.cat\/iecastell\/wp-json\/wp\/v2\/posts\/11693\/revisions"}],"predecessor-version":[{"id":11696,"href":"https:\/\/agora.xtec.cat\/iecastell\/wp-json\/wp\/v2\/posts\/11693\/revisions\/11696"}],"wp:featuredmedia":[{"embeddable":true,"href":"https:\/\/agora.xtec.cat\/iecastell\/wp-json\/wp\/v2\/media\/11694"}],"wp:attachment":[{"href":"https:\/\/agora.xtec.cat\/iecastell\/wp-json\/wp\/v2\/media?parent=11693"}],"wp:term":[{"taxonomy":"category","embeddable":true,"href":"https:\/\/agora.xtec.cat\/iecastell\/wp-json\/wp\/v2\/categories?post=11693"},{"taxonomy":"post_tag","embeddable":true,"href":"https:\/\/agora.xtec.cat\/iecastell\/wp-json\/wp\/v2\/tags?post=11693"}],"curies":[{"name":"wp","href":"https:\/\/api.w.org\/{rel}","templated":true}]}}