{"id":25079,"date":"2025-06-16T11:37:57","date_gmt":"2025-06-16T09:37:57","guid":{"rendered":"https:\/\/agora.xtec.cat\/iecadaques\/?p=25079"},"modified":"2025-06-16T11:37:57","modified_gmt":"2025-06-16T09:37:57","slug":"teatre-projecte-2n-deso-trip-or-treat","status":"publish","type":"post","link":"https:\/\/agora.xtec.cat\/iecadaques\/general\/teatre-projecte-2n-deso-trip-or-treat\/","title":{"rendered":"TEATRE PROJECTE 2N D&#8217;ESO: TRIP OR TREAT"},"content":{"rendered":"<p>Benvolgudes fam\u00edlies,<br \/>\nEns fa molta il\u00b7lusi\u00f3 convidar-vos a la representaci\u00f3 final del projecte interdisciplinari que han dut a terme els alumnes de 2n d\u2019ESO. Ser\u00e0 el dijous 19 de juny a les 19.00 h a l\u2019Art i Joia.<br \/>\nL\u2019obra porta per t\u00edtol \u201cTrip or Treat\u201d, i \u00e9s el resultat d\u2019un intens proc\u00e9s de creaci\u00f3 col\u00b7lectiva dins del projecte de centre. Aquest viatge ha perm\u00e8s als alumnes explorar el cos com a eina d\u2019expressi\u00f3, aprofundir en la seva identitat, i connectar emocionalment amb els companys\/es i amb el p\u00fablic a trav\u00e9s del llenguatge esc\u00e8nic.<br \/>\nEl projecte ha incl\u00f2s tallers amb professionals com l\u2019actriu Anna Berenguer, sessions de ioga, i un treball constant de cohesi\u00f3 i suport mutu que ha fet cr\u00e9ixer els alumnes tant art\u00edsticament com personalment.<br \/>\nCom a gran novetat d\u2019aquest any, tamb\u00e9 comptarem amb un passi de models creat per l\u2019alumnat de 1r i 2n d\u2019ESO, inspirat en el projecte Junk Kouture, amb dissenys \u00fanics fets a partir de materials reciclats. Una mostra m\u00e9s de creativitat, comprom\u00eds amb la sostenibilitat i expressi\u00f3 art\u00edstica.<br \/>\nSer\u00e0 una vetllada molt especial, fruit de mesos de treball, esfor\u00e7, emoci\u00f3 i creativitat. Per aix\u00f2, us animem molt especialment a venir i compartir amb nosaltres aquest moment tan significatiu per a ells.<br \/>\nUs hi esperem amb molta il\u00b7lusi\u00f3!<\/p>\n<p><iframe src=\"https:\/\/agora.xtec.cat\/iecadaques\/wp-content\/uploads\/usu1969\/2025\/06\/Cartell-teatre-2025.pdf\">Cartell teatre 2025<\/a>&#8221; width=&#8221;100%&#8221; height=&#8221;600px&#8221; style=&#8221;border: none;&#8221;><\/iframe><\/p>\n","protected":false},"excerpt":{"rendered":"<p>Benvolgudes fam\u00edlies,<br \/>\nEns fa molta il\u00b7lusi\u00f3 convidar-vos a la representaci\u00f3 final del projecte interdisciplinari que han dut a terme els alumnes de 2n d\u2019ESO. Ser\u00e0 el dijous 19 de juny a les 19.00 h a l\u2019Art i Joia.<br \/>\nL\u2019obra porta per t\u00edtol \u201cTrip or Treat\u201d, i \u00e9s&hellip;  <a href=\"https:\/\/agora.xtec.cat\/iecadaques\/general\/teatre-projecte-2n-deso-trip-or-treat\/\" title=\"Read TEATRE PROJECTE 2N D&#8217;ESO: TRIP OR TREAT\">Llegeix m\u00e9s\u00bb<\/a><\/p>\n","protected":false},"author":26,"featured_media":0,"comment_status":"closed","ping_status":"open","sticky":false,"template":"","format":"standard","meta":{"_bbp_topic_count":0,"_bbp_reply_count":0,"_bbp_total_topic_count":0,"_bbp_total_reply_count":0,"_bbp_voice_count":0,"_bbp_anonymous_reply_count":0,"_bbp_topic_count_hidden":0,"_bbp_reply_count_hidden":0,"_bbp_forum_subforum_count":0,"footnotes":""},"categories":[167,1,29],"tags":[],"class_list":["post-25079","post","type-post","status-publish","format-standard","hentry","category-eso","category-general","category-portada"],"post_mailing_queue_ids":[],"_links":{"self":[{"href":"https:\/\/agora.xtec.cat\/iecadaques\/wp-json\/wp\/v2\/posts\/25079","targetHints":{"allow":["GET"]}}],"collection":[{"href":"https:\/\/agora.xtec.cat\/iecadaques\/wp-json\/wp\/v2\/posts"}],"about":[{"href":"https:\/\/agora.xtec.cat\/iecadaques\/wp-json\/wp\/v2\/types\/post"}],"author":[{"embeddable":true,"href":"https:\/\/agora.xtec.cat\/iecadaques\/wp-json\/wp\/v2\/users\/26"}],"replies":[{"embeddable":true,"href":"https:\/\/agora.xtec.cat\/iecadaques\/wp-json\/wp\/v2\/comments?post=25079"}],"version-history":[{"count":2,"href":"https:\/\/agora.xtec.cat\/iecadaques\/wp-json\/wp\/v2\/posts\/25079\/revisions"}],"predecessor-version":[{"id":25082,"href":"https:\/\/agora.xtec.cat\/iecadaques\/wp-json\/wp\/v2\/posts\/25079\/revisions\/25082"}],"wp:attachment":[{"href":"https:\/\/agora.xtec.cat\/iecadaques\/wp-json\/wp\/v2\/media?parent=25079"}],"wp:term":[{"taxonomy":"category","embeddable":true,"href":"https:\/\/agora.xtec.cat\/iecadaques\/wp-json\/wp\/v2\/categories?post=25079"},{"taxonomy":"post_tag","embeddable":true,"href":"https:\/\/agora.xtec.cat\/iecadaques\/wp-json\/wp\/v2\/tags?post=25079"}],"curies":[{"name":"wp","href":"https:\/\/api.w.org\/{rel}","templated":true}]}}