{"id":25067,"date":"2025-06-05T09:00:46","date_gmt":"2025-06-05T07:00:46","guid":{"rendered":"https:\/\/agora.xtec.cat\/iecadaques\/?p=25067"},"modified":"2025-06-04T14:28:04","modified_gmt":"2025-06-04T12:28:04","slug":"taller-de-mobilitat-segura","status":"publish","type":"post","link":"https:\/\/agora.xtec.cat\/iecadaques\/general\/taller-de-mobilitat-segura\/","title":{"rendered":"Taller de mobilitat segura"},"content":{"rendered":"<p style=\"text-align: justify;\">Una de ses coses que m\u00e9s mus agrada a ses alumnes de 4t de prim\u00e0ria \u00e9s anar pel poble amb bicicleta amb es nostros amics i amigues! \u00c9s per aix\u00f2 que hem fet un taller de mobilitat segura amb la policia municipal de Cadaqu\u00e9s.<br \/>\nMoltes gracis, Alic\u00eda i Josep Maria!<\/p>\n<p><a href=\"https:\/\/agora.xtec.cat\/iecadaques\/wp-content\/uploads\/usu1969\/2025\/06\/taller-mobilitat.jpeg\"><img loading=\"lazy\" decoding=\"async\" class=\"alignnone size-large wp-image-25068\" src=\"https:\/\/agora.xtec.cat\/iecadaques\/wp-content\/uploads\/usu1969\/2025\/06\/taller-mobilitat-1024x471.jpeg\" alt=\"\" width=\"1024\" height=\"471\" srcset=\"https:\/\/agora.xtec.cat\/iecadaques\/wp-content\/uploads\/usu1969\/2025\/06\/taller-mobilitat-1024x471.jpeg 1024w, https:\/\/agora.xtec.cat\/iecadaques\/wp-content\/uploads\/usu1969\/2025\/06\/taller-mobilitat-300x138.jpeg 300w, https:\/\/agora.xtec.cat\/iecadaques\/wp-content\/uploads\/usu1969\/2025\/06\/taller-mobilitat-768x353.jpeg 768w, https:\/\/agora.xtec.cat\/iecadaques\/wp-content\/uploads\/usu1969\/2025\/06\/taller-mobilitat-1536x707.jpeg 1536w, https:\/\/agora.xtec.cat\/iecadaques\/wp-content\/uploads\/usu1969\/2025\/06\/taller-mobilitat.jpeg 1600w\" sizes=\"auto, (max-width: 1024px) 100vw, 1024px\" \/><\/a><\/p>\n<p><a href=\"https:\/\/agora.xtec.cat\/iecadaques\/wp-content\/uploads\/usu1969\/2025\/06\/taller-mobilitat-2.jpeg\"><img loading=\"lazy\" decoding=\"async\" class=\"alignnone size-large wp-image-25069\" src=\"https:\/\/agora.xtec.cat\/iecadaques\/wp-content\/uploads\/usu1969\/2025\/06\/taller-mobilitat-2-1024x471.jpeg\" alt=\"\" width=\"1024\" height=\"471\" srcset=\"https:\/\/agora.xtec.cat\/iecadaques\/wp-content\/uploads\/usu1969\/2025\/06\/taller-mobilitat-2-1024x471.jpeg 1024w, https:\/\/agora.xtec.cat\/iecadaques\/wp-content\/uploads\/usu1969\/2025\/06\/taller-mobilitat-2-300x138.jpeg 300w, https:\/\/agora.xtec.cat\/iecadaques\/wp-content\/uploads\/usu1969\/2025\/06\/taller-mobilitat-2-768x353.jpeg 768w, https:\/\/agora.xtec.cat\/iecadaques\/wp-content\/uploads\/usu1969\/2025\/06\/taller-mobilitat-2-1536x707.jpeg 1536w, https:\/\/agora.xtec.cat\/iecadaques\/wp-content\/uploads\/usu1969\/2025\/06\/taller-mobilitat-2.jpeg 1600w\" sizes=\"auto, (max-width: 1024px) 100vw, 1024px\" \/><\/a><a href=\"https:\/\/agora.xtec.cat\/iecadaques\/wp-content\/uploads\/usu1969\/2025\/06\/taller-mobilitat-3.jpeg\"><img loading=\"lazy\" decoding=\"async\" class=\"alignnone size-large wp-image-25070\" src=\"https:\/\/agora.xtec.cat\/iecadaques\/wp-content\/uploads\/usu1969\/2025\/06\/taller-mobilitat-3-1024x471.jpeg\" alt=\"\" width=\"1024\" height=\"471\" srcset=\"https:\/\/agora.xtec.cat\/iecadaques\/wp-content\/uploads\/usu1969\/2025\/06\/taller-mobilitat-3-1024x471.jpeg 1024w, https:\/\/agora.xtec.cat\/iecadaques\/wp-content\/uploads\/usu1969\/2025\/06\/taller-mobilitat-3-300x138.jpeg 300w, https:\/\/agora.xtec.cat\/iecadaques\/wp-content\/uploads\/usu1969\/2025\/06\/taller-mobilitat-3-768x353.jpeg 768w, https:\/\/agora.xtec.cat\/iecadaques\/wp-content\/uploads\/usu1969\/2025\/06\/taller-mobilitat-3-1536x707.jpeg 1536w, https:\/\/agora.xtec.cat\/iecadaques\/wp-content\/uploads\/usu1969\/2025\/06\/taller-mobilitat-3.jpeg 1600w\" sizes=\"auto, (max-width: 1024px) 100vw, 1024px\" \/><\/a><a href=\"https:\/\/agora.xtec.cat\/iecadaques\/wp-content\/uploads\/usu1969\/2025\/06\/taller-mobilitat4.jpeg\"><img loading=\"lazy\" decoding=\"async\" class=\"alignnone size-large wp-image-25071\" src=\"https:\/\/agora.xtec.cat\/iecadaques\/wp-content\/uploads\/usu1969\/2025\/06\/taller-mobilitat4-1024x471.jpeg\" alt=\"\" width=\"1024\" height=\"471\" srcset=\"https:\/\/agora.xtec.cat\/iecadaques\/wp-content\/uploads\/usu1969\/2025\/06\/taller-mobilitat4-1024x471.jpeg 1024w, https:\/\/agora.xtec.cat\/iecadaques\/wp-content\/uploads\/usu1969\/2025\/06\/taller-mobilitat4-300x138.jpeg 300w, https:\/\/agora.xtec.cat\/iecadaques\/wp-content\/uploads\/usu1969\/2025\/06\/taller-mobilitat4-768x353.jpeg 768w, https:\/\/agora.xtec.cat\/iecadaques\/wp-content\/uploads\/usu1969\/2025\/06\/taller-mobilitat4-1536x707.jpeg 1536w, https:\/\/agora.xtec.cat\/iecadaques\/wp-content\/uploads\/usu1969\/2025\/06\/taller-mobilitat4.jpeg 1600w\" sizes=\"auto, (max-width: 1024px) 100vw, 1024px\" \/><\/a><a href=\"https:\/\/agora.xtec.cat\/iecadaques\/wp-content\/uploads\/usu1969\/2025\/06\/taller-mobilitat8-1.jpeg\"><img loading=\"lazy\" decoding=\"async\" class=\"size-large wp-image-25076 aligncenter\" src=\"https:\/\/agora.xtec.cat\/iecadaques\/wp-content\/uploads\/usu1969\/2025\/06\/taller-mobilitat8-1-471x1024.jpeg\" alt=\"\" width=\"471\" height=\"1024\" srcset=\"https:\/\/agora.xtec.cat\/iecadaques\/wp-content\/uploads\/usu1969\/2025\/06\/taller-mobilitat8-1-471x1024.jpeg 471w, https:\/\/agora.xtec.cat\/iecadaques\/wp-content\/uploads\/usu1969\/2025\/06\/taller-mobilitat8-1-138x300.jpeg 138w, https:\/\/agora.xtec.cat\/iecadaques\/wp-content\/uploads\/usu1969\/2025\/06\/taller-mobilitat8-1-707x1536.jpeg 707w, https:\/\/agora.xtec.cat\/iecadaques\/wp-content\/uploads\/usu1969\/2025\/06\/taller-mobilitat8-1.jpeg 736w\" sizes=\"auto, (max-width: 471px) 100vw, 471px\" \/><\/a><a href=\"https:\/\/agora.xtec.cat\/iecadaques\/wp-content\/uploads\/usu1969\/2025\/06\/taller-mobilitat5.jpeg\"><img loading=\"lazy\" decoding=\"async\" class=\"alignnone size-large wp-image-25072\" src=\"https:\/\/agora.xtec.cat\/iecadaques\/wp-content\/uploads\/usu1969\/2025\/06\/taller-mobilitat5-1024x471.jpeg\" alt=\"\" width=\"1024\" height=\"471\" srcset=\"https:\/\/agora.xtec.cat\/iecadaques\/wp-content\/uploads\/usu1969\/2025\/06\/taller-mobilitat5-1024x471.jpeg 1024w, https:\/\/agora.xtec.cat\/iecadaques\/wp-content\/uploads\/usu1969\/2025\/06\/taller-mobilitat5-300x138.jpeg 300w, https:\/\/agora.xtec.cat\/iecadaques\/wp-content\/uploads\/usu1969\/2025\/06\/taller-mobilitat5-768x353.jpeg 768w, https:\/\/agora.xtec.cat\/iecadaques\/wp-content\/uploads\/usu1969\/2025\/06\/taller-mobilitat5-1536x707.jpeg 1536w, https:\/\/agora.xtec.cat\/iecadaques\/wp-content\/uploads\/usu1969\/2025\/06\/taller-mobilitat5.jpeg 1600w\" sizes=\"auto, (max-width: 1024px) 100vw, 1024px\" \/><\/a><a href=\"https:\/\/agora.xtec.cat\/iecadaques\/wp-content\/uploads\/usu1969\/2025\/06\/taller-mobilitat9.jpeg\"><img loading=\"lazy\" decoding=\"async\" class=\"size-large wp-image-25077 aligncenter\" src=\"https:\/\/agora.xtec.cat\/iecadaques\/wp-content\/uploads\/usu1969\/2025\/06\/taller-mobilitat9-471x1024.jpeg\" alt=\"\" width=\"471\" height=\"1024\" srcset=\"https:\/\/agora.xtec.cat\/iecadaques\/wp-content\/uploads\/usu1969\/2025\/06\/taller-mobilitat9-471x1024.jpeg 471w, https:\/\/agora.xtec.cat\/iecadaques\/wp-content\/uploads\/usu1969\/2025\/06\/taller-mobilitat9-138x300.jpeg 138w, https:\/\/agora.xtec.cat\/iecadaques\/wp-content\/uploads\/usu1969\/2025\/06\/taller-mobilitat9-707x1536.jpeg 707w, https:\/\/agora.xtec.cat\/iecadaques\/wp-content\/uploads\/usu1969\/2025\/06\/taller-mobilitat9.jpeg 736w\" sizes=\"auto, (max-width: 471px) 100vw, 471px\" \/><\/a><a href=\"https:\/\/agora.xtec.cat\/iecadaques\/wp-content\/uploads\/usu1969\/2025\/06\/taller-mobilitat6-1.jpeg\"><img loading=\"lazy\" decoding=\"async\" class=\"size-large wp-image-25075 aligncenter\" src=\"https:\/\/agora.xtec.cat\/iecadaques\/wp-content\/uploads\/usu1969\/2025\/06\/taller-mobilitat6-1-623x1024.jpeg\" alt=\"\" width=\"623\" height=\"1024\" srcset=\"https:\/\/agora.xtec.cat\/iecadaques\/wp-content\/uploads\/usu1969\/2025\/06\/taller-mobilitat6-1-623x1024.jpeg 623w, https:\/\/agora.xtec.cat\/iecadaques\/wp-content\/uploads\/usu1969\/2025\/06\/taller-mobilitat6-1-183x300.jpeg 183w, https:\/\/agora.xtec.cat\/iecadaques\/wp-content\/uploads\/usu1969\/2025\/06\/taller-mobilitat6-1-768x1262.jpeg 768w, https:\/\/agora.xtec.cat\/iecadaques\/wp-content\/uploads\/usu1969\/2025\/06\/taller-mobilitat6-1.jpeg 920w\" sizes=\"auto, (max-width: 623px) 100vw, 623px\" \/><\/a><\/p>\n","protected":false},"excerpt":{"rendered":"<p>L&#8217;alumnat de 4t de prim\u00e0ria va fer una &hellip;  <a href=\"https:\/\/agora.xtec.cat\/iecadaques\/general\/taller-de-mobilitat-segura\/\" title=\"Read Taller de mobilitat segura\">Llegeix m\u00e9s\u00bb<\/a><\/p>\n","protected":false},"author":48,"featured_media":25077,"comment_status":"closed","ping_status":"open","sticky":false,"template":"","format":"standard","meta":{"_bbp_topic_count":0,"_bbp_reply_count":0,"_bbp_total_topic_count":0,"_bbp_total_reply_count":0,"_bbp_voice_count":0,"_bbp_anonymous_reply_count":0,"_bbp_topic_count_hidden":0,"_bbp_reply_count_hidden":0,"_bbp_forum_subforum_count":0,"footnotes":""},"categories":[158,1,29],"tags":[183],"class_list":["post-25067","post","type-post","status-publish","format-standard","has-post-thumbnail","hentry","category-cm","category-general","category-portada","tag-pri4"],"post_mailing_queue_ids":[],"_links":{"self":[{"href":"https:\/\/agora.xtec.cat\/iecadaques\/wp-json\/wp\/v2\/posts\/25067","targetHints":{"allow":["GET"]}}],"collection":[{"href":"https:\/\/agora.xtec.cat\/iecadaques\/wp-json\/wp\/v2\/posts"}],"about":[{"href":"https:\/\/agora.xtec.cat\/iecadaques\/wp-json\/wp\/v2\/types\/post"}],"author":[{"embeddable":true,"href":"https:\/\/agora.xtec.cat\/iecadaques\/wp-json\/wp\/v2\/users\/48"}],"replies":[{"embeddable":true,"href":"https:\/\/agora.xtec.cat\/iecadaques\/wp-json\/wp\/v2\/comments?post=25067"}],"version-history":[{"count":1,"href":"https:\/\/agora.xtec.cat\/iecadaques\/wp-json\/wp\/v2\/posts\/25067\/revisions"}],"predecessor-version":[{"id":25078,"href":"https:\/\/agora.xtec.cat\/iecadaques\/wp-json\/wp\/v2\/posts\/25067\/revisions\/25078"}],"wp:featuredmedia":[{"embeddable":true,"href":"https:\/\/agora.xtec.cat\/iecadaques\/wp-json\/wp\/v2\/media\/25077"}],"wp:attachment":[{"href":"https:\/\/agora.xtec.cat\/iecadaques\/wp-json\/wp\/v2\/media?parent=25067"}],"wp:term":[{"taxonomy":"category","embeddable":true,"href":"https:\/\/agora.xtec.cat\/iecadaques\/wp-json\/wp\/v2\/categories?post=25067"},{"taxonomy":"post_tag","embeddable":true,"href":"https:\/\/agora.xtec.cat\/iecadaques\/wp-json\/wp\/v2\/tags?post=25067"}],"curies":[{"name":"wp","href":"https:\/\/api.w.org\/{rel}","templated":true}]}}