{"id":25055,"date":"2025-06-04T13:59:53","date_gmt":"2025-06-04T11:59:53","guid":{"rendered":"https:\/\/agora.xtec.cat\/iecadaques\/?p=25055"},"modified":"2025-06-04T13:59:53","modified_gmt":"2025-06-04T11:59:53","slug":"taller-sobre-tinenca-responsable-danimals","status":"publish","type":"post","link":"https:\/\/agora.xtec.cat\/iecadaques\/general\/taller-sobre-tinenca-responsable-danimals\/","title":{"rendered":"Taller sobre tinen\u00e7a responsable d&#8217;animals"},"content":{"rendered":"<p style=\"text-align: justify;\">A 4t de prim\u00e0ria hem treballat es concepte de tinen\u00e7a responsable d&#8217;animals.<br \/>\nCom a cloenda hem tingut la sort de poder compartir ses nostres reflexions i es nostros dubtes amb l&#8217;Empar Mallol, una veterin\u00e0ria que ha treballat en diferents \u00e0mbits d&#8217;aquesta professi\u00f3. Moltes gracis!<\/p>\n<p><a href=\"https:\/\/agora.xtec.cat\/iecadaques\/wp-content\/uploads\/usu1969\/2025\/06\/taller-tinenca-de-gossos.jpeg\"><img loading=\"lazy\" decoding=\"async\" class=\"size-large wp-image-25056 aligncenter\" src=\"https:\/\/agora.xtec.cat\/iecadaques\/wp-content\/uploads\/usu1969\/2025\/06\/taller-tinenca-de-gossos-1024x471.jpeg\" alt=\"\" width=\"1024\" height=\"471\" srcset=\"https:\/\/agora.xtec.cat\/iecadaques\/wp-content\/uploads\/usu1969\/2025\/06\/taller-tinenca-de-gossos-1024x471.jpeg 1024w, https:\/\/agora.xtec.cat\/iecadaques\/wp-content\/uploads\/usu1969\/2025\/06\/taller-tinenca-de-gossos-300x138.jpeg 300w, https:\/\/agora.xtec.cat\/iecadaques\/wp-content\/uploads\/usu1969\/2025\/06\/taller-tinenca-de-gossos-768x353.jpeg 768w, https:\/\/agora.xtec.cat\/iecadaques\/wp-content\/uploads\/usu1969\/2025\/06\/taller-tinenca-de-gossos-1536x707.jpeg 1536w, https:\/\/agora.xtec.cat\/iecadaques\/wp-content\/uploads\/usu1969\/2025\/06\/taller-tinenca-de-gossos.jpeg 1600w\" sizes=\"auto, (max-width: 1024px) 100vw, 1024px\" \/><\/a><a href=\"https:\/\/agora.xtec.cat\/iecadaques\/wp-content\/uploads\/usu1969\/2025\/06\/taller-tinenc-de-gossos2.jpeg\"><img loading=\"lazy\" decoding=\"async\" class=\"size-large wp-image-25057 aligncenter\" src=\"https:\/\/agora.xtec.cat\/iecadaques\/wp-content\/uploads\/usu1969\/2025\/06\/taller-tinenc-de-gossos2-471x1024.jpeg\" alt=\"\" width=\"471\" height=\"1024\" srcset=\"https:\/\/agora.xtec.cat\/iecadaques\/wp-content\/uploads\/usu1969\/2025\/06\/taller-tinenc-de-gossos2-471x1024.jpeg 471w, https:\/\/agora.xtec.cat\/iecadaques\/wp-content\/uploads\/usu1969\/2025\/06\/taller-tinenc-de-gossos2-138x300.jpeg 138w, https:\/\/agora.xtec.cat\/iecadaques\/wp-content\/uploads\/usu1969\/2025\/06\/taller-tinenc-de-gossos2-707x1536.jpeg 707w, https:\/\/agora.xtec.cat\/iecadaques\/wp-content\/uploads\/usu1969\/2025\/06\/taller-tinenc-de-gossos2.jpeg 736w\" sizes=\"auto, (max-width: 471px) 100vw, 471px\" \/><\/a><a href=\"https:\/\/agora.xtec.cat\/iecadaques\/wp-content\/uploads\/usu1969\/2025\/06\/taller-tinenca-de-gossos-3.jpeg\"><img loading=\"lazy\" decoding=\"async\" class=\"size-large wp-image-25058 aligncenter\" src=\"https:\/\/agora.xtec.cat\/iecadaques\/wp-content\/uploads\/usu1969\/2025\/06\/taller-tinenca-de-gossos-3-1024x471.jpeg\" alt=\"\" width=\"1024\" height=\"471\" srcset=\"https:\/\/agora.xtec.cat\/iecadaques\/wp-content\/uploads\/usu1969\/2025\/06\/taller-tinenca-de-gossos-3-1024x471.jpeg 1024w, https:\/\/agora.xtec.cat\/iecadaques\/wp-content\/uploads\/usu1969\/2025\/06\/taller-tinenca-de-gossos-3-300x138.jpeg 300w, https:\/\/agora.xtec.cat\/iecadaques\/wp-content\/uploads\/usu1969\/2025\/06\/taller-tinenca-de-gossos-3-768x353.jpeg 768w, https:\/\/agora.xtec.cat\/iecadaques\/wp-content\/uploads\/usu1969\/2025\/06\/taller-tinenca-de-gossos-3-1536x707.jpeg 1536w, https:\/\/agora.xtec.cat\/iecadaques\/wp-content\/uploads\/usu1969\/2025\/06\/taller-tinenca-de-gossos-3.jpeg 1600w\" sizes=\"auto, (max-width: 1024px) 100vw, 1024px\" \/><\/a> <a href=\"https:\/\/agora.xtec.cat\/iecadaques\/wp-content\/uploads\/usu1969\/2025\/06\/taller-tinenca-de-gossos-4.jpeg\"><img loading=\"lazy\" decoding=\"async\" class=\"size-large wp-image-25059 aligncenter\" src=\"https:\/\/agora.xtec.cat\/iecadaques\/wp-content\/uploads\/usu1969\/2025\/06\/taller-tinenca-de-gossos-4-1024x471.jpeg\" alt=\"\" width=\"1024\" height=\"471\" srcset=\"https:\/\/agora.xtec.cat\/iecadaques\/wp-content\/uploads\/usu1969\/2025\/06\/taller-tinenca-de-gossos-4-1024x471.jpeg 1024w, https:\/\/agora.xtec.cat\/iecadaques\/wp-content\/uploads\/usu1969\/2025\/06\/taller-tinenca-de-gossos-4-300x138.jpeg 300w, https:\/\/agora.xtec.cat\/iecadaques\/wp-content\/uploads\/usu1969\/2025\/06\/taller-tinenca-de-gossos-4-768x353.jpeg 768w, https:\/\/agora.xtec.cat\/iecadaques\/wp-content\/uploads\/usu1969\/2025\/06\/taller-tinenca-de-gossos-4-1536x707.jpeg 1536w, https:\/\/agora.xtec.cat\/iecadaques\/wp-content\/uploads\/usu1969\/2025\/06\/taller-tinenca-de-gossos-4.jpeg 1600w\" sizes=\"auto, (max-width: 1024px) 100vw, 1024px\" \/><\/a><\/p>\n<p>&nbsp;<\/p>\n","protected":false},"excerpt":{"rendered":"<p>L&#8217;alumnat de 4t treballa el concepte de la tinen\u00e7a responsable d&#8217;animals.&hellip;  <a href=\"https:\/\/agora.xtec.cat\/iecadaques\/general\/taller-sobre-tinenca-responsable-danimals\/\" title=\"Read Taller sobre tinen\u00e7a responsable d&#8217;animals\">Llegeix m\u00e9s\u00bb<\/a><\/p>\n","protected":false},"author":48,"featured_media":25059,"comment_status":"closed","ping_status":"open","sticky":false,"template":"","format":"standard","meta":{"_bbp_topic_count":0,"_bbp_reply_count":0,"_bbp_total_topic_count":0,"_bbp_total_reply_count":0,"_bbp_voice_count":0,"_bbp_anonymous_reply_count":0,"_bbp_topic_count_hidden":0,"_bbp_reply_count_hidden":0,"_bbp_forum_subforum_count":0,"footnotes":""},"categories":[158,1,29],"tags":[183],"class_list":["post-25055","post","type-post","status-publish","format-standard","has-post-thumbnail","hentry","category-cm","category-general","category-portada","tag-pri4"],"post_mailing_queue_ids":[],"_links":{"self":[{"href":"https:\/\/agora.xtec.cat\/iecadaques\/wp-json\/wp\/v2\/posts\/25055","targetHints":{"allow":["GET"]}}],"collection":[{"href":"https:\/\/agora.xtec.cat\/iecadaques\/wp-json\/wp\/v2\/posts"}],"about":[{"href":"https:\/\/agora.xtec.cat\/iecadaques\/wp-json\/wp\/v2\/types\/post"}],"author":[{"embeddable":true,"href":"https:\/\/agora.xtec.cat\/iecadaques\/wp-json\/wp\/v2\/users\/48"}],"replies":[{"embeddable":true,"href":"https:\/\/agora.xtec.cat\/iecadaques\/wp-json\/wp\/v2\/comments?post=25055"}],"version-history":[{"count":1,"href":"https:\/\/agora.xtec.cat\/iecadaques\/wp-json\/wp\/v2\/posts\/25055\/revisions"}],"predecessor-version":[{"id":25060,"href":"https:\/\/agora.xtec.cat\/iecadaques\/wp-json\/wp\/v2\/posts\/25055\/revisions\/25060"}],"wp:featuredmedia":[{"embeddable":true,"href":"https:\/\/agora.xtec.cat\/iecadaques\/wp-json\/wp\/v2\/media\/25059"}],"wp:attachment":[{"href":"https:\/\/agora.xtec.cat\/iecadaques\/wp-json\/wp\/v2\/media?parent=25055"}],"wp:term":[{"taxonomy":"category","embeddable":true,"href":"https:\/\/agora.xtec.cat\/iecadaques\/wp-json\/wp\/v2\/categories?post=25055"},{"taxonomy":"post_tag","embeddable":true,"href":"https:\/\/agora.xtec.cat\/iecadaques\/wp-json\/wp\/v2\/tags?post=25055"}],"curies":[{"name":"wp","href":"https:\/\/api.w.org\/{rel}","templated":true}]}}