{"id":25047,"date":"2025-06-03T11:32:09","date_gmt":"2025-06-03T09:32:09","guid":{"rendered":"https:\/\/agora.xtec.cat\/iecadaques\/?p=25047"},"modified":"2025-06-03T11:32:09","modified_gmt":"2025-06-03T09:32:09","slug":"intercanvi-amb-perpinya","status":"publish","type":"post","link":"https:\/\/agora.xtec.cat\/iecadaques\/portada\/intercanvi-amb-perpinya\/","title":{"rendered":"Intercanvi amb Perpiny\u00e0"},"content":{"rendered":"<p>Aquest passat 6 de maig, els alumnes de segon d\u2019ESO van rebre els seus corresponsals del college La Garrigole de Perpiny\u00e0. Junts vam visitar la Casa Museu de Salvador Dal\u00ed, vam dinar al passeig i vam passejar pel casc antic de Cadaqu\u00e9s. Com cada any, va ser un intercanvi ling\u00fc\u00edstic i cultural que emplacem a repetir-lo el proper curs.<\/p>\n<p><img loading=\"lazy\" decoding=\"async\" src=\"https:\/\/agora.xtec.cat\/iecadaques\/wp-content\/uploads\/usu1969\/2025\/06\/Intercanvi-Perpinya-Cadaques-1024x461.jpg\" alt=\"\" width=\"1024\" height=\"461\" class=\"alignnone size-large wp-image-25049\" srcset=\"https:\/\/agora.xtec.cat\/iecadaques\/wp-content\/uploads\/usu1969\/2025\/06\/Intercanvi-Perpinya-Cadaques-1024x461.jpg 1024w, https:\/\/agora.xtec.cat\/iecadaques\/wp-content\/uploads\/usu1969\/2025\/06\/Intercanvi-Perpinya-Cadaques-300x135.jpg 300w, https:\/\/agora.xtec.cat\/iecadaques\/wp-content\/uploads\/usu1969\/2025\/06\/Intercanvi-Perpinya-Cadaques-768x345.jpg 768w, https:\/\/agora.xtec.cat\/iecadaques\/wp-content\/uploads\/usu1969\/2025\/06\/Intercanvi-Perpinya-Cadaques-1536x691.jpg 1536w, https:\/\/agora.xtec.cat\/iecadaques\/wp-content\/uploads\/usu1969\/2025\/06\/Intercanvi-Perpinya-Cadaques-2048x921.jpg 2048w\" sizes=\"auto, (max-width: 1024px) 100vw, 1024px\" \/><\/p>\n","protected":false},"excerpt":{"rendered":"<p>Aquest passat 6 de maig, els alumnes de segon d\u2019ESO van rebre els seus corresponsals del college La Garrigole de Perpiny\u00e0. Junts vam visitar la Casa Museu de Salvador Dal\u00ed, vam dinar al passeig i vam passejar pel casc antic de Cadaqu\u00e9s. Com cada any,&hellip;  <a href=\"https:\/\/agora.xtec.cat\/iecadaques\/portada\/intercanvi-amb-perpinya\/\" title=\"Read Intercanvi amb Perpiny\u00e0\">Llegeix m\u00e9s\u00bb<\/a><\/p>\n","protected":false},"author":26,"featured_media":25049,"comment_status":"closed","ping_status":"closed","sticky":false,"template":"","format":"standard","meta":{"_bbp_topic_count":0,"_bbp_reply_count":0,"_bbp_total_topic_count":0,"_bbp_total_reply_count":0,"_bbp_voice_count":0,"_bbp_anonymous_reply_count":0,"_bbp_topic_count_hidden":0,"_bbp_reply_count_hidden":0,"_bbp_forum_subforum_count":0,"footnotes":""},"categories":[167,29],"tags":[],"class_list":["post-25047","post","type-post","status-publish","format-standard","has-post-thumbnail","hentry","category-eso","category-portada"],"post_mailing_queue_ids":[],"_links":{"self":[{"href":"https:\/\/agora.xtec.cat\/iecadaques\/wp-json\/wp\/v2\/posts\/25047","targetHints":{"allow":["GET"]}}],"collection":[{"href":"https:\/\/agora.xtec.cat\/iecadaques\/wp-json\/wp\/v2\/posts"}],"about":[{"href":"https:\/\/agora.xtec.cat\/iecadaques\/wp-json\/wp\/v2\/types\/post"}],"author":[{"embeddable":true,"href":"https:\/\/agora.xtec.cat\/iecadaques\/wp-json\/wp\/v2\/users\/26"}],"replies":[{"embeddable":true,"href":"https:\/\/agora.xtec.cat\/iecadaques\/wp-json\/wp\/v2\/comments?post=25047"}],"version-history":[{"count":1,"href":"https:\/\/agora.xtec.cat\/iecadaques\/wp-json\/wp\/v2\/posts\/25047\/revisions"}],"predecessor-version":[{"id":25050,"href":"https:\/\/agora.xtec.cat\/iecadaques\/wp-json\/wp\/v2\/posts\/25047\/revisions\/25050"}],"wp:featuredmedia":[{"embeddable":true,"href":"https:\/\/agora.xtec.cat\/iecadaques\/wp-json\/wp\/v2\/media\/25049"}],"wp:attachment":[{"href":"https:\/\/agora.xtec.cat\/iecadaques\/wp-json\/wp\/v2\/media?parent=25047"}],"wp:term":[{"taxonomy":"category","embeddable":true,"href":"https:\/\/agora.xtec.cat\/iecadaques\/wp-json\/wp\/v2\/categories?post=25047"},{"taxonomy":"post_tag","embeddable":true,"href":"https:\/\/agora.xtec.cat\/iecadaques\/wp-json\/wp\/v2\/tags?post=25047"}],"curies":[{"name":"wp","href":"https:\/\/api.w.org\/{rel}","templated":true}]}}