{"id":25038,"date":"2025-06-02T14:01:44","date_gmt":"2025-06-02T12:01:44","guid":{"rendered":"https:\/\/agora.xtec.cat\/iecadaques\/?p=25038"},"modified":"2025-06-02T14:01:44","modified_gmt":"2025-06-02T12:01:44","slug":"iniciem-un-nou-projecte-recollida-doli-usat","status":"publish","type":"post","link":"https:\/\/agora.xtec.cat\/iecadaques\/general\/iniciem-un-nou-projecte-recollida-doli-usat\/","title":{"rendered":"Iniciem un nou projecte: recollida d&#8217;oli usat"},"content":{"rendered":"<p><span style=\"font-weight: 400;\">Benvolgudes fam\u00edlies,<\/span><\/p>\n<p><span style=\"font-weight: 400;\">Ens fa molta il\u00b7lusi\u00f3 compartir amb vosaltres una iniciativa ecol\u00f2gica en la qual els nostres alumnes de 3r d\u2019ESO han estat treballant dins la mat\u00e8ria d\u2019Emprenedoria. En col\u00b7laboraci\u00f3 amb l\u2019associaci\u00f3 VIDIA, hem establert un punt de recollida d\u2019oli vegetal usat al nostre centre per contribuir a la protecci\u00f3 del medi ambient.<\/span><\/p>\n<p><span style=\"font-weight: 400;\">L\u2019associaci\u00f3 VIDIA es dedica a la recollida i reciclatge de l\u2019oli vegetal usat, amb l\u2019objectiu de reduir la contaminaci\u00f3 i fomentar la inclusi\u00f3 social de persones amb capacitats especials, com l\u2019Arnau i en Carlos, que recentment ens van visitar per explicar-nos la import\u00e0ncia d\u2019aquest proc\u00e9s.<\/span><\/p>\n<p><span style=\"font-weight: 400;\">Durant aquesta activitat, els alumnes han conegut dades impactants, com ara que un litre d\u2019oli usat llen\u00e7at pel desg\u00fc\u00e0s pot arribar a contaminar 1.000 litres d\u2019aigua de mar. L\u2019oli abocat de manera incorrecta genera problemes mediambientals greus, com la destrucci\u00f3 d\u2019ecosistemes marins i l\u2019augment de costos en la neteja de les depuradores. A m\u00e9s, ens han informat que l\u2019oli reciclat es pot convertir en biodiesel, utilitzat actualment en un 17% del combustible, contribuint aix\u00ed a la reducci\u00f3 de l\u2019\u00fas de combustibles f\u00f2ssils.<\/span><\/p>\n<p><span style=\"font-weight: 400;\">Per aquest motiu, us volem animar a sumar-vos a aquesta iniciativa. Trobareu un contenidor vermell a l\u2019entrada de prim\u00e0ria on podreu dipositar el vostre oli vegetal usat dins d\u2019ampolles de pl\u00e0stic o tetrabricks (mai en envasos de vidre). No cal filtrar-lo, tot i que \u00e9s recomanable.<\/span><\/p>\n<p><span style=\"font-weight: 400;\">Amb aquest petit gest, contribuirem a la cura del nostre planeta i a la reducci\u00f3 de la contaminaci\u00f3.<\/span><\/p>\n<p><span style=\"font-weight: 400;\">Moltes gr\u00e0cies per la vostra col\u00b7laboraci\u00f3!<\/span><\/p>\n<p><a href=\"https:\/\/agora.xtec.cat\/iecadaques\/wp-content\/uploads\/usu1969\/2025\/06\/Fulleto-OLI-USAT-2025-1.pdf\">Fullet\u00f3 OLI USAT 2025<\/a><\/p>\n<p><a href=\"https:\/\/agora.xtec.cat\/iecadaques\/wp-content\/uploads\/usu1969\/2025\/06\/IMG_4603-scaled.jpg\"><img loading=\"lazy\" decoding=\"async\" class=\"alignnone size-large wp-image-25039\" src=\"https:\/\/agora.xtec.cat\/iecadaques\/wp-content\/uploads\/usu1969\/2025\/06\/IMG_4603-1024x669.jpg\" alt=\"\" width=\"1024\" height=\"669\" srcset=\"https:\/\/agora.xtec.cat\/iecadaques\/wp-content\/uploads\/usu1969\/2025\/06\/IMG_4603-1024x669.jpg 1024w, https:\/\/agora.xtec.cat\/iecadaques\/wp-content\/uploads\/usu1969\/2025\/06\/IMG_4603-300x196.jpg 300w, https:\/\/agora.xtec.cat\/iecadaques\/wp-content\/uploads\/usu1969\/2025\/06\/IMG_4603-768x502.jpg 768w, https:\/\/agora.xtec.cat\/iecadaques\/wp-content\/uploads\/usu1969\/2025\/06\/IMG_4603-1536x1003.jpg 1536w, https:\/\/agora.xtec.cat\/iecadaques\/wp-content\/uploads\/usu1969\/2025\/06\/IMG_4603-2048x1338.jpg 2048w\" sizes=\"auto, (max-width: 1024px) 100vw, 1024px\" \/><\/a> <a href=\"https:\/\/agora.xtec.cat\/iecadaques\/wp-content\/uploads\/usu1969\/2025\/06\/IMG_4373-1-scaled.jpg\"><img loading=\"lazy\" decoding=\"async\" class=\"alignnone size-large wp-image-25040\" src=\"https:\/\/agora.xtec.cat\/iecadaques\/wp-content\/uploads\/usu1969\/2025\/06\/IMG_4373-1-1024x768.jpg\" alt=\"\" width=\"1024\" height=\"768\" srcset=\"https:\/\/agora.xtec.cat\/iecadaques\/wp-content\/uploads\/usu1969\/2025\/06\/IMG_4373-1-1024x768.jpg 1024w, https:\/\/agora.xtec.cat\/iecadaques\/wp-content\/uploads\/usu1969\/2025\/06\/IMG_4373-1-300x225.jpg 300w, https:\/\/agora.xtec.cat\/iecadaques\/wp-content\/uploads\/usu1969\/2025\/06\/IMG_4373-1-768x576.jpg 768w, https:\/\/agora.xtec.cat\/iecadaques\/wp-content\/uploads\/usu1969\/2025\/06\/IMG_4373-1-1536x1152.jpg 1536w, https:\/\/agora.xtec.cat\/iecadaques\/wp-content\/uploads\/usu1969\/2025\/06\/IMG_4373-1-2048x1536.jpg 2048w, https:\/\/agora.xtec.cat\/iecadaques\/wp-content\/uploads\/usu1969\/2025\/06\/IMG_4373-1-200x150.jpg 200w\" sizes=\"auto, (max-width: 1024px) 100vw, 1024px\" \/><\/a><a href=\"https:\/\/agora.xtec.cat\/iecadaques\/wp-content\/uploads\/usu1969\/2025\/06\/fulleto-oli.png\"><img loading=\"lazy\" decoding=\"async\" class=\"size-full wp-image-25041 aligncenter\" src=\"https:\/\/agora.xtec.cat\/iecadaques\/wp-content\/uploads\/usu1969\/2025\/06\/fulleto-oli.png\" alt=\"\" width=\"637\" height=\"897\" srcset=\"https:\/\/agora.xtec.cat\/iecadaques\/wp-content\/uploads\/usu1969\/2025\/06\/fulleto-oli.png 637w, https:\/\/agora.xtec.cat\/iecadaques\/wp-content\/uploads\/usu1969\/2025\/06\/fulleto-oli-213x300.png 213w\" sizes=\"auto, (max-width: 637px) 100vw, 637px\" \/><\/a><\/p>\n","protected":false},"excerpt":{"rendered":"<p>L&#8217;alumnat de 3r d&#8217;ESO ha treballat per establir un punt de recollida d\u2019oli vegetal usat al nostre centre per contribuir a la protecci\u00f3 del medi ambient.&hellip;  <a href=\"https:\/\/agora.xtec.cat\/iecadaques\/general\/iniciem-un-nou-projecte-recollida-doli-usat\/\" title=\"Read Iniciem un nou projecte: recollida d&#8217;oli usat\">Llegeix m\u00e9s\u00bb<\/a><\/p>\n","protected":false},"author":48,"featured_media":25041,"comment_status":"closed","ping_status":"closed","sticky":false,"template":"","format":"standard","meta":{"_bbp_topic_count":0,"_bbp_reply_count":0,"_bbp_total_topic_count":0,"_bbp_total_reply_count":0,"_bbp_voice_count":0,"_bbp_anonymous_reply_count":0,"_bbp_topic_count_hidden":0,"_bbp_reply_count_hidden":0,"_bbp_forum_subforum_count":0,"footnotes":""},"categories":[198,167,1,29],"tags":[131,277],"class_list":["post-25038","post","type-post","status-publish","format-standard","has-post-thumbnail","hentry","category-escolaverda","category-eso","category-general","category-portada","tag-eso3","tag-eso"],"post_mailing_queue_ids":[],"_links":{"self":[{"href":"https:\/\/agora.xtec.cat\/iecadaques\/wp-json\/wp\/v2\/posts\/25038","targetHints":{"allow":["GET"]}}],"collection":[{"href":"https:\/\/agora.xtec.cat\/iecadaques\/wp-json\/wp\/v2\/posts"}],"about":[{"href":"https:\/\/agora.xtec.cat\/iecadaques\/wp-json\/wp\/v2\/types\/post"}],"author":[{"embeddable":true,"href":"https:\/\/agora.xtec.cat\/iecadaques\/wp-json\/wp\/v2\/users\/48"}],"replies":[{"embeddable":true,"href":"https:\/\/agora.xtec.cat\/iecadaques\/wp-json\/wp\/v2\/comments?post=25038"}],"version-history":[{"count":1,"href":"https:\/\/agora.xtec.cat\/iecadaques\/wp-json\/wp\/v2\/posts\/25038\/revisions"}],"predecessor-version":[{"id":25044,"href":"https:\/\/agora.xtec.cat\/iecadaques\/wp-json\/wp\/v2\/posts\/25038\/revisions\/25044"}],"wp:featuredmedia":[{"embeddable":true,"href":"https:\/\/agora.xtec.cat\/iecadaques\/wp-json\/wp\/v2\/media\/25041"}],"wp:attachment":[{"href":"https:\/\/agora.xtec.cat\/iecadaques\/wp-json\/wp\/v2\/media?parent=25038"}],"wp:term":[{"taxonomy":"category","embeddable":true,"href":"https:\/\/agora.xtec.cat\/iecadaques\/wp-json\/wp\/v2\/categories?post=25038"},{"taxonomy":"post_tag","embeddable":true,"href":"https:\/\/agora.xtec.cat\/iecadaques\/wp-json\/wp\/v2\/tags?post=25038"}],"curies":[{"name":"wp","href":"https:\/\/api.w.org\/{rel}","templated":true}]}}