{"id":24865,"date":"2025-04-23T16:00:51","date_gmt":"2025-04-23T14:00:51","guid":{"rendered":"https:\/\/agora.xtec.cat\/iecadaques\/?p=24865"},"modified":"2025-04-23T14:22:07","modified_gmt":"2025-04-23T12:22:07","slug":"intercanvi-linguistic-catala-frances","status":"publish","type":"post","link":"https:\/\/agora.xtec.cat\/iecadaques\/general\/intercanvi-linguistic-catala-frances\/","title":{"rendered":"Intercanvi ling\u00fc\u00edstic catal\u00e0-franc\u00e8s"},"content":{"rendered":"<p style=\"text-align: justify;\">El passat mes de mar\u00e7 els alumnes de 2on d\u2019ESO van tornat a participar en l\u2019intercanvi ling\u00fc\u00edstic catal\u00e0-franc\u00e8s amb l\u2019institut La Garrigola de Perpiny\u00e0. Guiats pels corresponsals francesos, van visitar el centre medieval m\u00e9s antic de Perpiny\u00e0. L\u2019endem\u00e0 van continuar el viatge per a descobrir la ciutat de Carcassona, declarada Patrimoni Mundial de la Humanitat. Ara, esperem rebre els alumnes de La Garrigola a Cadaqu\u00e9s per a visitar la casa Dal\u00ed i el centre hist\u00f2ric de la vila.<\/p>\n<p><a href=\"https:\/\/agora.xtec.cat\/iecadaques\/wp-content\/uploads\/usu1969\/2025\/04\/Foto-grup-Carcassonne-1-scaled.jpg\"><img loading=\"lazy\" decoding=\"async\" class=\"alignnone size-large wp-image-24866\" src=\"https:\/\/agora.xtec.cat\/iecadaques\/wp-content\/uploads\/usu1969\/2025\/04\/Foto-grup-Carcassonne-1-1024x461.jpg\" alt=\"\" width=\"1024\" height=\"461\" srcset=\"https:\/\/agora.xtec.cat\/iecadaques\/wp-content\/uploads\/usu1969\/2025\/04\/Foto-grup-Carcassonne-1-1024x461.jpg 1024w, https:\/\/agora.xtec.cat\/iecadaques\/wp-content\/uploads\/usu1969\/2025\/04\/Foto-grup-Carcassonne-1-300x135.jpg 300w, https:\/\/agora.xtec.cat\/iecadaques\/wp-content\/uploads\/usu1969\/2025\/04\/Foto-grup-Carcassonne-1-768x346.jpg 768w, https:\/\/agora.xtec.cat\/iecadaques\/wp-content\/uploads\/usu1969\/2025\/04\/Foto-grup-Carcassonne-1-1536x691.jpg 1536w, https:\/\/agora.xtec.cat\/iecadaques\/wp-content\/uploads\/usu1969\/2025\/04\/Foto-grup-Carcassonne-1-2048x922.jpg 2048w\" sizes=\"auto, (max-width: 1024px) 100vw, 1024px\" \/><\/a><\/p>\n","protected":false},"excerpt":{"rendered":"<p>Un any m\u00e9s, l&#8217;alumnat de 2n d&#8217;ESO va participar en l&#8217;intercanvi ling\u00fc\u00edstic catal\u00e0-franc\u00e8s.&hellip;  <a href=\"https:\/\/agora.xtec.cat\/iecadaques\/general\/intercanvi-linguistic-catala-frances\/\" title=\"Read Intercanvi ling\u00fc\u00edstic catal\u00e0-franc\u00e8s\">Llegeix m\u00e9s\u00bb<\/a><\/p>\n","protected":false},"author":48,"featured_media":24866,"comment_status":"closed","ping_status":"closed","sticky":false,"template":"","format":"standard","meta":{"_bbp_topic_count":0,"_bbp_reply_count":0,"_bbp_total_topic_count":0,"_bbp_total_reply_count":0,"_bbp_voice_count":0,"_bbp_anonymous_reply_count":0,"_bbp_topic_count_hidden":0,"_bbp_reply_count_hidden":0,"_bbp_forum_subforum_count":0,"footnotes":""},"categories":[167,1,29],"tags":[277,170],"class_list":["post-24865","post","type-post","status-publish","format-standard","has-post-thumbnail","hentry","category-eso","category-general","category-portada","tag-eso","tag-llengues"],"post_mailing_queue_ids":[],"_links":{"self":[{"href":"https:\/\/agora.xtec.cat\/iecadaques\/wp-json\/wp\/v2\/posts\/24865","targetHints":{"allow":["GET"]}}],"collection":[{"href":"https:\/\/agora.xtec.cat\/iecadaques\/wp-json\/wp\/v2\/posts"}],"about":[{"href":"https:\/\/agora.xtec.cat\/iecadaques\/wp-json\/wp\/v2\/types\/post"}],"author":[{"embeddable":true,"href":"https:\/\/agora.xtec.cat\/iecadaques\/wp-json\/wp\/v2\/users\/48"}],"replies":[{"embeddable":true,"href":"https:\/\/agora.xtec.cat\/iecadaques\/wp-json\/wp\/v2\/comments?post=24865"}],"version-history":[{"count":1,"href":"https:\/\/agora.xtec.cat\/iecadaques\/wp-json\/wp\/v2\/posts\/24865\/revisions"}],"predecessor-version":[{"id":24867,"href":"https:\/\/agora.xtec.cat\/iecadaques\/wp-json\/wp\/v2\/posts\/24865\/revisions\/24867"}],"wp:featuredmedia":[{"embeddable":true,"href":"https:\/\/agora.xtec.cat\/iecadaques\/wp-json\/wp\/v2\/media\/24866"}],"wp:attachment":[{"href":"https:\/\/agora.xtec.cat\/iecadaques\/wp-json\/wp\/v2\/media?parent=24865"}],"wp:term":[{"taxonomy":"category","embeddable":true,"href":"https:\/\/agora.xtec.cat\/iecadaques\/wp-json\/wp\/v2\/categories?post=24865"},{"taxonomy":"post_tag","embeddable":true,"href":"https:\/\/agora.xtec.cat\/iecadaques\/wp-json\/wp\/v2\/tags?post=24865"}],"curies":[{"name":"wp","href":"https:\/\/api.w.org\/{rel}","templated":true}]}}