{"id":24860,"date":"2025-04-23T14:01:19","date_gmt":"2025-04-23T12:01:19","guid":{"rendered":"https:\/\/agora.xtec.cat\/iecadaques\/?p=24860"},"modified":"2025-04-23T14:01:45","modified_gmt":"2025-04-23T12:01:45","slug":"punt-de-recollida-doli-vegetal","status":"publish","type":"post","link":"https:\/\/agora.xtec.cat\/iecadaques\/general\/punt-de-recollida-doli-vegetal\/","title":{"rendered":"Punt de recollida d&#8217;oli vegetal"},"content":{"rendered":"<p style=\"text-align: justify;\"><span style=\"font-weight: 400;\">Des de la mat\u00e8ria d\u2019Emprenedoria, els alumnes de 3r d\u2019ESO estan col\u00b7laborant amb l&#8217;associaci\u00f3 VIDIA.\u00a0<\/span><\/p>\n<p style=\"text-align: justify;\"><span style=\"font-weight: 400;\">L\u2019associaci\u00f3 VIDIA es dedica a la recollida i reciclatge de l\u2019oli vegetal usat amb la finalitat de protegir el medi ambient. A m\u00e9s, facilita la integraci\u00f3 social de persones amb capacitats especials, com l\u2019Arnau i en Carlos, que son personal contractat i van venir al nostre centre per informar-nos de la necessitat de reciclar l\u2019oli usat.\u00a0<\/span><\/p>\n<p style=\"text-align: justify;\"><span style=\"font-weight: 400;\">Els alumnes de 3r van aprendre que l\u2019oli usat \u00e9s molt contaminant i que \u00e9s necessari reciclar-lo correctament per preservar el nostre entorn.\u00a0<\/span><span style=\"font-weight: 400;\">Sab\u00edeu que un litre d\u2019oli usat llen\u00e7at pels desaig\u00fces contamina 1.000 litres d\u2019aigua de mar? Els alumnes de 3r van quedar esgarrifats.\u00a0<\/span><\/p>\n<p style=\"text-align: justify;\"><span style=\"font-weight: 400;\">L\u2019oli usat que eliminem pels desaig\u00fces acaba al mar formant una capa sobre les aig\u00fces que impedeix\u00a0 el pas de la llum i aix\u00f2 provoca la mort de les plantes i els peixos. A m\u00e9s, alimenta a les paneroles i embrut les depuradores provocant la necessitat de neteges peri\u00f2diques amb una despesa econ\u00f2mica extra.<\/span><\/p>\n<p style=\"text-align: justify;\"><span style=\"font-weight: 400;\">L\u2019Arnau i en Carlos ens van explicar que amb l\u2019oli usat que reciclem es produeix biodiesel i combustible per avions. Actualment, el 17% del combustible est\u00e0 constitu\u00eft per l\u2019oli usat reciclat amb la conseg\u00fcent reducci\u00f3 de combustibles f\u00f2ssils.<\/span><\/p>\n<p style=\"text-align: justify;\"><span style=\"font-weight: 400;\">Per tot aix\u00f2, nosaltres ens vam decidir a reciclar l\u2019oli usat! Al nostre centre, a l\u2019entrada de prim\u00e0ria, trobareu un contenidor vermell on podeu abocar el vostre oli vegetal usat. L\u2019heu de depositar en una ampolla de pl\u00e0stic o un tetrabrick, mai en ampolles de vidre. No cal filtrar-lo, tot i que \u00e9s recomanable.\u00a0<\/span><\/p>\n<p style=\"text-align: justify;\"><span style=\"font-weight: 400;\">D\u2019aquesta manera, evitareu que acabi contaminant el mar i ajudareu a protegir el nostre planeta.\u00a0<\/span><\/p>\n<p style=\"text-align: justify;\"><span style=\"font-weight: 400;\">Animeu-vos a continuar participant! Un petit gest provoca grans canvis.<\/span><\/p>\n<p style=\"text-align: justify;\"><span style=\"font-weight: 400;\">Moltes gr\u00e0cies a tots i totes per fer-ho possible.<\/span><\/p>\n<p><a href=\"https:\/\/agora.xtec.cat\/iecadaques\/wp-content\/uploads\/usu1969\/2025\/04\/Imatge-23-scaled.jpg\"><img loading=\"lazy\" decoding=\"async\" class=\"wp-image-24861 aligncenter\" src=\"https:\/\/agora.xtec.cat\/iecadaques\/wp-content\/uploads\/usu1969\/2025\/04\/Imatge-23-1024x768.jpg\" alt=\"\" width=\"595\" height=\"446\" srcset=\"https:\/\/agora.xtec.cat\/iecadaques\/wp-content\/uploads\/usu1969\/2025\/04\/Imatge-23-1024x768.jpg 1024w, https:\/\/agora.xtec.cat\/iecadaques\/wp-content\/uploads\/usu1969\/2025\/04\/Imatge-23-300x225.jpg 300w, https:\/\/agora.xtec.cat\/iecadaques\/wp-content\/uploads\/usu1969\/2025\/04\/Imatge-23-768x576.jpg 768w, https:\/\/agora.xtec.cat\/iecadaques\/wp-content\/uploads\/usu1969\/2025\/04\/Imatge-23-1536x1152.jpg 1536w, https:\/\/agora.xtec.cat\/iecadaques\/wp-content\/uploads\/usu1969\/2025\/04\/Imatge-23-2048x1536.jpg 2048w, https:\/\/agora.xtec.cat\/iecadaques\/wp-content\/uploads\/usu1969\/2025\/04\/Imatge-23-200x150.jpg 200w\" sizes=\"auto, (max-width: 595px) 100vw, 595px\" \/><\/a> <a href=\"https:\/\/agora.xtec.cat\/iecadaques\/wp-content\/uploads\/usu1969\/2025\/04\/IMG_4288-scaled.jpg\"><img loading=\"lazy\" decoding=\"async\" class=\" wp-image-24862 aligncenter\" src=\"https:\/\/agora.xtec.cat\/iecadaques\/wp-content\/uploads\/usu1969\/2025\/04\/IMG_4288-1024x569.jpg\" alt=\"\" width=\"597\" height=\"332\" srcset=\"https:\/\/agora.xtec.cat\/iecadaques\/wp-content\/uploads\/usu1969\/2025\/04\/IMG_4288-1024x569.jpg 1024w, https:\/\/agora.xtec.cat\/iecadaques\/wp-content\/uploads\/usu1969\/2025\/04\/IMG_4288-300x167.jpg 300w, https:\/\/agora.xtec.cat\/iecadaques\/wp-content\/uploads\/usu1969\/2025\/04\/IMG_4288-768x427.jpg 768w, https:\/\/agora.xtec.cat\/iecadaques\/wp-content\/uploads\/usu1969\/2025\/04\/IMG_4288-1536x853.jpg 1536w, https:\/\/agora.xtec.cat\/iecadaques\/wp-content\/uploads\/usu1969\/2025\/04\/IMG_4288-2048x1138.jpg 2048w\" sizes=\"auto, (max-width: 597px) 100vw, 597px\" \/><\/a> <a href=\"https:\/\/agora.xtec.cat\/iecadaques\/wp-content\/uploads\/usu1969\/2025\/04\/3769d37f-1ec0-417e-a0d6-3b8333fb8431.jpg\"><img loading=\"lazy\" decoding=\"async\" class=\" wp-image-24863 aligncenter\" src=\"https:\/\/agora.xtec.cat\/iecadaques\/wp-content\/uploads\/usu1969\/2025\/04\/3769d37f-1ec0-417e-a0d6-3b8333fb8431-470x1024.jpg\" alt=\"\" width=\"411\" height=\"895\" srcset=\"https:\/\/agora.xtec.cat\/iecadaques\/wp-content\/uploads\/usu1969\/2025\/04\/3769d37f-1ec0-417e-a0d6-3b8333fb8431-470x1024.jpg 470w, https:\/\/agora.xtec.cat\/iecadaques\/wp-content\/uploads\/usu1969\/2025\/04\/3769d37f-1ec0-417e-a0d6-3b8333fb8431-138x300.jpg 138w, https:\/\/agora.xtec.cat\/iecadaques\/wp-content\/uploads\/usu1969\/2025\/04\/3769d37f-1ec0-417e-a0d6-3b8333fb8431.jpg 655w\" sizes=\"auto, (max-width: 411px) 100vw, 411px\" \/><\/a><\/p>\n","protected":false},"excerpt":{"rendered":"<p>Els alumnes de 3r d&#8217;ESO col\u00b7laboren amb l&#8217;associaci\u00f3 VIDIA en un projecte de recollida d&#8217;oli vegetal.&hellip;  <a href=\"https:\/\/agora.xtec.cat\/iecadaques\/general\/punt-de-recollida-doli-vegetal\/\" title=\"Read Punt de recollida d&#8217;oli vegetal\">Llegeix m\u00e9s\u00bb<\/a><\/p>\n","protected":false},"author":48,"featured_media":24863,"comment_status":"closed","ping_status":"closed","sticky":false,"template":"","format":"standard","meta":{"_bbp_topic_count":0,"_bbp_reply_count":0,"_bbp_total_topic_count":0,"_bbp_total_reply_count":0,"_bbp_voice_count":0,"_bbp_anonymous_reply_count":0,"_bbp_topic_count_hidden":0,"_bbp_reply_count_hidden":0,"_bbp_forum_subforum_count":0,"footnotes":""},"categories":[167,1,29],"tags":[277],"class_list":["post-24860","post","type-post","status-publish","format-standard","has-post-thumbnail","hentry","category-eso","category-general","category-portada","tag-eso"],"post_mailing_queue_ids":[],"_links":{"self":[{"href":"https:\/\/agora.xtec.cat\/iecadaques\/wp-json\/wp\/v2\/posts\/24860","targetHints":{"allow":["GET"]}}],"collection":[{"href":"https:\/\/agora.xtec.cat\/iecadaques\/wp-json\/wp\/v2\/posts"}],"about":[{"href":"https:\/\/agora.xtec.cat\/iecadaques\/wp-json\/wp\/v2\/types\/post"}],"author":[{"embeddable":true,"href":"https:\/\/agora.xtec.cat\/iecadaques\/wp-json\/wp\/v2\/users\/48"}],"replies":[{"embeddable":true,"href":"https:\/\/agora.xtec.cat\/iecadaques\/wp-json\/wp\/v2\/comments?post=24860"}],"version-history":[{"count":1,"href":"https:\/\/agora.xtec.cat\/iecadaques\/wp-json\/wp\/v2\/posts\/24860\/revisions"}],"predecessor-version":[{"id":24864,"href":"https:\/\/agora.xtec.cat\/iecadaques\/wp-json\/wp\/v2\/posts\/24860\/revisions\/24864"}],"wp:featuredmedia":[{"embeddable":true,"href":"https:\/\/agora.xtec.cat\/iecadaques\/wp-json\/wp\/v2\/media\/24863"}],"wp:attachment":[{"href":"https:\/\/agora.xtec.cat\/iecadaques\/wp-json\/wp\/v2\/media?parent=24860"}],"wp:term":[{"taxonomy":"category","embeddable":true,"href":"https:\/\/agora.xtec.cat\/iecadaques\/wp-json\/wp\/v2\/categories?post=24860"},{"taxonomy":"post_tag","embeddable":true,"href":"https:\/\/agora.xtec.cat\/iecadaques\/wp-json\/wp\/v2\/tags?post=24860"}],"curies":[{"name":"wp","href":"https:\/\/api.w.org\/{rel}","templated":true}]}}