{"id":24805,"date":"2025-04-04T16:11:26","date_gmt":"2025-04-04T14:11:26","guid":{"rendered":"https:\/\/agora.xtec.cat\/iecadaques\/?p=24805"},"modified":"2025-04-04T16:12:06","modified_gmt":"2025-04-04T14:12:06","slug":"participem-al-certamen-de-lectura-en-veu-alta","status":"publish","type":"post","link":"https:\/\/agora.xtec.cat\/iecadaques\/general\/participem-al-certamen-de-lectura-en-veu-alta\/","title":{"rendered":"Participem al Certamen de Lectura en Veu Alta"},"content":{"rendered":"<p style=\"text-align: justify;\">Aquest curs tamb\u00e9 hem participat al Certamen de Lectura en Veu Alta en diverses categories.<br \/>\nHan representat el nostre centre: l&#8217;Angela Naj-Oleari de 4t de prim\u00e0ria, la Isona Noguer de 6\u00e8 de prim\u00e0ria i la Maia Prudkin, la Nami Morote i la Vict\u00f2ria Torrez de 4t d&#8217;ESO.<br \/>\nDes de l&#8217;IE les felicitem i els agra\u00efm molt la seva participaci\u00f3!<br \/>\nDesitgem molta sort a l&#8217;Angela que s&#8217;ha classificat per llegir a la final!!!<\/p>\n<p><a href=\"https:\/\/agora.xtec.cat\/iecadaques\/wp-content\/uploads\/usu1969\/2025\/04\/certamen-lectura-3.jpeg\"><img loading=\"lazy\" decoding=\"async\" class=\" wp-image-24806 aligncenter\" src=\"https:\/\/agora.xtec.cat\/iecadaques\/wp-content\/uploads\/usu1969\/2025\/04\/certamen-lectura-3-404x1024.jpeg\" alt=\"\" width=\"275\" height=\"697\" srcset=\"https:\/\/agora.xtec.cat\/iecadaques\/wp-content\/uploads\/usu1969\/2025\/04\/certamen-lectura-3-404x1024.jpeg 404w, https:\/\/agora.xtec.cat\/iecadaques\/wp-content\/uploads\/usu1969\/2025\/04\/certamen-lectura-3-118x300.jpeg 118w, https:\/\/agora.xtec.cat\/iecadaques\/wp-content\/uploads\/usu1969\/2025\/04\/certamen-lectura-3.jpeg 508w\" sizes=\"auto, (max-width: 275px) 100vw, 275px\" \/><\/a> <a href=\"https:\/\/agora.xtec.cat\/iecadaques\/wp-content\/uploads\/usu1969\/2025\/04\/certamen-lectura.jpeg\"><img loading=\"lazy\" decoding=\"async\" class=\"wp-image-24807 aligncenter\" src=\"https:\/\/agora.xtec.cat\/iecadaques\/wp-content\/uploads\/usu1969\/2025\/04\/certamen-lectura-669x1024.jpeg\" alt=\"\" width=\"375\" height=\"574\" srcset=\"https:\/\/agora.xtec.cat\/iecadaques\/wp-content\/uploads\/usu1969\/2025\/04\/certamen-lectura-669x1024.jpeg 669w, https:\/\/agora.xtec.cat\/iecadaques\/wp-content\/uploads\/usu1969\/2025\/04\/certamen-lectura-196x300.jpeg 196w, https:\/\/agora.xtec.cat\/iecadaques\/wp-content\/uploads\/usu1969\/2025\/04\/certamen-lectura-768x1175.jpeg 768w, https:\/\/agora.xtec.cat\/iecadaques\/wp-content\/uploads\/usu1969\/2025\/04\/certamen-lectura-1004x1536.jpeg 1004w, https:\/\/agora.xtec.cat\/iecadaques\/wp-content\/uploads\/usu1969\/2025\/04\/certamen-lectura.jpeg 1080w\" sizes=\"auto, (max-width: 375px) 100vw, 375px\" \/><\/a> <a href=\"https:\/\/agora.xtec.cat\/iecadaques\/wp-content\/uploads\/usu1969\/2025\/04\/certamen-lectura-2.jpeg\"><img loading=\"lazy\" decoding=\"async\" class=\" wp-image-24808 aligncenter\" src=\"https:\/\/agora.xtec.cat\/iecadaques\/wp-content\/uploads\/usu1969\/2025\/04\/certamen-lectura-2-609x1024.jpeg\" alt=\"\" width=\"400\" height=\"672\" srcset=\"https:\/\/agora.xtec.cat\/iecadaques\/wp-content\/uploads\/usu1969\/2025\/04\/certamen-lectura-2-609x1024.jpeg 609w, https:\/\/agora.xtec.cat\/iecadaques\/wp-content\/uploads\/usu1969\/2025\/04\/certamen-lectura-2-178x300.jpeg 178w, https:\/\/agora.xtec.cat\/iecadaques\/wp-content\/uploads\/usu1969\/2025\/04\/certamen-lectura-2-768x1292.jpeg 768w, https:\/\/agora.xtec.cat\/iecadaques\/wp-content\/uploads\/usu1969\/2025\/04\/certamen-lectura-2-913x1536.jpeg 913w, https:\/\/agora.xtec.cat\/iecadaques\/wp-content\/uploads\/usu1969\/2025\/04\/certamen-lectura-2.jpeg 1217w\" sizes=\"auto, (max-width: 400px) 100vw, 400px\" \/><\/a><\/p>\n","protected":false},"excerpt":{"rendered":"<p>Diverses alumnes del centre representen l&#8217;IE al Certament de Lectura en Veu Alta.&hellip;  <a href=\"https:\/\/agora.xtec.cat\/iecadaques\/general\/participem-al-certamen-de-lectura-en-veu-alta\/\" title=\"Read Participem al Certamen de Lectura en Veu Alta\">Llegeix m\u00e9s\u00bb<\/a><\/p>\n","protected":false},"author":48,"featured_media":24810,"comment_status":"closed","ping_status":"closed","sticky":false,"template":"","format":"standard","meta":{"_bbp_topic_count":0,"_bbp_reply_count":0,"_bbp_total_topic_count":0,"_bbp_total_reply_count":0,"_bbp_voice_count":0,"_bbp_anonymous_reply_count":0,"_bbp_topic_count_hidden":0,"_bbp_reply_count_hidden":0,"_bbp_forum_subforum_count":0,"footnotes":""},"categories":[212,1,29],"tags":[],"class_list":["post-24805","post","type-post","status-publish","format-standard","has-post-thumbnail","hentry","category-lva","category-general","category-portada"],"post_mailing_queue_ids":[],"_links":{"self":[{"href":"https:\/\/agora.xtec.cat\/iecadaques\/wp-json\/wp\/v2\/posts\/24805","targetHints":{"allow":["GET"]}}],"collection":[{"href":"https:\/\/agora.xtec.cat\/iecadaques\/wp-json\/wp\/v2\/posts"}],"about":[{"href":"https:\/\/agora.xtec.cat\/iecadaques\/wp-json\/wp\/v2\/types\/post"}],"author":[{"embeddable":true,"href":"https:\/\/agora.xtec.cat\/iecadaques\/wp-json\/wp\/v2\/users\/48"}],"replies":[{"embeddable":true,"href":"https:\/\/agora.xtec.cat\/iecadaques\/wp-json\/wp\/v2\/comments?post=24805"}],"version-history":[{"count":1,"href":"https:\/\/agora.xtec.cat\/iecadaques\/wp-json\/wp\/v2\/posts\/24805\/revisions"}],"predecessor-version":[{"id":24809,"href":"https:\/\/agora.xtec.cat\/iecadaques\/wp-json\/wp\/v2\/posts\/24805\/revisions\/24809"}],"wp:featuredmedia":[{"embeddable":true,"href":"https:\/\/agora.xtec.cat\/iecadaques\/wp-json\/wp\/v2\/media\/24810"}],"wp:attachment":[{"href":"https:\/\/agora.xtec.cat\/iecadaques\/wp-json\/wp\/v2\/media?parent=24805"}],"wp:term":[{"taxonomy":"category","embeddable":true,"href":"https:\/\/agora.xtec.cat\/iecadaques\/wp-json\/wp\/v2\/categories?post=24805"},{"taxonomy":"post_tag","embeddable":true,"href":"https:\/\/agora.xtec.cat\/iecadaques\/wp-json\/wp\/v2\/tags?post=24805"}],"curies":[{"name":"wp","href":"https:\/\/api.w.org\/{rel}","templated":true}]}}