{"id":24788,"date":"2025-03-24T09:01:01","date_gmt":"2025-03-24T08:01:01","guid":{"rendered":"https:\/\/agora.xtec.cat\/iecadaques\/?p=24788"},"modified":"2025-03-23T20:12:30","modified_gmt":"2025-03-23T19:12:30","slug":"ens-representen-lobra-de-teatre-the-mermaid","status":"publish","type":"post","link":"https:\/\/agora.xtec.cat\/iecadaques\/general\/ens-representen-lobra-de-teatre-the-mermaid\/","title":{"rendered":"Ens representen l&#8217;obra de teatre &#8220;The Mermaid&#8221;"},"content":{"rendered":"<p>Fa uns dies els nens i les nenes d&#8217;infantil i primer de prim\u00e0ria vam poder gaudir de la representaci\u00f3 de l&#8217;obra de teatre &#8220;The Mermaid&#8221;. Va ser tot un \u00e8xit!<\/p>\n<p><a href=\"https:\/\/agora.xtec.cat\/iecadaques\/wp-content\/uploads\/usu1969\/2025\/03\/mermaid1.jpeg\"><img loading=\"lazy\" decoding=\"async\" class=\"wp-image-24789 aligncenter\" src=\"https:\/\/agora.xtec.cat\/iecadaques\/wp-content\/uploads\/usu1969\/2025\/03\/mermaid1-768x1024.jpeg\" alt=\"\" width=\"425\" height=\"567\" srcset=\"https:\/\/agora.xtec.cat\/iecadaques\/wp-content\/uploads\/usu1969\/2025\/03\/mermaid1-768x1024.jpeg 768w, https:\/\/agora.xtec.cat\/iecadaques\/wp-content\/uploads\/usu1969\/2025\/03\/mermaid1-225x300.jpeg 225w, https:\/\/agora.xtec.cat\/iecadaques\/wp-content\/uploads\/usu1969\/2025\/03\/mermaid1-1152x1536.jpeg 1152w, https:\/\/agora.xtec.cat\/iecadaques\/wp-content\/uploads\/usu1969\/2025\/03\/mermaid1.jpeg 1530w\" sizes=\"auto, (max-width: 425px) 100vw, 425px\" \/><\/a> <a href=\"https:\/\/agora.xtec.cat\/iecadaques\/wp-content\/uploads\/usu1969\/2025\/03\/mermaid2.jpeg\"><img loading=\"lazy\" decoding=\"async\" class=\"wp-image-24790 aligncenter\" src=\"https:\/\/agora.xtec.cat\/iecadaques\/wp-content\/uploads\/usu1969\/2025\/03\/mermaid2-768x1024.jpeg\" alt=\"\" width=\"440\" height=\"587\" srcset=\"https:\/\/agora.xtec.cat\/iecadaques\/wp-content\/uploads\/usu1969\/2025\/03\/mermaid2-768x1024.jpeg 768w, https:\/\/agora.xtec.cat\/iecadaques\/wp-content\/uploads\/usu1969\/2025\/03\/mermaid2-225x300.jpeg 225w, https:\/\/agora.xtec.cat\/iecadaques\/wp-content\/uploads\/usu1969\/2025\/03\/mermaid2-1152x1536.jpeg 1152w, https:\/\/agora.xtec.cat\/iecadaques\/wp-content\/uploads\/usu1969\/2025\/03\/mermaid2.jpeg 1530w\" sizes=\"auto, (max-width: 440px) 100vw, 440px\" \/><\/a><\/p>\n","protected":false},"excerpt":{"rendered":"<p>Fa uns dies els nens i les nenes d&#8217;infantil i primer de prim\u00e0ria vam poder gaudir de la representaci\u00f3 de l&#8217;obra de teatre &#8220;The Mermaid&#8221;.&hellip;  <a href=\"https:\/\/agora.xtec.cat\/iecadaques\/general\/ens-representen-lobra-de-teatre-the-mermaid\/\" title=\"Read Ens representen l&#8217;obra de teatre &#8220;The Mermaid&#8221;\">Llegeix m\u00e9s\u00bb<\/a><\/p>\n","protected":false},"author":48,"featured_media":24790,"comment_status":"closed","ping_status":"closed","sticky":false,"template":"","format":"standard","meta":{"_bbp_topic_count":0,"_bbp_reply_count":0,"_bbp_total_topic_count":0,"_bbp_total_reply_count":0,"_bbp_voice_count":0,"_bbp_anonymous_reply_count":0,"_bbp_topic_count_hidden":0,"_bbp_reply_count_hidden":0,"_bbp_forum_subforum_count":0,"footnotes":""},"categories":[157,1,169,29],"tags":[],"class_list":["post-24788","post","type-post","status-publish","format-standard","has-post-thumbnail","hentry","category-ci","category-general","category-ei","category-portada"],"post_mailing_queue_ids":[],"_links":{"self":[{"href":"https:\/\/agora.xtec.cat\/iecadaques\/wp-json\/wp\/v2\/posts\/24788","targetHints":{"allow":["GET"]}}],"collection":[{"href":"https:\/\/agora.xtec.cat\/iecadaques\/wp-json\/wp\/v2\/posts"}],"about":[{"href":"https:\/\/agora.xtec.cat\/iecadaques\/wp-json\/wp\/v2\/types\/post"}],"author":[{"embeddable":true,"href":"https:\/\/agora.xtec.cat\/iecadaques\/wp-json\/wp\/v2\/users\/48"}],"replies":[{"embeddable":true,"href":"https:\/\/agora.xtec.cat\/iecadaques\/wp-json\/wp\/v2\/comments?post=24788"}],"version-history":[{"count":1,"href":"https:\/\/agora.xtec.cat\/iecadaques\/wp-json\/wp\/v2\/posts\/24788\/revisions"}],"predecessor-version":[{"id":24791,"href":"https:\/\/agora.xtec.cat\/iecadaques\/wp-json\/wp\/v2\/posts\/24788\/revisions\/24791"}],"wp:featuredmedia":[{"embeddable":true,"href":"https:\/\/agora.xtec.cat\/iecadaques\/wp-json\/wp\/v2\/media\/24790"}],"wp:attachment":[{"href":"https:\/\/agora.xtec.cat\/iecadaques\/wp-json\/wp\/v2\/media?parent=24788"}],"wp:term":[{"taxonomy":"category","embeddable":true,"href":"https:\/\/agora.xtec.cat\/iecadaques\/wp-json\/wp\/v2\/categories?post=24788"},{"taxonomy":"post_tag","embeddable":true,"href":"https:\/\/agora.xtec.cat\/iecadaques\/wp-json\/wp\/v2\/tags?post=24788"}],"curies":[{"name":"wp","href":"https:\/\/api.w.org\/{rel}","templated":true}]}}