{"id":24772,"date":"2025-03-10T11:02:01","date_gmt":"2025-03-10T10:02:01","guid":{"rendered":"https:\/\/agora.xtec.cat\/iecadaques\/?p=24772"},"modified":"2025-03-10T11:02:01","modified_gmt":"2025-03-10T10:02:01","slug":"carnestoltes-a-lhospital","status":"publish","type":"post","link":"https:\/\/agora.xtec.cat\/iecadaques\/general\/carnestoltes-a-lhospital\/","title":{"rendered":"CARNESTOLTES A L\u2019HOSPITAL!"},"content":{"rendered":"<p>El dimecres 26 de febrer, els alumnes de 3r d\u2019ESO que participen en el projecte de Grans Moments van visitar els residents de L\u2019Hospital per celebrar tots plegats el carnestoltes. Vam disfressar-nos per acompanyar-los a la sortida setmanal pel poble i despr\u00e9s, de tornada a L\u2019Hospital, vam jugar, ballar, cantar, i sobretot, vam riure molt. Ens ho vam passar d\u2019all\u00f2 m\u00e9s b\u00e9. Mireu aquestes fotos tan divertides i plenes d\u2019alegria. Moltes gr\u00e0cies a tots i totes per fer-ho\u00a0possible!<\/p>\n<p><img loading=\"lazy\" decoding=\"async\" class=\"alignnone size-large wp-image-24773\" src=\"https:\/\/agora.xtec.cat\/iecadaques\/wp-content\/uploads\/usu1969\/2025\/03\/PHOTO-2025-02-26-19-08-53-1024x460.jpg\" alt=\"\" width=\"1024\" height=\"460\" srcset=\"https:\/\/agora.xtec.cat\/iecadaques\/wp-content\/uploads\/usu1969\/2025\/03\/PHOTO-2025-02-26-19-08-53-1024x460.jpg 1024w, https:\/\/agora.xtec.cat\/iecadaques\/wp-content\/uploads\/usu1969\/2025\/03\/PHOTO-2025-02-26-19-08-53-300x135.jpg 300w, https:\/\/agora.xtec.cat\/iecadaques\/wp-content\/uploads\/usu1969\/2025\/03\/PHOTO-2025-02-26-19-08-53-768x345.jpg 768w, https:\/\/agora.xtec.cat\/iecadaques\/wp-content\/uploads\/usu1969\/2025\/03\/PHOTO-2025-02-26-19-08-53-1536x690.jpg 1536w, https:\/\/agora.xtec.cat\/iecadaques\/wp-content\/uploads\/usu1969\/2025\/03\/PHOTO-2025-02-26-19-08-53.jpg 1600w\" sizes=\"auto, (max-width: 1024px) 100vw, 1024px\" \/> <img loading=\"lazy\" decoding=\"async\" class=\"alignnone size-large wp-image-24774\" src=\"https:\/\/agora.xtec.cat\/iecadaques\/wp-content\/uploads\/usu1969\/2025\/03\/PHOTO-2025-02-26-19-08-29-1024x461.jpg\" alt=\"\" width=\"1024\" height=\"461\" srcset=\"https:\/\/agora.xtec.cat\/iecadaques\/wp-content\/uploads\/usu1969\/2025\/03\/PHOTO-2025-02-26-19-08-29-1024x461.jpg 1024w, https:\/\/agora.xtec.cat\/iecadaques\/wp-content\/uploads\/usu1969\/2025\/03\/PHOTO-2025-02-26-19-08-29-300x135.jpg 300w, https:\/\/agora.xtec.cat\/iecadaques\/wp-content\/uploads\/usu1969\/2025\/03\/PHOTO-2025-02-26-19-08-29-768x346.jpg 768w, https:\/\/agora.xtec.cat\/iecadaques\/wp-content\/uploads\/usu1969\/2025\/03\/PHOTO-2025-02-26-19-08-29-1536x691.jpg 1536w, https:\/\/agora.xtec.cat\/iecadaques\/wp-content\/uploads\/usu1969\/2025\/03\/PHOTO-2025-02-26-19-08-29.jpg 1600w\" sizes=\"auto, (max-width: 1024px) 100vw, 1024px\" \/> <img loading=\"lazy\" decoding=\"async\" class=\"alignnone size-large wp-image-24775\" src=\"https:\/\/agora.xtec.cat\/iecadaques\/wp-content\/uploads\/usu1969\/2025\/03\/PHOTO-2025-02-26-13-42-44-2-1024x473.jpg\" alt=\"\" width=\"1024\" height=\"473\" srcset=\"https:\/\/agora.xtec.cat\/iecadaques\/wp-content\/uploads\/usu1969\/2025\/03\/PHOTO-2025-02-26-13-42-44-2-1024x473.jpg 1024w, https:\/\/agora.xtec.cat\/iecadaques\/wp-content\/uploads\/usu1969\/2025\/03\/PHOTO-2025-02-26-13-42-44-2-300x138.jpg 300w, https:\/\/agora.xtec.cat\/iecadaques\/wp-content\/uploads\/usu1969\/2025\/03\/PHOTO-2025-02-26-13-42-44-2-768x354.jpg 768w, https:\/\/agora.xtec.cat\/iecadaques\/wp-content\/uploads\/usu1969\/2025\/03\/PHOTO-2025-02-26-13-42-44-2-1536x709.jpg 1536w, https:\/\/agora.xtec.cat\/iecadaques\/wp-content\/uploads\/usu1969\/2025\/03\/PHOTO-2025-02-26-13-42-44-2.jpg 2048w\" sizes=\"auto, (max-width: 1024px) 100vw, 1024px\" \/> <img loading=\"lazy\" decoding=\"async\" class=\"alignnone size-large wp-image-24776\" src=\"https:\/\/agora.xtec.cat\/iecadaques\/wp-content\/uploads\/usu1969\/2025\/03\/PHOTO-2025-02-26-13-41-20-3-1024x768.jpg\" alt=\"\" width=\"1024\" height=\"768\" srcset=\"https:\/\/agora.xtec.cat\/iecadaques\/wp-content\/uploads\/usu1969\/2025\/03\/PHOTO-2025-02-26-13-41-20-3-1024x768.jpg 1024w, https:\/\/agora.xtec.cat\/iecadaques\/wp-content\/uploads\/usu1969\/2025\/03\/PHOTO-2025-02-26-13-41-20-3-300x225.jpg 300w, https:\/\/agora.xtec.cat\/iecadaques\/wp-content\/uploads\/usu1969\/2025\/03\/PHOTO-2025-02-26-13-41-20-3-768x576.jpg 768w, https:\/\/agora.xtec.cat\/iecadaques\/wp-content\/uploads\/usu1969\/2025\/03\/PHOTO-2025-02-26-13-41-20-3-1536x1152.jpg 1536w, https:\/\/agora.xtec.cat\/iecadaques\/wp-content\/uploads\/usu1969\/2025\/03\/PHOTO-2025-02-26-13-41-20-3-200x150.jpg 200w, https:\/\/agora.xtec.cat\/iecadaques\/wp-content\/uploads\/usu1969\/2025\/03\/PHOTO-2025-02-26-13-41-20-3.jpg 2040w\" sizes=\"auto, (max-width: 1024px) 100vw, 1024px\" \/><\/p>\n","protected":false},"excerpt":{"rendered":"<p>El dimecres 26 de febrer, els alumnes de 3r d\u2019ESO que participen en el projecte de Grans Moments van visitar els residents de L\u2019Hospital per celebrar tots plegats el carnestoltes. Vam disfressar-nos per acompanyar-los a la sortida setmanal pel poble i despr\u00e9s, de tornada a&hellip;  <a href=\"https:\/\/agora.xtec.cat\/iecadaques\/general\/carnestoltes-a-lhospital\/\" title=\"Read CARNESTOLTES A L\u2019HOSPITAL!\">Llegeix m\u00e9s\u00bb<\/a><\/p>\n","protected":false},"author":26,"featured_media":24776,"comment_status":"closed","ping_status":"closed","sticky":false,"template":"","format":"standard","meta":{"_bbp_topic_count":0,"_bbp_reply_count":0,"_bbp_total_topic_count":0,"_bbp_total_reply_count":0,"_bbp_voice_count":0,"_bbp_anonymous_reply_count":0,"_bbp_topic_count_hidden":0,"_bbp_reply_count_hidden":0,"_bbp_forum_subforum_count":0,"footnotes":""},"categories":[167,1,29],"tags":[],"class_list":["post-24772","post","type-post","status-publish","format-standard","has-post-thumbnail","hentry","category-eso","category-general","category-portada"],"post_mailing_queue_ids":[],"_links":{"self":[{"href":"https:\/\/agora.xtec.cat\/iecadaques\/wp-json\/wp\/v2\/posts\/24772","targetHints":{"allow":["GET"]}}],"collection":[{"href":"https:\/\/agora.xtec.cat\/iecadaques\/wp-json\/wp\/v2\/posts"}],"about":[{"href":"https:\/\/agora.xtec.cat\/iecadaques\/wp-json\/wp\/v2\/types\/post"}],"author":[{"embeddable":true,"href":"https:\/\/agora.xtec.cat\/iecadaques\/wp-json\/wp\/v2\/users\/26"}],"replies":[{"embeddable":true,"href":"https:\/\/agora.xtec.cat\/iecadaques\/wp-json\/wp\/v2\/comments?post=24772"}],"version-history":[{"count":1,"href":"https:\/\/agora.xtec.cat\/iecadaques\/wp-json\/wp\/v2\/posts\/24772\/revisions"}],"predecessor-version":[{"id":24777,"href":"https:\/\/agora.xtec.cat\/iecadaques\/wp-json\/wp\/v2\/posts\/24772\/revisions\/24777"}],"wp:featuredmedia":[{"embeddable":true,"href":"https:\/\/agora.xtec.cat\/iecadaques\/wp-json\/wp\/v2\/media\/24776"}],"wp:attachment":[{"href":"https:\/\/agora.xtec.cat\/iecadaques\/wp-json\/wp\/v2\/media?parent=24772"}],"wp:term":[{"taxonomy":"category","embeddable":true,"href":"https:\/\/agora.xtec.cat\/iecadaques\/wp-json\/wp\/v2\/categories?post=24772"},{"taxonomy":"post_tag","embeddable":true,"href":"https:\/\/agora.xtec.cat\/iecadaques\/wp-json\/wp\/v2\/tags?post=24772"}],"curies":[{"name":"wp","href":"https:\/\/api.w.org\/{rel}","templated":true}]}}