{"id":24751,"date":"2025-02-21T08:06:41","date_gmt":"2025-02-21T07:06:41","guid":{"rendered":"https:\/\/agora.xtec.cat\/iecadaques\/?p=24751"},"modified":"2025-02-21T08:06:41","modified_gmt":"2025-02-21T07:06:41","slug":"preinscripcio-escolar-2025-2026","status":"publish","type":"post","link":"https:\/\/agora.xtec.cat\/iecadaques\/general\/preinscripcio-escolar-2025-2026\/","title":{"rendered":"Preinscripci\u00f3 escolar 2025-2026"},"content":{"rendered":"<p data-pm-slice=\"1 1 []\">Us informem que del 12 al 26 de mar\u00e7 es podr\u00e0 realitzar la preinscripci\u00f3 del segon cicle d&#8217;infantil i prim\u00e0ria.<\/p>\n<p>D&#8217;altra banda, la preinscripci\u00f3 per a alumnat nou de secund\u00e0ria s&#8217;iniciar\u00e0 el 14 de mar\u00e7 i s&#8217;acabar\u00e0 el 26 de mar\u00e7.<\/p>\n<p>ATENCI\u00d3: l&#8217;alumnat que est\u00e0 cursant prim\u00e0ria al nostre centre, pel fet de ser institut escola, no cal que faci la preinscripci\u00f3 per a cursar l&#8217;ESO.<\/p>\n<p>Si teniu dubtes referents a la preinscripci\u00f3 escolar us podeu adre\u00e7ar a l&#8217;administraci\u00f3 del centre.<\/p>\n<p><img loading=\"lazy\" decoding=\"async\" class=\"alignnone size-full wp-image-24752\" src=\"https:\/\/agora.xtec.cat\/iecadaques\/wp-content\/uploads\/usu1969\/2025\/02\/GENE_CONSTRUIM-FUTURS_BANNER_832x468_V03_Text.jpg\" alt=\"\" width=\"833\" height=\"469\" srcset=\"https:\/\/agora.xtec.cat\/iecadaques\/wp-content\/uploads\/usu1969\/2025\/02\/GENE_CONSTRUIM-FUTURS_BANNER_832x468_V03_Text.jpg 833w, https:\/\/agora.xtec.cat\/iecadaques\/wp-content\/uploads\/usu1969\/2025\/02\/GENE_CONSTRUIM-FUTURS_BANNER_832x468_V03_Text-300x169.jpg 300w, https:\/\/agora.xtec.cat\/iecadaques\/wp-content\/uploads\/usu1969\/2025\/02\/GENE_CONSTRUIM-FUTURS_BANNER_832x468_V03_Text-768x432.jpg 768w\" sizes=\"auto, (max-width: 833px) 100vw, 833px\" \/><\/p>\n<p>&nbsp;<\/p>\n<p>&nbsp;<\/p>\n","protected":false},"excerpt":{"rendered":"<p>Us informem que del 12 al 26 de mar\u00e7 es podr\u00e0 realitzar la preinscripci\u00f3 del segon cicle d&#8217;infantil i prim\u00e0ria.<br \/>\nD&#8217;altra banda, la preinscripci\u00f3 per a alumnat nou de secund\u00e0ria s&#8217;iniciar\u00e0 el 14 de mar\u00e7 i s&#8217;acabar\u00e0 el 26 de mar\u00e7.<br \/>\nATENCI\u00d3: l&#8217;alumnat que est\u00e0 cursant prim\u00e0ria&hellip;  <a href=\"https:\/\/agora.xtec.cat\/iecadaques\/general\/preinscripcio-escolar-2025-2026\/\" title=\"Read Preinscripci\u00f3 escolar 2025-2026\">Llegeix m\u00e9s\u00bb<\/a><\/p>\n","protected":false},"author":26,"featured_media":24752,"comment_status":"closed","ping_status":"closed","sticky":false,"template":"","format":"standard","meta":{"_bbp_topic_count":0,"_bbp_reply_count":0,"_bbp_total_topic_count":0,"_bbp_total_reply_count":0,"_bbp_voice_count":0,"_bbp_anonymous_reply_count":0,"_bbp_topic_count_hidden":0,"_bbp_reply_count_hidden":0,"_bbp_forum_subforum_count":0,"footnotes":""},"categories":[157,167,1,169,29],"tags":[],"class_list":["post-24751","post","type-post","status-publish","format-standard","has-post-thumbnail","hentry","category-ci","category-eso","category-general","category-ei","category-portada"],"post_mailing_queue_ids":[],"_links":{"self":[{"href":"https:\/\/agora.xtec.cat\/iecadaques\/wp-json\/wp\/v2\/posts\/24751","targetHints":{"allow":["GET"]}}],"collection":[{"href":"https:\/\/agora.xtec.cat\/iecadaques\/wp-json\/wp\/v2\/posts"}],"about":[{"href":"https:\/\/agora.xtec.cat\/iecadaques\/wp-json\/wp\/v2\/types\/post"}],"author":[{"embeddable":true,"href":"https:\/\/agora.xtec.cat\/iecadaques\/wp-json\/wp\/v2\/users\/26"}],"replies":[{"embeddable":true,"href":"https:\/\/agora.xtec.cat\/iecadaques\/wp-json\/wp\/v2\/comments?post=24751"}],"version-history":[{"count":1,"href":"https:\/\/agora.xtec.cat\/iecadaques\/wp-json\/wp\/v2\/posts\/24751\/revisions"}],"predecessor-version":[{"id":24753,"href":"https:\/\/agora.xtec.cat\/iecadaques\/wp-json\/wp\/v2\/posts\/24751\/revisions\/24753"}],"wp:featuredmedia":[{"embeddable":true,"href":"https:\/\/agora.xtec.cat\/iecadaques\/wp-json\/wp\/v2\/media\/24752"}],"wp:attachment":[{"href":"https:\/\/agora.xtec.cat\/iecadaques\/wp-json\/wp\/v2\/media?parent=24751"}],"wp:term":[{"taxonomy":"category","embeddable":true,"href":"https:\/\/agora.xtec.cat\/iecadaques\/wp-json\/wp\/v2\/categories?post=24751"},{"taxonomy":"post_tag","embeddable":true,"href":"https:\/\/agora.xtec.cat\/iecadaques\/wp-json\/wp\/v2\/tags?post=24751"}],"curies":[{"name":"wp","href":"https:\/\/api.w.org\/{rel}","templated":true}]}}