{"id":24684,"date":"2024-12-17T11:51:47","date_gmt":"2024-12-17T10:51:47","guid":{"rendered":"https:\/\/agora.xtec.cat\/iecadaques\/?p=24684"},"modified":"2024-12-17T11:51:47","modified_gmt":"2024-12-17T10:51:47","slug":"exposicio-de-kyoto","status":"publish","type":"post","link":"https:\/\/agora.xtec.cat\/iecadaques\/general\/exposicio-de-kyoto\/","title":{"rendered":"Exposici\u00f3 de Kyoto"},"content":{"rendered":"<p>L&#8217;alumnat de cicle mitj\u00e0, cicle superior i 2n d&#8217;ESO ha realitzat uns treballs per la participaci\u00f3 a l&#8217;exposici\u00f3 internacional d&#8217;obres d&#8217;art infantil de Kyoto.<\/p>\n<div style=\"width: 480px;\" class=\"wp-video\"><!--[if lt IE 9]><script>document.createElement('video');<\/script><![endif]-->\n<video class=\"wp-video-shortcode\" id=\"video-24684-1\" width=\"480\" height=\"864\" preload=\"metadata\" controls=\"controls\"><source type=\"video\/mp4\" src=\"https:\/\/agora.xtec.cat\/iecadaques\/wp-content\/uploads\/usu1969\/2024\/12\/2-1.mp4?_=1\" \/><a href=\"https:\/\/agora.xtec.cat\/iecadaques\/wp-content\/uploads\/usu1969\/2024\/12\/2-1.mp4\">https:\/\/agora.xtec.cat\/iecadaques\/wp-content\/uploads\/usu1969\/2024\/12\/2-1.mp4<\/a><\/video><\/div>\n<div style=\"width: 480px;\" class=\"wp-video\"><video class=\"wp-video-shortcode\" id=\"video-24684-2\" width=\"480\" height=\"864\" preload=\"metadata\" controls=\"controls\"><source type=\"video\/mp4\" src=\"https:\/\/agora.xtec.cat\/iecadaques\/wp-content\/uploads\/usu1969\/2024\/12\/1-1.mp4?_=2\" \/><a href=\"https:\/\/agora.xtec.cat\/iecadaques\/wp-content\/uploads\/usu1969\/2024\/12\/1-1.mp4\">https:\/\/agora.xtec.cat\/iecadaques\/wp-content\/uploads\/usu1969\/2024\/12\/1-1.mp4<\/a><\/video><\/div>\n","protected":false},"excerpt":{"rendered":"<p>Un any m\u00e9s, el centre participa a l&#8217;exposici\u00f3 internacional d&#8217;art infantil de Kyoto.&hellip;  <a href=\"https:\/\/agora.xtec.cat\/iecadaques\/general\/exposicio-de-kyoto\/\" title=\"Read Exposici\u00f3 de Kyoto\">Llegeix m\u00e9s\u00bb<\/a><\/p>\n","protected":false},"author":48,"featured_media":24689,"comment_status":"closed","ping_status":"closed","sticky":false,"template":"","format":"standard","meta":{"_bbp_topic_count":0,"_bbp_reply_count":0,"_bbp_total_topic_count":0,"_bbp_total_reply_count":0,"_bbp_voice_count":0,"_bbp_anonymous_reply_count":0,"_bbp_topic_count_hidden":0,"_bbp_reply_count_hidden":0,"_bbp_forum_subforum_count":0,"footnotes":""},"categories":[158,159,167,1,29],"tags":[],"class_list":["post-24684","post","type-post","status-publish","format-standard","has-post-thumbnail","hentry","category-cm","category-cs","category-eso","category-general","category-portada"],"post_mailing_queue_ids":[],"_links":{"self":[{"href":"https:\/\/agora.xtec.cat\/iecadaques\/wp-json\/wp\/v2\/posts\/24684","targetHints":{"allow":["GET"]}}],"collection":[{"href":"https:\/\/agora.xtec.cat\/iecadaques\/wp-json\/wp\/v2\/posts"}],"about":[{"href":"https:\/\/agora.xtec.cat\/iecadaques\/wp-json\/wp\/v2\/types\/post"}],"author":[{"embeddable":true,"href":"https:\/\/agora.xtec.cat\/iecadaques\/wp-json\/wp\/v2\/users\/48"}],"replies":[{"embeddable":true,"href":"https:\/\/agora.xtec.cat\/iecadaques\/wp-json\/wp\/v2\/comments?post=24684"}],"version-history":[{"count":1,"href":"https:\/\/agora.xtec.cat\/iecadaques\/wp-json\/wp\/v2\/posts\/24684\/revisions"}],"predecessor-version":[{"id":24690,"href":"https:\/\/agora.xtec.cat\/iecadaques\/wp-json\/wp\/v2\/posts\/24684\/revisions\/24690"}],"wp:featuredmedia":[{"embeddable":true,"href":"https:\/\/agora.xtec.cat\/iecadaques\/wp-json\/wp\/v2\/media\/24689"}],"wp:attachment":[{"href":"https:\/\/agora.xtec.cat\/iecadaques\/wp-json\/wp\/v2\/media?parent=24684"}],"wp:term":[{"taxonomy":"category","embeddable":true,"href":"https:\/\/agora.xtec.cat\/iecadaques\/wp-json\/wp\/v2\/categories?post=24684"},{"taxonomy":"post_tag","embeddable":true,"href":"https:\/\/agora.xtec.cat\/iecadaques\/wp-json\/wp\/v2\/tags?post=24684"}],"curies":[{"name":"wp","href":"https:\/\/api.w.org\/{rel}","templated":true}]}}