{"id":24653,"date":"2024-11-12T10:36:26","date_gmt":"2024-11-12T09:36:26","guid":{"rendered":"https:\/\/agora.xtec.cat\/iecadaques\/?p=24653"},"modified":"2024-11-12T10:36:26","modified_gmt":"2024-11-12T09:36:26","slug":"minut-de-silenci-per-la-dana","status":"publish","type":"post","link":"https:\/\/agora.xtec.cat\/iecadaques\/general\/minut-de-silenci-per-la-dana\/","title":{"rendered":"Minut de silenci per la dana"},"content":{"rendered":"<p>Divendres passat l&#8217;alumnat i el personal del centre va fer un minut de silenci per donar suport a les v\u00edctimes del temporal a Val\u00e8ncia.<\/p>\n<p>Des de les tutories s&#8217;ha parlat del tema i s&#8217;ha fet una reflexi\u00f3 conjunta per tal de ser m\u00e9s conscients del patiment dels altres i fer aflorar valors com la solidaritat, l&#8217;empatia o la compassi\u00f3.<\/p>\n<p>Us recordem que podeu fer les vostres donacions a:<\/p>\n<div>Voluntaris DANA Cat: ES7230250027151400030959<\/div>\n<div>Assumpte: AJUDA DANA<\/div>\n<div><\/div>\n<div><a href=\"https:\/\/agora.xtec.cat\/iecadaques\/wp-content\/uploads\/usu1969\/2024\/11\/IMG_5333-1-2-scaled.jpeg\"><img loading=\"lazy\" decoding=\"async\" class=\"alignnone size-large wp-image-24654\" src=\"https:\/\/agora.xtec.cat\/iecadaques\/wp-content\/uploads\/usu1969\/2024\/11\/IMG_5333-1-2-1024x768.jpeg\" alt=\"\" width=\"1024\" height=\"768\" srcset=\"https:\/\/agora.xtec.cat\/iecadaques\/wp-content\/uploads\/usu1969\/2024\/11\/IMG_5333-1-2-1024x768.jpeg 1024w, https:\/\/agora.xtec.cat\/iecadaques\/wp-content\/uploads\/usu1969\/2024\/11\/IMG_5333-1-2-300x225.jpeg 300w, https:\/\/agora.xtec.cat\/iecadaques\/wp-content\/uploads\/usu1969\/2024\/11\/IMG_5333-1-2-768x576.jpeg 768w, https:\/\/agora.xtec.cat\/iecadaques\/wp-content\/uploads\/usu1969\/2024\/11\/IMG_5333-1-2-1536x1152.jpeg 1536w, https:\/\/agora.xtec.cat\/iecadaques\/wp-content\/uploads\/usu1969\/2024\/11\/IMG_5333-1-2-2048x1536.jpeg 2048w, https:\/\/agora.xtec.cat\/iecadaques\/wp-content\/uploads\/usu1969\/2024\/11\/IMG_5333-1-2-200x150.jpeg 200w\" sizes=\"auto, (max-width: 1024px) 100vw, 1024px\" \/><\/a><\/div>\n","protected":false},"excerpt":{"rendered":"<p>Divendres passat l&#8217;alumnat i el personal del centre va fer un minut de silenci per donar suport a les v\u00edctimes del temporal a Val\u00e8ncia.\u00a0&hellip;  <a href=\"https:\/\/agora.xtec.cat\/iecadaques\/general\/minut-de-silenci-per-la-dana\/\" title=\"Read Minut de silenci per la dana\">Llegeix m\u00e9s\u00bb<\/a><\/p>\n","protected":false},"author":48,"featured_media":24654,"comment_status":"closed","ping_status":"closed","sticky":false,"template":"","format":"standard","meta":{"_bbp_topic_count":0,"_bbp_reply_count":0,"_bbp_total_topic_count":0,"_bbp_total_reply_count":0,"_bbp_voice_count":0,"_bbp_anonymous_reply_count":0,"_bbp_topic_count_hidden":0,"_bbp_reply_count_hidden":0,"_bbp_forum_subforum_count":0,"footnotes":""},"categories":[1,29],"tags":[],"class_list":["post-24653","post","type-post","status-publish","format-standard","has-post-thumbnail","hentry","category-general","category-portada"],"post_mailing_queue_ids":[],"_links":{"self":[{"href":"https:\/\/agora.xtec.cat\/iecadaques\/wp-json\/wp\/v2\/posts\/24653","targetHints":{"allow":["GET"]}}],"collection":[{"href":"https:\/\/agora.xtec.cat\/iecadaques\/wp-json\/wp\/v2\/posts"}],"about":[{"href":"https:\/\/agora.xtec.cat\/iecadaques\/wp-json\/wp\/v2\/types\/post"}],"author":[{"embeddable":true,"href":"https:\/\/agora.xtec.cat\/iecadaques\/wp-json\/wp\/v2\/users\/48"}],"replies":[{"embeddable":true,"href":"https:\/\/agora.xtec.cat\/iecadaques\/wp-json\/wp\/v2\/comments?post=24653"}],"version-history":[{"count":1,"href":"https:\/\/agora.xtec.cat\/iecadaques\/wp-json\/wp\/v2\/posts\/24653\/revisions"}],"predecessor-version":[{"id":24655,"href":"https:\/\/agora.xtec.cat\/iecadaques\/wp-json\/wp\/v2\/posts\/24653\/revisions\/24655"}],"wp:featuredmedia":[{"embeddable":true,"href":"https:\/\/agora.xtec.cat\/iecadaques\/wp-json\/wp\/v2\/media\/24654"}],"wp:attachment":[{"href":"https:\/\/agora.xtec.cat\/iecadaques\/wp-json\/wp\/v2\/media?parent=24653"}],"wp:term":[{"taxonomy":"category","embeddable":true,"href":"https:\/\/agora.xtec.cat\/iecadaques\/wp-json\/wp\/v2\/categories?post=24653"},{"taxonomy":"post_tag","embeddable":true,"href":"https:\/\/agora.xtec.cat\/iecadaques\/wp-json\/wp\/v2\/tags?post=24653"}],"curies":[{"name":"wp","href":"https:\/\/api.w.org\/{rel}","templated":true}]}}