{"id":24459,"date":"2024-06-10T11:42:45","date_gmt":"2024-06-10T09:42:45","guid":{"rendered":"https:\/\/agora.xtec.cat\/iecadaques\/?p=24459"},"modified":"2024-06-10T11:43:25","modified_gmt":"2024-06-10T09:43:25","slug":"els-drets-humans-per-canviar-nos-a-nosaltres-mateixos","status":"publish","type":"post","link":"https:\/\/agora.xtec.cat\/iecadaques\/general\/els-drets-humans-per-canviar-nos-a-nosaltres-mateixos\/","title":{"rendered":"Els drets humans per canviar-nos a nosaltres mateixos"},"content":{"rendered":"<p><b><i>\u201c<\/i><\/b><b><i>Els drets humans s\u00f3n per fer el b\u00e9 i per donar la millor versi\u00f3 d\u2019un mateix. Per tant, si volem canviar el m\u00f3n, primer canviem-nos a nosaltres mateixos. Els i les alumnes de 4t d\u2019ESO hem fet un cartell per difondre aquest missatge\u201d.<\/i><\/b><\/p>\n<p style=\"text-align: right;\"><span style=\"font-weight: 400;\">Ena Morote<\/span><\/p>\n<p style=\"text-align: right;\"><span style=\"font-weight: 400;\">Alumna de 4t d\u2019ESO<\/span><\/p>\n<p><span style=\"font-weight: 400;\">Des de la mat\u00e8ria de Cultura i valors \u00e8tics, els i les alumnes de 4t d\u2019ESO han realitzat un mural en qu\u00e8 mostren el seu aprenentatge sobre les Drets Humans.\u00a0\u00a0<\/span><\/p>\n<p><span style=\"font-weight: 400;\">Han conegut la seva hist\u00f2ria i han treballat els trenta articles de la Declaraci\u00f3 Universal dels Drets Humans (1948). S\u2019han adonat de la import\u00e0ncia i la necessitat del seu reconeixement per garantir la dignitat de tots els \u00e9ssers humans i han constatat que el cam\u00ed per aconseguir-ho nom\u00e9s dep\u00e8n de nosaltres, la humanitat.\u00a0<\/span><\/p>\n<p><span style=\"font-weight: 400;\">La redacci\u00f3 de la Declaraci\u00f3 Universal dels Drets Humans va ser feta per homes i dones que van entendre que no podem repetir els horrors de les Guerres Mundials. No hem d\u2019oblidar el passat per construir un present que ens garanteixi un futur.\u00a0<\/span><\/p>\n<p><span style=\"font-weight: 400;\">Encara hi ha molta feina per fer. Els i les alumnes s\u00f3n les llavors per la construcci\u00f3 d\u2019un m\u00f3n m\u00e9s digne, just i amable. En definitiva, d\u2019un m\u00f3n m\u00e9s hum\u00e0.<\/span><\/p>\n<p><span style=\"font-weight: 400;\">Nois i noies de 4t d\u2019ESO, heu fet una bona feina. Felicitats!<\/span><\/p>\n<p><a href=\"https:\/\/agora.xtec.cat\/iecadaques\/wp-content\/uploads\/usu1969\/2024\/06\/IMG_3614-scaled.jpg\"><img loading=\"lazy\" decoding=\"async\" class=\"alignnone size-large wp-image-24460\" src=\"https:\/\/agora.xtec.cat\/iecadaques\/wp-content\/uploads\/usu1969\/2024\/06\/IMG_3614-1024x768.jpg\" alt=\"\" width=\"1024\" height=\"768\" srcset=\"https:\/\/agora.xtec.cat\/iecadaques\/wp-content\/uploads\/usu1969\/2024\/06\/IMG_3614-1024x768.jpg 1024w, https:\/\/agora.xtec.cat\/iecadaques\/wp-content\/uploads\/usu1969\/2024\/06\/IMG_3614-300x225.jpg 300w, https:\/\/agora.xtec.cat\/iecadaques\/wp-content\/uploads\/usu1969\/2024\/06\/IMG_3614-768x576.jpg 768w, https:\/\/agora.xtec.cat\/iecadaques\/wp-content\/uploads\/usu1969\/2024\/06\/IMG_3614-1536x1152.jpg 1536w, https:\/\/agora.xtec.cat\/iecadaques\/wp-content\/uploads\/usu1969\/2024\/06\/IMG_3614-2048x1536.jpg 2048w, https:\/\/agora.xtec.cat\/iecadaques\/wp-content\/uploads\/usu1969\/2024\/06\/IMG_3614-200x150.jpg 200w\" sizes=\"auto, (max-width: 1024px) 100vw, 1024px\" \/><\/a><\/p>\n<p><a href=\"https:\/\/agora.xtec.cat\/iecadaques\/wp-content\/uploads\/usu1969\/2024\/06\/IMG_3617-scaled.jpg\"><img loading=\"lazy\" decoding=\"async\" class=\"alignnone size-large wp-image-24461\" src=\"https:\/\/agora.xtec.cat\/iecadaques\/wp-content\/uploads\/usu1969\/2024\/06\/IMG_3617-768x1024.jpg\" alt=\"\" width=\"768\" height=\"1024\" srcset=\"https:\/\/agora.xtec.cat\/iecadaques\/wp-content\/uploads\/usu1969\/2024\/06\/IMG_3617-768x1024.jpg 768w, https:\/\/agora.xtec.cat\/iecadaques\/wp-content\/uploads\/usu1969\/2024\/06\/IMG_3617-225x300.jpg 225w, https:\/\/agora.xtec.cat\/iecadaques\/wp-content\/uploads\/usu1969\/2024\/06\/IMG_3617-1152x1536.jpg 1152w, https:\/\/agora.xtec.cat\/iecadaques\/wp-content\/uploads\/usu1969\/2024\/06\/IMG_3617-1536x2048.jpg 1536w, https:\/\/agora.xtec.cat\/iecadaques\/wp-content\/uploads\/usu1969\/2024\/06\/IMG_3617-scaled.jpg 1920w\" sizes=\"auto, (max-width: 768px) 100vw, 768px\" \/><\/a><\/p>\n<p><a href=\"https:\/\/agora.xtec.cat\/iecadaques\/wp-content\/uploads\/usu1969\/2024\/06\/IMG_3684-scaled.jpg\"><img loading=\"lazy\" decoding=\"async\" class=\"alignnone size-large wp-image-24462\" src=\"https:\/\/agora.xtec.cat\/iecadaques\/wp-content\/uploads\/usu1969\/2024\/06\/IMG_3684-706x1024.jpg\" alt=\"\" width=\"706\" height=\"1024\" srcset=\"https:\/\/agora.xtec.cat\/iecadaques\/wp-content\/uploads\/usu1969\/2024\/06\/IMG_3684-706x1024.jpg 706w, https:\/\/agora.xtec.cat\/iecadaques\/wp-content\/uploads\/usu1969\/2024\/06\/IMG_3684-207x300.jpg 207w, https:\/\/agora.xtec.cat\/iecadaques\/wp-content\/uploads\/usu1969\/2024\/06\/IMG_3684-768x1114.jpg 768w, https:\/\/agora.xtec.cat\/iecadaques\/wp-content\/uploads\/usu1969\/2024\/06\/IMG_3684-1059x1536.jpg 1059w, https:\/\/agora.xtec.cat\/iecadaques\/wp-content\/uploads\/usu1969\/2024\/06\/IMG_3684-1412x2048.jpg 1412w, https:\/\/agora.xtec.cat\/iecadaques\/wp-content\/uploads\/usu1969\/2024\/06\/IMG_3684-scaled.jpg 1765w\" sizes=\"auto, (max-width: 706px) 100vw, 706px\" \/><\/a><\/p>\n","protected":false},"excerpt":{"rendered":"<p>Els i les alumnes de 4t d\u2019ESO han realitzat un mural en qu\u00e8 mostren el seu aprenentatge sobre les Drets Humans.\u00a0\u00a0&hellip;  <a href=\"https:\/\/agora.xtec.cat\/iecadaques\/general\/els-drets-humans-per-canviar-nos-a-nosaltres-mateixos\/\" title=\"Read Els drets humans per canviar-nos a nosaltres mateixos\">Llegeix m\u00e9s\u00bb<\/a><\/p>\n","protected":false},"author":48,"featured_media":24462,"comment_status":"closed","ping_status":"closed","sticky":false,"template":"","format":"standard","meta":{"_bbp_topic_count":0,"_bbp_reply_count":0,"_bbp_total_topic_count":0,"_bbp_total_reply_count":0,"_bbp_voice_count":0,"_bbp_anonymous_reply_count":0,"_bbp_topic_count_hidden":0,"_bbp_reply_count_hidden":0,"_bbp_forum_subforum_count":0,"footnotes":""},"categories":[167,1,29],"tags":[129],"class_list":["post-24459","post","type-post","status-publish","format-standard","has-post-thumbnail","hentry","category-eso","category-general","category-portada","tag-eso4"],"post_mailing_queue_ids":[],"_links":{"self":[{"href":"https:\/\/agora.xtec.cat\/iecadaques\/wp-json\/wp\/v2\/posts\/24459","targetHints":{"allow":["GET"]}}],"collection":[{"href":"https:\/\/agora.xtec.cat\/iecadaques\/wp-json\/wp\/v2\/posts"}],"about":[{"href":"https:\/\/agora.xtec.cat\/iecadaques\/wp-json\/wp\/v2\/types\/post"}],"author":[{"embeddable":true,"href":"https:\/\/agora.xtec.cat\/iecadaques\/wp-json\/wp\/v2\/users\/48"}],"replies":[{"embeddable":true,"href":"https:\/\/agora.xtec.cat\/iecadaques\/wp-json\/wp\/v2\/comments?post=24459"}],"version-history":[{"count":2,"href":"https:\/\/agora.xtec.cat\/iecadaques\/wp-json\/wp\/v2\/posts\/24459\/revisions"}],"predecessor-version":[{"id":24464,"href":"https:\/\/agora.xtec.cat\/iecadaques\/wp-json\/wp\/v2\/posts\/24459\/revisions\/24464"}],"wp:featuredmedia":[{"embeddable":true,"href":"https:\/\/agora.xtec.cat\/iecadaques\/wp-json\/wp\/v2\/media\/24462"}],"wp:attachment":[{"href":"https:\/\/agora.xtec.cat\/iecadaques\/wp-json\/wp\/v2\/media?parent=24459"}],"wp:term":[{"taxonomy":"category","embeddable":true,"href":"https:\/\/agora.xtec.cat\/iecadaques\/wp-json\/wp\/v2\/categories?post=24459"},{"taxonomy":"post_tag","embeddable":true,"href":"https:\/\/agora.xtec.cat\/iecadaques\/wp-json\/wp\/v2\/tags?post=24459"}],"curies":[{"name":"wp","href":"https:\/\/api.w.org\/{rel}","templated":true}]}}