{"id":24449,"date":"2024-06-03T10:01:24","date_gmt":"2024-06-03T08:01:24","guid":{"rendered":"https:\/\/agora.xtec.cat\/iecadaques\/?p=24449"},"modified":"2024-06-03T10:01:24","modified_gmt":"2024-06-03T08:01:24","slug":"exit-de-la-donacio-de-sang","status":"publish","type":"post","link":"https:\/\/agora.xtec.cat\/iecadaques\/general\/exit-de-la-donacio-de-sang\/","title":{"rendered":"\u00c8xit de la donaci\u00f3 de sang!"},"content":{"rendered":"<p><span style=\"font-weight: 400;\">Els i les alumnes de 3r d\u2019ESO volen agrair la generositat de tots els ve\u00efns i de totes les ve\u00efnes de Cadaqu\u00e9s que vau participar en la Donaci\u00f3 de sang del passat dijous 23 de maig.<\/span><\/p>\n<p><span style=\"font-weight: 400;\">Ells no poden donar sang, per\u00f2 van voler ser-hi per ajudar a tots els donants oferint informaci\u00f3 i acompanyament. L\u2019experi\u00e8ncia va ser molt gratificant i enriquidora. Tots i totes vam marxar a casa amb un somriure de satisfacci\u00f3.<\/span><\/p>\n<p><span style=\"font-weight: 400;\">Aquest any, 51 persones es van oferir a donar sang. \u00c9s una molt bona not\u00edcia que ha estat possible gr\u00e0cies a la feina de promoci\u00f3 i difusi\u00f3 feta pels voluntaris\/es de 3r d\u2019ESO i, sobretot, a la vostra generositat.<\/span><\/p>\n<p><span style=\"font-weight: 400;\">Com a mostra d\u2019agra\u00efment, els i les alumnes van oferir a tots els donants un regal fet per ells mateixos, una flor amb forma de cor que serveix de portafotos i una targeta divertida amb un text d\u2019agra\u00efment.\u00a0<\/span><\/p>\n<p><span style=\"font-weight: 400;\">No poden acomiadar-nos sense donar les gr\u00e0cies per la bona acollida i tots els coneixements que ens van transmetre, als delegats del Banc de sang i teixits, la Maria Auger, l\u2019Arantxa Campos i en Joan Llobet. Moltes gr\u00e0cies.\u00a0<\/span><\/p>\n<p><span style=\"font-weight: 400;\">L\u2019enhorabona als alumnes de 3r d\u2019ESO per la feina ben feta!<\/span><\/p>\n<p><span style=\"font-weight: 400;\">I als donants, moltes gr\u00e0cies pel vostre bon cor!<\/span><\/p>\n<p><a href=\"https:\/\/agora.xtec.cat\/iecadaques\/wp-content\/uploads\/usu1969\/2024\/06\/IMG_3643-scaled.jpg\"><img loading=\"lazy\" decoding=\"async\" class=\"alignnone size-large wp-image-24450\" src=\"https:\/\/agora.xtec.cat\/iecadaques\/wp-content\/uploads\/usu1969\/2024\/06\/IMG_3643-768x1024.jpg\" alt=\"\" width=\"768\" height=\"1024\" srcset=\"https:\/\/agora.xtec.cat\/iecadaques\/wp-content\/uploads\/usu1969\/2024\/06\/IMG_3643-768x1024.jpg 768w, https:\/\/agora.xtec.cat\/iecadaques\/wp-content\/uploads\/usu1969\/2024\/06\/IMG_3643-225x300.jpg 225w, https:\/\/agora.xtec.cat\/iecadaques\/wp-content\/uploads\/usu1969\/2024\/06\/IMG_3643-1152x1536.jpg 1152w, https:\/\/agora.xtec.cat\/iecadaques\/wp-content\/uploads\/usu1969\/2024\/06\/IMG_3643-1536x2048.jpg 1536w, https:\/\/agora.xtec.cat\/iecadaques\/wp-content\/uploads\/usu1969\/2024\/06\/IMG_3643-scaled.jpg 1920w\" sizes=\"auto, (max-width: 768px) 100vw, 768px\" \/><\/a><\/p>\n<p><a href=\"https:\/\/agora.xtec.cat\/iecadaques\/wp-content\/uploads\/usu1969\/2024\/06\/IMG_3645-scaled.jpg\"><img loading=\"lazy\" decoding=\"async\" class=\"alignnone size-large wp-image-24451\" src=\"https:\/\/agora.xtec.cat\/iecadaques\/wp-content\/uploads\/usu1969\/2024\/06\/IMG_3645-768x1024.jpg\" alt=\"\" width=\"768\" height=\"1024\" srcset=\"https:\/\/agora.xtec.cat\/iecadaques\/wp-content\/uploads\/usu1969\/2024\/06\/IMG_3645-768x1024.jpg 768w, https:\/\/agora.xtec.cat\/iecadaques\/wp-content\/uploads\/usu1969\/2024\/06\/IMG_3645-225x300.jpg 225w, https:\/\/agora.xtec.cat\/iecadaques\/wp-content\/uploads\/usu1969\/2024\/06\/IMG_3645-1152x1536.jpg 1152w, https:\/\/agora.xtec.cat\/iecadaques\/wp-content\/uploads\/usu1969\/2024\/06\/IMG_3645-1536x2048.jpg 1536w, https:\/\/agora.xtec.cat\/iecadaques\/wp-content\/uploads\/usu1969\/2024\/06\/IMG_3645-scaled.jpg 1920w\" sizes=\"auto, (max-width: 768px) 100vw, 768px\" \/><\/a><br \/>\n<a href=\"https:\/\/agora.xtec.cat\/iecadaques\/wp-content\/uploads\/usu1969\/2024\/06\/IMG_3651-scaled.jpg\"><img loading=\"lazy\" decoding=\"async\" class=\"alignnone size-large wp-image-24452\" src=\"https:\/\/agora.xtec.cat\/iecadaques\/wp-content\/uploads\/usu1969\/2024\/06\/IMG_3651-768x1024.jpg\" alt=\"\" width=\"768\" height=\"1024\" srcset=\"https:\/\/agora.xtec.cat\/iecadaques\/wp-content\/uploads\/usu1969\/2024\/06\/IMG_3651-768x1024.jpg 768w, https:\/\/agora.xtec.cat\/iecadaques\/wp-content\/uploads\/usu1969\/2024\/06\/IMG_3651-225x300.jpg 225w, https:\/\/agora.xtec.cat\/iecadaques\/wp-content\/uploads\/usu1969\/2024\/06\/IMG_3651-1152x1536.jpg 1152w, https:\/\/agora.xtec.cat\/iecadaques\/wp-content\/uploads\/usu1969\/2024\/06\/IMG_3651-1536x2048.jpg 1536w, https:\/\/agora.xtec.cat\/iecadaques\/wp-content\/uploads\/usu1969\/2024\/06\/IMG_3651-scaled.jpg 1920w\" sizes=\"auto, (max-width: 768px) 100vw, 768px\" \/><\/a><\/p>\n<p><a href=\"https:\/\/agora.xtec.cat\/iecadaques\/wp-content\/uploads\/usu1969\/2024\/06\/IMG_3663-scaled.jpg\"><img loading=\"lazy\" decoding=\"async\" class=\"alignnone size-large wp-image-24453\" src=\"https:\/\/agora.xtec.cat\/iecadaques\/wp-content\/uploads\/usu1969\/2024\/06\/IMG_3663-1024x768.jpg\" alt=\"\" width=\"1024\" height=\"768\" srcset=\"https:\/\/agora.xtec.cat\/iecadaques\/wp-content\/uploads\/usu1969\/2024\/06\/IMG_3663-1024x768.jpg 1024w, https:\/\/agora.xtec.cat\/iecadaques\/wp-content\/uploads\/usu1969\/2024\/06\/IMG_3663-300x225.jpg 300w, https:\/\/agora.xtec.cat\/iecadaques\/wp-content\/uploads\/usu1969\/2024\/06\/IMG_3663-768x576.jpg 768w, https:\/\/agora.xtec.cat\/iecadaques\/wp-content\/uploads\/usu1969\/2024\/06\/IMG_3663-1536x1152.jpg 1536w, https:\/\/agora.xtec.cat\/iecadaques\/wp-content\/uploads\/usu1969\/2024\/06\/IMG_3663-2048x1536.jpg 2048w, https:\/\/agora.xtec.cat\/iecadaques\/wp-content\/uploads\/usu1969\/2024\/06\/IMG_3663-200x150.jpg 200w\" sizes=\"auto, (max-width: 1024px) 100vw, 1024px\" \/><\/a><\/p>\n","protected":false},"excerpt":{"rendered":"<p>Els i les alumnes de 3r d&#8217;ESO van ajudar durant la campanya de donaci\u00f3 de sang del passat 23 de maig.&hellip;  <a href=\"https:\/\/agora.xtec.cat\/iecadaques\/general\/exit-de-la-donacio-de-sang\/\" title=\"Read \u00c8xit de la donaci\u00f3 de sang!\">Llegeix m\u00e9s\u00bb<\/a><\/p>\n","protected":false},"author":48,"featured_media":24452,"comment_status":"closed","ping_status":"closed","sticky":false,"template":"","format":"standard","meta":{"_bbp_topic_count":0,"_bbp_reply_count":0,"_bbp_total_topic_count":0,"_bbp_total_reply_count":0,"_bbp_voice_count":0,"_bbp_anonymous_reply_count":0,"_bbp_topic_count_hidden":0,"_bbp_reply_count_hidden":0,"_bbp_forum_subforum_count":0,"footnotes":""},"categories":[167,1,29],"tags":[131,282,268],"class_list":["post-24449","post","type-post","status-publish","format-standard","has-post-thumbnail","hentry","category-eso","category-general","category-portada","tag-eso3","tag-donacio-de-sang","tag-servei-comunitari"],"post_mailing_queue_ids":[],"_links":{"self":[{"href":"https:\/\/agora.xtec.cat\/iecadaques\/wp-json\/wp\/v2\/posts\/24449","targetHints":{"allow":["GET"]}}],"collection":[{"href":"https:\/\/agora.xtec.cat\/iecadaques\/wp-json\/wp\/v2\/posts"}],"about":[{"href":"https:\/\/agora.xtec.cat\/iecadaques\/wp-json\/wp\/v2\/types\/post"}],"author":[{"embeddable":true,"href":"https:\/\/agora.xtec.cat\/iecadaques\/wp-json\/wp\/v2\/users\/48"}],"replies":[{"embeddable":true,"href":"https:\/\/agora.xtec.cat\/iecadaques\/wp-json\/wp\/v2\/comments?post=24449"}],"version-history":[{"count":1,"href":"https:\/\/agora.xtec.cat\/iecadaques\/wp-json\/wp\/v2\/posts\/24449\/revisions"}],"predecessor-version":[{"id":24454,"href":"https:\/\/agora.xtec.cat\/iecadaques\/wp-json\/wp\/v2\/posts\/24449\/revisions\/24454"}],"wp:featuredmedia":[{"embeddable":true,"href":"https:\/\/agora.xtec.cat\/iecadaques\/wp-json\/wp\/v2\/media\/24452"}],"wp:attachment":[{"href":"https:\/\/agora.xtec.cat\/iecadaques\/wp-json\/wp\/v2\/media?parent=24449"}],"wp:term":[{"taxonomy":"category","embeddable":true,"href":"https:\/\/agora.xtec.cat\/iecadaques\/wp-json\/wp\/v2\/categories?post=24449"},{"taxonomy":"post_tag","embeddable":true,"href":"https:\/\/agora.xtec.cat\/iecadaques\/wp-json\/wp\/v2\/tags?post=24449"}],"curies":[{"name":"wp","href":"https:\/\/api.w.org\/{rel}","templated":true}]}}