{"id":24446,"date":"2024-06-03T09:41:21","date_gmt":"2024-06-03T07:41:21","guid":{"rendered":"https:\/\/agora.xtec.cat\/iecadaques\/?p=24446"},"modified":"2024-06-03T09:41:21","modified_gmt":"2024-06-03T07:41:21","slug":"sortida-al-museu-del-cinema","status":"publish","type":"post","link":"https:\/\/agora.xtec.cat\/iecadaques\/general\/sortida-al-museu-del-cinema\/","title":{"rendered":"Sortida al museu del cinema"},"content":{"rendered":"<p><span style=\"font-weight: 400;\">El passat 15 de maig, els alumnes de 3r i 4t d\u2019ESO van visitar el Museu del cinema de Girona. Al museu van poder veure i manipular els aparells \u00f2ptics com con\u00e8ixer els inventors relacionats amb la tecnologia de la imatge del precinema i del cinema dels primers temps. La visita tamb\u00e9 inclo\u00efa un taller sobre m\u00fasica i cinema. En aquest, van escoltar m\u00fasiques i veure imatges seleccionades de pel\u00b7l\u00edcules per con\u00e8ixer les caracter\u00edstiques, les t\u00e8cniques i les diferents combinacions de les m\u00fasiques de la pel\u00b7l\u00edcula.\u00a0<\/span><\/p>\n<p><a href=\"https:\/\/agora.xtec.cat\/iecadaques\/wp-content\/uploads\/usu1969\/2024\/06\/IMG_20240515_1239362-2-scaled.jpg\"><img loading=\"lazy\" decoding=\"async\" class=\"alignnone size-large wp-image-24447\" src=\"https:\/\/agora.xtec.cat\/iecadaques\/wp-content\/uploads\/usu1969\/2024\/06\/IMG_20240515_1239362-2-1024x966.jpg\" alt=\"\" width=\"1024\" height=\"966\" srcset=\"https:\/\/agora.xtec.cat\/iecadaques\/wp-content\/uploads\/usu1969\/2024\/06\/IMG_20240515_1239362-2-1024x966.jpg 1024w, https:\/\/agora.xtec.cat\/iecadaques\/wp-content\/uploads\/usu1969\/2024\/06\/IMG_20240515_1239362-2-300x283.jpg 300w, https:\/\/agora.xtec.cat\/iecadaques\/wp-content\/uploads\/usu1969\/2024\/06\/IMG_20240515_1239362-2-768x724.jpg 768w, https:\/\/agora.xtec.cat\/iecadaques\/wp-content\/uploads\/usu1969\/2024\/06\/IMG_20240515_1239362-2-1536x1448.jpg 1536w, https:\/\/agora.xtec.cat\/iecadaques\/wp-content\/uploads\/usu1969\/2024\/06\/IMG_20240515_1239362-2-2048x1931.jpg 2048w\" sizes=\"auto, (max-width: 1024px) 100vw, 1024px\" \/><\/a><\/p>\n","protected":false},"excerpt":{"rendered":"<p>Els i les alumnes de 3r i 4t d&#8217;ESO van visitar el Museu del Cinema de Girona.&hellip;  <a href=\"https:\/\/agora.xtec.cat\/iecadaques\/general\/sortida-al-museu-del-cinema\/\" title=\"Read Sortida al museu del cinema\">Llegeix m\u00e9s\u00bb<\/a><\/p>\n","protected":false},"author":48,"featured_media":24447,"comment_status":"closed","ping_status":"closed","sticky":false,"template":"","format":"standard","meta":{"_bbp_topic_count":0,"_bbp_reply_count":0,"_bbp_total_topic_count":0,"_bbp_total_reply_count":0,"_bbp_voice_count":0,"_bbp_anonymous_reply_count":0,"_bbp_topic_count_hidden":0,"_bbp_reply_count_hidden":0,"_bbp_forum_subforum_count":0,"footnotes":""},"categories":[167,1,29],"tags":[131,129,39],"class_list":["post-24446","post","type-post","status-publish","format-standard","has-post-thumbnail","hentry","category-eso","category-general","category-portada","tag-eso3","tag-eso4","tag-sortides"],"post_mailing_queue_ids":[],"_links":{"self":[{"href":"https:\/\/agora.xtec.cat\/iecadaques\/wp-json\/wp\/v2\/posts\/24446","targetHints":{"allow":["GET"]}}],"collection":[{"href":"https:\/\/agora.xtec.cat\/iecadaques\/wp-json\/wp\/v2\/posts"}],"about":[{"href":"https:\/\/agora.xtec.cat\/iecadaques\/wp-json\/wp\/v2\/types\/post"}],"author":[{"embeddable":true,"href":"https:\/\/agora.xtec.cat\/iecadaques\/wp-json\/wp\/v2\/users\/48"}],"replies":[{"embeddable":true,"href":"https:\/\/agora.xtec.cat\/iecadaques\/wp-json\/wp\/v2\/comments?post=24446"}],"version-history":[{"count":1,"href":"https:\/\/agora.xtec.cat\/iecadaques\/wp-json\/wp\/v2\/posts\/24446\/revisions"}],"predecessor-version":[{"id":24448,"href":"https:\/\/agora.xtec.cat\/iecadaques\/wp-json\/wp\/v2\/posts\/24446\/revisions\/24448"}],"wp:featuredmedia":[{"embeddable":true,"href":"https:\/\/agora.xtec.cat\/iecadaques\/wp-json\/wp\/v2\/media\/24447"}],"wp:attachment":[{"href":"https:\/\/agora.xtec.cat\/iecadaques\/wp-json\/wp\/v2\/media?parent=24446"}],"wp:term":[{"taxonomy":"category","embeddable":true,"href":"https:\/\/agora.xtec.cat\/iecadaques\/wp-json\/wp\/v2\/categories?post=24446"},{"taxonomy":"post_tag","embeddable":true,"href":"https:\/\/agora.xtec.cat\/iecadaques\/wp-json\/wp\/v2\/tags?post=24446"}],"curies":[{"name":"wp","href":"https:\/\/api.w.org\/{rel}","templated":true}]}}