{"id":24439,"date":"2024-05-21T08:12:02","date_gmt":"2024-05-21T06:12:02","guid":{"rendered":"https:\/\/agora.xtec.cat\/iecadaques\/?p=24439"},"modified":"2024-05-21T08:12:02","modified_gmt":"2024-05-21T06:12:02","slug":"servei-comunitari-3r-deso-banc-de-sang-i-teixits","status":"publish","type":"post","link":"https:\/\/agora.xtec.cat\/iecadaques\/portada\/servei-comunitari-3r-deso-banc-de-sang-i-teixits\/","title":{"rendered":"Servei comunitari 3r d&#8217;ESO: Banc de Sang i Teixits"},"content":{"rendered":"<p>Benvingut\/da futur donant,<br \/>\nPreparat\/da per ajudar a aquells que et necessiten?<\/p>\n<p>Som els i les alumnes de 3r d&#8217;ESO i col\u00b7laborem com a voluntaris\/es amb el Banc\u00a0de\u00a0Sang i Teixits a la campanya de Donaci\u00f3 de sang del nostre municipi.<\/p>\n<p>Amb aquest voluntariat, hem apr\u00e8s que \u00e9s molt important con\u00e8ixer la necessitat de donar sang, i\u00a0per aix\u00f2, volem encomanar-vos la nostra il\u00b7lusi\u00f3 de participar en un projecte que pot millorar la vida de moltes persones.<br \/>\nNosaltres no podem donar sang. Per aix\u00f2, necessitem\u00a0la\u00a0teva generositat i cooperaci\u00f3 el dia de la donaci\u00f3, perqu\u00e8 tal com diu el nostre esl\u00f2gan: EL VINCLE SALVA VIDES.<\/p>\n<p>Qu\u00e8 has de fer per donar sang?<br \/>\n-S&#8217;ha de demanar\u00a0<span class=\"hiddenGreenError\" style=\"padding-bottom: 2px; background-image: url('..\/..\/..\/..\/..\/images\/squiggle_green.png'); background-repeat: repeat-x; background-position: left bottom; cursor: default; color: #000000; font-family: 'Open Sans', Helvetica, Arial, sans-serif; font-size: 16px; font-style: normal; font-variant-ligatures: normal; font-variant-caps: normal; font-weight: 300; letter-spacing: normal; orphans: 2; text-align: start; text-indent: 0px; text-transform: none; widows: 2; word-spacing: 0px; -webkit-text-stroke-width: 0px; white-space: normal; text-decoration-thickness: initial; text-decoration-style: initial; text-decoration-color: initial;\">cita pr\u00e8via<\/span>. Aqu\u00ed et facilitem l&#8217;enlla\u00e7:<br \/>\nhttps:\/\/www.donarsang.gencat.cat\/ca\/<br \/>\n-NO s&#8217;ha d&#8217;anar en dej\u00fa.<br \/>\n-Has de portar un document identificatiu oficial.<\/p>\n<p>Un cop hagis fet feta la donaci\u00f3, et servirem un petit refrigeri per recuperar forces i t&#8217;oferirem un recordatori fet per nosaltres, per agrair la teva col\u00b7laboraci\u00f3.<\/p>\n<p>T&#8217;esperem aquest dijous 23 de maig de 4 a 9 de la tarda al Casal de la gent gran.<br \/>\nRecorda: EL VINCLE SALVA VIDES<br \/>\nNo hi faltis, si us plau! La teva col\u00b7laboraci\u00f3 \u00e9s essencial.<\/p>\n<p>Els i les alumnes de 3r d&#8217;ESO, voluntaris\/es del Banc de Sang.<img loading=\"lazy\" decoding=\"async\" class=\"alignnone size-large wp-image-24440\" src=\"https:\/\/agora.xtec.cat\/iecadaques\/wp-content\/uploads\/usu1969\/2024\/05\/Donacio-Sang_Cadaques_2024-725x1024.jpg\" alt=\"\" width=\"725\" height=\"1024\" srcset=\"https:\/\/agora.xtec.cat\/iecadaques\/wp-content\/uploads\/usu1969\/2024\/05\/Donacio-Sang_Cadaques_2024-725x1024.jpg 725w, https:\/\/agora.xtec.cat\/iecadaques\/wp-content\/uploads\/usu1969\/2024\/05\/Donacio-Sang_Cadaques_2024-212x300.jpg 212w, https:\/\/agora.xtec.cat\/iecadaques\/wp-content\/uploads\/usu1969\/2024\/05\/Donacio-Sang_Cadaques_2024-768x1085.jpg 768w, https:\/\/agora.xtec.cat\/iecadaques\/wp-content\/uploads\/usu1969\/2024\/05\/Donacio-Sang_Cadaques_2024-1087x1536.jpg 1087w, https:\/\/agora.xtec.cat\/iecadaques\/wp-content\/uploads\/usu1969\/2024\/05\/Donacio-Sang_Cadaques_2024.jpg 1241w\" sizes=\"auto, (max-width: 725px) 100vw, 725px\" \/><\/p>\n","protected":false},"excerpt":{"rendered":"<p>Benvingut\/da futur donant,<br \/>\nPreparat\/da per ajudar a aquells que et necessiten?<br \/>\nSom els i les alumnes de 3r d&#8217;ESO i col\u00b7laborem com a voluntaris\/es amb el Banc\u00a0de\u00a0Sang i Teixits a la campanya de Donaci\u00f3 de sang del nostre municipi.<br \/>\nAmb aquest voluntariat, hem apr\u00e8s que \u00e9s molt important&hellip;  <a href=\"https:\/\/agora.xtec.cat\/iecadaques\/portada\/servei-comunitari-3r-deso-banc-de-sang-i-teixits\/\" title=\"Read Servei comunitari 3r d&#8217;ESO: Banc de Sang i Teixits\">Llegeix m\u00e9s\u00bb<\/a><\/p>\n","protected":false},"author":26,"featured_media":24440,"comment_status":"closed","ping_status":"closed","sticky":false,"template":"","format":"standard","meta":{"_bbp_topic_count":0,"_bbp_reply_count":0,"_bbp_total_topic_count":0,"_bbp_total_reply_count":0,"_bbp_voice_count":0,"_bbp_anonymous_reply_count":0,"_bbp_topic_count_hidden":0,"_bbp_reply_count_hidden":0,"_bbp_forum_subforum_count":0,"footnotes":""},"categories":[167,29],"tags":[],"class_list":["post-24439","post","type-post","status-publish","format-standard","has-post-thumbnail","hentry","category-eso","category-portada"],"post_mailing_queue_ids":[],"_links":{"self":[{"href":"https:\/\/agora.xtec.cat\/iecadaques\/wp-json\/wp\/v2\/posts\/24439","targetHints":{"allow":["GET"]}}],"collection":[{"href":"https:\/\/agora.xtec.cat\/iecadaques\/wp-json\/wp\/v2\/posts"}],"about":[{"href":"https:\/\/agora.xtec.cat\/iecadaques\/wp-json\/wp\/v2\/types\/post"}],"author":[{"embeddable":true,"href":"https:\/\/agora.xtec.cat\/iecadaques\/wp-json\/wp\/v2\/users\/26"}],"replies":[{"embeddable":true,"href":"https:\/\/agora.xtec.cat\/iecadaques\/wp-json\/wp\/v2\/comments?post=24439"}],"version-history":[{"count":1,"href":"https:\/\/agora.xtec.cat\/iecadaques\/wp-json\/wp\/v2\/posts\/24439\/revisions"}],"predecessor-version":[{"id":24441,"href":"https:\/\/agora.xtec.cat\/iecadaques\/wp-json\/wp\/v2\/posts\/24439\/revisions\/24441"}],"wp:featuredmedia":[{"embeddable":true,"href":"https:\/\/agora.xtec.cat\/iecadaques\/wp-json\/wp\/v2\/media\/24440"}],"wp:attachment":[{"href":"https:\/\/agora.xtec.cat\/iecadaques\/wp-json\/wp\/v2\/media?parent=24439"}],"wp:term":[{"taxonomy":"category","embeddable":true,"href":"https:\/\/agora.xtec.cat\/iecadaques\/wp-json\/wp\/v2\/categories?post=24439"},{"taxonomy":"post_tag","embeddable":true,"href":"https:\/\/agora.xtec.cat\/iecadaques\/wp-json\/wp\/v2\/tags?post=24439"}],"curies":[{"name":"wp","href":"https:\/\/api.w.org\/{rel}","templated":true}]}}