{"id":24434,"date":"2024-05-20T11:01:00","date_gmt":"2024-05-20T09:01:00","guid":{"rendered":"https:\/\/agora.xtec.cat\/iecadaques\/?p=24434"},"modified":"2024-05-20T11:01:00","modified_gmt":"2024-05-20T09:01:00","slug":"concursos-matematiques-proves-cangur-i-copa-cangur","status":"publish","type":"post","link":"https:\/\/agora.xtec.cat\/iecadaques\/portada\/concursos-matematiques-proves-cangur-i-copa-cangur\/","title":{"rendered":"Concursos matem\u00e0tiques: Proves Cangur i Copa Cangur"},"content":{"rendered":"<p>Aquest any, l&#8217;alumnat de 3r i 4t d&#8217;ESO, es va classificar per a la final de la Copa Cangur que es va celebrar al Pavell\u00f3 poliesportiu de Can Noguera a La Garriga. Van quedar en dotzena posici\u00f3 en una semifinal molt disputada.<\/p>\n<p>D&#8217;altra banda, durant l&#8217;any tamb\u00e9 hem participat en les Proves Cangur. Enguany, tamb\u00e9 hem incorporat a l&#8217;alumnat de 5\u00e8 i 6\u00e8 de prim\u00e0ria. Un cop corregides aquestes proves, es publiquen unes llistes amb el nom del 5,5% d&#8217;alumnes amb les millors puntuacions.<\/p>\n<p>En aquesta llista hi ha representaci\u00f3 per part de l&#8217;alumnat de l&#8217;IE de Cadaqu\u00e9s: la Paula Molina de (2n d&#8217;ESO) es troba dintre del 4% de les millors puntuacions; la Marina Sanclemente i la Maia Prudkin (3r d&#8217;ESO), s&#8217;ubiquen dintre del 3% de les millors puntuacions; i per acabar, l&#8217;Alejandro Cardozo (4t d&#8217;ESO), es troba en el 4% de les millors puntuacions.<\/p>\n<p>Des del centre els felicitem i agra\u00efm la implicaci\u00f3 de l&#8217;alumnat en els concursos. L&#8217;any que ve, m\u00e9s i millor!<br \/>\n<img loading=\"lazy\" decoding=\"async\" class=\"alignnone size-large wp-image-24435\" src=\"https:\/\/agora.xtec.cat\/iecadaques\/wp-content\/uploads\/usu1969\/2024\/05\/WhatsApp-Image-2024-05-20-at-10.55.15-1024x768.jpeg\" alt=\"\" width=\"1024\" height=\"768\" srcset=\"https:\/\/agora.xtec.cat\/iecadaques\/wp-content\/uploads\/usu1969\/2024\/05\/WhatsApp-Image-2024-05-20-at-10.55.15-1024x768.jpeg 1024w, https:\/\/agora.xtec.cat\/iecadaques\/wp-content\/uploads\/usu1969\/2024\/05\/WhatsApp-Image-2024-05-20-at-10.55.15-300x225.jpeg 300w, https:\/\/agora.xtec.cat\/iecadaques\/wp-content\/uploads\/usu1969\/2024\/05\/WhatsApp-Image-2024-05-20-at-10.55.15-768x576.jpeg 768w, https:\/\/agora.xtec.cat\/iecadaques\/wp-content\/uploads\/usu1969\/2024\/05\/WhatsApp-Image-2024-05-20-at-10.55.15-1536x1152.jpeg 1536w, https:\/\/agora.xtec.cat\/iecadaques\/wp-content\/uploads\/usu1969\/2024\/05\/WhatsApp-Image-2024-05-20-at-10.55.15-200x150.jpeg 200w, https:\/\/agora.xtec.cat\/iecadaques\/wp-content\/uploads\/usu1969\/2024\/05\/WhatsApp-Image-2024-05-20-at-10.55.15.jpeg 2048w\" sizes=\"auto, (max-width: 1024px) 100vw, 1024px\" \/> <img loading=\"lazy\" decoding=\"async\" class=\"alignnone size-large wp-image-24436\" src=\"https:\/\/agora.xtec.cat\/iecadaques\/wp-content\/uploads\/usu1969\/2024\/05\/WhatsApp-Image-2024-05-15-at-08.49.00-768x1024.jpeg\" alt=\"\" width=\"768\" height=\"1024\" srcset=\"https:\/\/agora.xtec.cat\/iecadaques\/wp-content\/uploads\/usu1969\/2024\/05\/WhatsApp-Image-2024-05-15-at-08.49.00-768x1024.jpeg 768w, https:\/\/agora.xtec.cat\/iecadaques\/wp-content\/uploads\/usu1969\/2024\/05\/WhatsApp-Image-2024-05-15-at-08.49.00-225x300.jpeg 225w, https:\/\/agora.xtec.cat\/iecadaques\/wp-content\/uploads\/usu1969\/2024\/05\/WhatsApp-Image-2024-05-15-at-08.49.00-1152x1536.jpeg 1152w, https:\/\/agora.xtec.cat\/iecadaques\/wp-content\/uploads\/usu1969\/2024\/05\/WhatsApp-Image-2024-05-15-at-08.49.00.jpeg 1200w\" sizes=\"auto, (max-width: 768px) 100vw, 768px\" \/> <img loading=\"lazy\" decoding=\"async\" class=\"alignnone size-large wp-image-24437\" src=\"https:\/\/agora.xtec.cat\/iecadaques\/wp-content\/uploads\/usu1969\/2024\/05\/WhatsApp-Image-2024-05-15-at-08.47.41-1024x768.jpeg\" alt=\"\" width=\"1024\" height=\"768\" srcset=\"https:\/\/agora.xtec.cat\/iecadaques\/wp-content\/uploads\/usu1969\/2024\/05\/WhatsApp-Image-2024-05-15-at-08.47.41-1024x768.jpeg 1024w, https:\/\/agora.xtec.cat\/iecadaques\/wp-content\/uploads\/usu1969\/2024\/05\/WhatsApp-Image-2024-05-15-at-08.47.41-300x225.jpeg 300w, https:\/\/agora.xtec.cat\/iecadaques\/wp-content\/uploads\/usu1969\/2024\/05\/WhatsApp-Image-2024-05-15-at-08.47.41-768x576.jpeg 768w, https:\/\/agora.xtec.cat\/iecadaques\/wp-content\/uploads\/usu1969\/2024\/05\/WhatsApp-Image-2024-05-15-at-08.47.41-1536x1152.jpeg 1536w, https:\/\/agora.xtec.cat\/iecadaques\/wp-content\/uploads\/usu1969\/2024\/05\/WhatsApp-Image-2024-05-15-at-08.47.41-200x150.jpeg 200w, https:\/\/agora.xtec.cat\/iecadaques\/wp-content\/uploads\/usu1969\/2024\/05\/WhatsApp-Image-2024-05-15-at-08.47.41.jpeg 1600w\" sizes=\"auto, (max-width: 1024px) 100vw, 1024px\" \/><\/p>\n","protected":false},"excerpt":{"rendered":"<p>Aquest any, l&#8217;alumnat de 3r i 4t d&#8217;ESO, es va classificar per a la final de la Copa Cangur que es va celebrar al Pavell\u00f3 poliesportiu de Can Noguera a La Garriga. Van quedar en dotzena posici\u00f3 en una semifinal molt disputada.<br \/>\nD&#8217;altra banda, durant l&#8217;any&hellip;  <a href=\"https:\/\/agora.xtec.cat\/iecadaques\/portada\/concursos-matematiques-proves-cangur-i-copa-cangur\/\" title=\"Read Concursos matem\u00e0tiques: Proves Cangur i Copa Cangur\">Llegeix m\u00e9s\u00bb<\/a><\/p>\n","protected":false},"author":26,"featured_media":24435,"comment_status":"closed","ping_status":"closed","sticky":false,"template":"","format":"standard","meta":{"_bbp_topic_count":0,"_bbp_reply_count":0,"_bbp_total_topic_count":0,"_bbp_total_reply_count":0,"_bbp_voice_count":0,"_bbp_anonymous_reply_count":0,"_bbp_topic_count_hidden":0,"_bbp_reply_count_hidden":0,"_bbp_forum_subforum_count":0,"footnotes":""},"categories":[167,29],"tags":[],"class_list":["post-24434","post","type-post","status-publish","format-standard","has-post-thumbnail","hentry","category-eso","category-portada"],"post_mailing_queue_ids":[],"_links":{"self":[{"href":"https:\/\/agora.xtec.cat\/iecadaques\/wp-json\/wp\/v2\/posts\/24434","targetHints":{"allow":["GET"]}}],"collection":[{"href":"https:\/\/agora.xtec.cat\/iecadaques\/wp-json\/wp\/v2\/posts"}],"about":[{"href":"https:\/\/agora.xtec.cat\/iecadaques\/wp-json\/wp\/v2\/types\/post"}],"author":[{"embeddable":true,"href":"https:\/\/agora.xtec.cat\/iecadaques\/wp-json\/wp\/v2\/users\/26"}],"replies":[{"embeddable":true,"href":"https:\/\/agora.xtec.cat\/iecadaques\/wp-json\/wp\/v2\/comments?post=24434"}],"version-history":[{"count":1,"href":"https:\/\/agora.xtec.cat\/iecadaques\/wp-json\/wp\/v2\/posts\/24434\/revisions"}],"predecessor-version":[{"id":24438,"href":"https:\/\/agora.xtec.cat\/iecadaques\/wp-json\/wp\/v2\/posts\/24434\/revisions\/24438"}],"wp:featuredmedia":[{"embeddable":true,"href":"https:\/\/agora.xtec.cat\/iecadaques\/wp-json\/wp\/v2\/media\/24435"}],"wp:attachment":[{"href":"https:\/\/agora.xtec.cat\/iecadaques\/wp-json\/wp\/v2\/media?parent=24434"}],"wp:term":[{"taxonomy":"category","embeddable":true,"href":"https:\/\/agora.xtec.cat\/iecadaques\/wp-json\/wp\/v2\/categories?post=24434"},{"taxonomy":"post_tag","embeddable":true,"href":"https:\/\/agora.xtec.cat\/iecadaques\/wp-json\/wp\/v2\/tags?post=24434"}],"curies":[{"name":"wp","href":"https:\/\/api.w.org\/{rel}","templated":true}]}}