{"id":24410,"date":"2024-04-29T10:00:59","date_gmt":"2024-04-29T08:00:59","guid":{"rendered":"https:\/\/agora.xtec.cat\/iecadaques\/?p=24410"},"modified":"2024-04-29T10:00:59","modified_gmt":"2024-04-29T08:00:59","slug":"fira-de-la-ciencia","status":"publish","type":"post","link":"https:\/\/agora.xtec.cat\/iecadaques\/general\/fira-de-la-ciencia\/","title":{"rendered":"Fira de la ci\u00e8ncia"},"content":{"rendered":"<p style=\"text-align: justify;\">Dimecres passat, amb motiu de la setmana cultural, els i les alumnes de 5\u00e8 i 6\u00e8 van preparar una fira de la ci\u00e8ncia pels m\u00e9s petits, a partir d&#8217;experiments relacionats amb l&#8217;aigua. Va ser una experi\u00e8ncia fant\u00e0stica!<\/p>\n<p><a href=\"https:\/\/agora.xtec.cat\/iecadaques\/wp-content\/uploads\/usu1969\/2024\/04\/firaciencia1.jpeg\"><img loading=\"lazy\" decoding=\"async\" class=\"wp-image-24411 aligncenter\" src=\"https:\/\/agora.xtec.cat\/iecadaques\/wp-content\/uploads\/usu1969\/2024\/04\/firaciencia1-768x1024.jpeg\" alt=\"\" width=\"601\" height=\"802\" srcset=\"https:\/\/agora.xtec.cat\/iecadaques\/wp-content\/uploads\/usu1969\/2024\/04\/firaciencia1-768x1024.jpeg 768w, https:\/\/agora.xtec.cat\/iecadaques\/wp-content\/uploads\/usu1969\/2024\/04\/firaciencia1-225x300.jpeg 225w, https:\/\/agora.xtec.cat\/iecadaques\/wp-content\/uploads\/usu1969\/2024\/04\/firaciencia1-1152x1536.jpeg 1152w, https:\/\/agora.xtec.cat\/iecadaques\/wp-content\/uploads\/usu1969\/2024\/04\/firaciencia1.jpeg 1500w\" sizes=\"auto, (max-width: 601px) 100vw, 601px\" \/><\/a><\/p>\n<p><a href=\"https:\/\/agora.xtec.cat\/iecadaques\/wp-content\/uploads\/usu1969\/2024\/04\/firaciencia2.jpeg\"><img loading=\"lazy\" decoding=\"async\" class=\"wp-image-24412 aligncenter\" src=\"https:\/\/agora.xtec.cat\/iecadaques\/wp-content\/uploads\/usu1969\/2024\/04\/firaciencia2-768x1024.jpeg\" alt=\"\" width=\"595\" height=\"793\" srcset=\"https:\/\/agora.xtec.cat\/iecadaques\/wp-content\/uploads\/usu1969\/2024\/04\/firaciencia2-768x1024.jpeg 768w, https:\/\/agora.xtec.cat\/iecadaques\/wp-content\/uploads\/usu1969\/2024\/04\/firaciencia2-225x300.jpeg 225w, https:\/\/agora.xtec.cat\/iecadaques\/wp-content\/uploads\/usu1969\/2024\/04\/firaciencia2-1152x1536.jpeg 1152w, https:\/\/agora.xtec.cat\/iecadaques\/wp-content\/uploads\/usu1969\/2024\/04\/firaciencia2.jpeg 1500w\" sizes=\"auto, (max-width: 595px) 100vw, 595px\" \/><\/a><\/p>\n<p><a href=\"https:\/\/agora.xtec.cat\/iecadaques\/wp-content\/uploads\/usu1969\/2024\/04\/firaciencia3.jpeg\"><img loading=\"lazy\" decoding=\"async\" class=\"wp-image-24413 aligncenter\" src=\"https:\/\/agora.xtec.cat\/iecadaques\/wp-content\/uploads\/usu1969\/2024\/04\/firaciencia3-1024x769.jpeg\" alt=\"\" width=\"610\" height=\"458\" srcset=\"https:\/\/agora.xtec.cat\/iecadaques\/wp-content\/uploads\/usu1969\/2024\/04\/firaciencia3-1024x769.jpeg 1024w, https:\/\/agora.xtec.cat\/iecadaques\/wp-content\/uploads\/usu1969\/2024\/04\/firaciencia3-300x225.jpeg 300w, https:\/\/agora.xtec.cat\/iecadaques\/wp-content\/uploads\/usu1969\/2024\/04\/firaciencia3-768x576.jpeg 768w, https:\/\/agora.xtec.cat\/iecadaques\/wp-content\/uploads\/usu1969\/2024\/04\/firaciencia3-1536x1153.jpeg 1536w, https:\/\/agora.xtec.cat\/iecadaques\/wp-content\/uploads\/usu1969\/2024\/04\/firaciencia3-200x150.jpeg 200w, https:\/\/agora.xtec.cat\/iecadaques\/wp-content\/uploads\/usu1969\/2024\/04\/firaciencia3.jpeg 2048w\" sizes=\"auto, (max-width: 610px) 100vw, 610px\" \/><\/a><\/p>\n<p><a href=\"https:\/\/agora.xtec.cat\/iecadaques\/wp-content\/uploads\/usu1969\/2024\/04\/firaciencia4.jpeg\"><img loading=\"lazy\" decoding=\"async\" class=\" wp-image-24414 aligncenter\" src=\"https:\/\/agora.xtec.cat\/iecadaques\/wp-content\/uploads\/usu1969\/2024\/04\/firaciencia4-1024x769.jpeg\" alt=\"\" width=\"587\" height=\"441\" srcset=\"https:\/\/agora.xtec.cat\/iecadaques\/wp-content\/uploads\/usu1969\/2024\/04\/firaciencia4-1024x769.jpeg 1024w, https:\/\/agora.xtec.cat\/iecadaques\/wp-content\/uploads\/usu1969\/2024\/04\/firaciencia4-300x225.jpeg 300w, https:\/\/agora.xtec.cat\/iecadaques\/wp-content\/uploads\/usu1969\/2024\/04\/firaciencia4-768x576.jpeg 768w, https:\/\/agora.xtec.cat\/iecadaques\/wp-content\/uploads\/usu1969\/2024\/04\/firaciencia4-1536x1153.jpeg 1536w, https:\/\/agora.xtec.cat\/iecadaques\/wp-content\/uploads\/usu1969\/2024\/04\/firaciencia4-200x150.jpeg 200w, https:\/\/agora.xtec.cat\/iecadaques\/wp-content\/uploads\/usu1969\/2024\/04\/firaciencia4.jpeg 2048w\" sizes=\"auto, (max-width: 587px) 100vw, 587px\" \/><\/a><\/p>\n<p><a href=\"https:\/\/agora.xtec.cat\/iecadaques\/wp-content\/uploads\/usu1969\/2024\/04\/firaciencia5.jpeg\"><img loading=\"lazy\" decoding=\"async\" class=\" wp-image-24415 aligncenter\" src=\"https:\/\/agora.xtec.cat\/iecadaques\/wp-content\/uploads\/usu1969\/2024\/04\/firaciencia5-769x1024.jpeg\" alt=\"\" width=\"586\" height=\"780\" srcset=\"https:\/\/agora.xtec.cat\/iecadaques\/wp-content\/uploads\/usu1969\/2024\/04\/firaciencia5-769x1024.jpeg 769w, https:\/\/agora.xtec.cat\/iecadaques\/wp-content\/uploads\/usu1969\/2024\/04\/firaciencia5-225x300.jpeg 225w, https:\/\/agora.xtec.cat\/iecadaques\/wp-content\/uploads\/usu1969\/2024\/04\/firaciencia5-768x1023.jpeg 768w, https:\/\/agora.xtec.cat\/iecadaques\/wp-content\/uploads\/usu1969\/2024\/04\/firaciencia5-1153x1536.jpeg 1153w, https:\/\/agora.xtec.cat\/iecadaques\/wp-content\/uploads\/usu1969\/2024\/04\/firaciencia5.jpeg 1537w\" sizes=\"auto, (max-width: 586px) 100vw, 586px\" \/><\/a><\/p>\n<p><a href=\"https:\/\/agora.xtec.cat\/iecadaques\/wp-content\/uploads\/usu1969\/2024\/04\/firaciencia6.jpeg\"><img loading=\"lazy\" decoding=\"async\" class=\"size-large wp-image-24416 aligncenter\" src=\"https:\/\/agora.xtec.cat\/iecadaques\/wp-content\/uploads\/usu1969\/2024\/04\/firaciencia6-578x1024.jpeg\" alt=\"\" width=\"578\" height=\"1024\" srcset=\"https:\/\/agora.xtec.cat\/iecadaques\/wp-content\/uploads\/usu1969\/2024\/04\/firaciencia6-578x1024.jpeg 578w, https:\/\/agora.xtec.cat\/iecadaques\/wp-content\/uploads\/usu1969\/2024\/04\/firaciencia6-169x300.jpeg 169w, https:\/\/agora.xtec.cat\/iecadaques\/wp-content\/uploads\/usu1969\/2024\/04\/firaciencia6-768x1362.jpeg 768w, https:\/\/agora.xtec.cat\/iecadaques\/wp-content\/uploads\/usu1969\/2024\/04\/firaciencia6-866x1536.jpeg 866w, https:\/\/agora.xtec.cat\/iecadaques\/wp-content\/uploads\/usu1969\/2024\/04\/firaciencia6.jpeg 1155w\" sizes=\"auto, (max-width: 578px) 100vw, 578px\" \/><\/a><\/p>\n<p><a href=\"https:\/\/agora.xtec.cat\/iecadaques\/wp-content\/uploads\/usu1969\/2024\/04\/firaciencia7.jpeg\"><img loading=\"lazy\" decoding=\"async\" class=\"wp-image-24417 aligncenter\" src=\"https:\/\/agora.xtec.cat\/iecadaques\/wp-content\/uploads\/usu1969\/2024\/04\/firaciencia7-1024x576.jpeg\" alt=\"\" width=\"678\" height=\"381\" srcset=\"https:\/\/agora.xtec.cat\/iecadaques\/wp-content\/uploads\/usu1969\/2024\/04\/firaciencia7-1024x576.jpeg 1024w, https:\/\/agora.xtec.cat\/iecadaques\/wp-content\/uploads\/usu1969\/2024\/04\/firaciencia7-300x169.jpeg 300w, https:\/\/agora.xtec.cat\/iecadaques\/wp-content\/uploads\/usu1969\/2024\/04\/firaciencia7-768x432.jpeg 768w, https:\/\/agora.xtec.cat\/iecadaques\/wp-content\/uploads\/usu1969\/2024\/04\/firaciencia7-1536x864.jpeg 1536w, https:\/\/agora.xtec.cat\/iecadaques\/wp-content\/uploads\/usu1969\/2024\/04\/firaciencia7.jpeg 2040w\" sizes=\"auto, (max-width: 678px) 100vw, 678px\" \/><\/a><\/p>\n<p><a href=\"https:\/\/agora.xtec.cat\/iecadaques\/wp-content\/uploads\/usu1969\/2024\/04\/firaciencia8.jpeg\"><img loading=\"lazy\" decoding=\"async\" class=\"size-large wp-image-24418 aligncenter\" src=\"https:\/\/agora.xtec.cat\/iecadaques\/wp-content\/uploads\/usu1969\/2024\/04\/firaciencia8-578x1024.jpeg\" alt=\"\" width=\"578\" height=\"1024\" srcset=\"https:\/\/agora.xtec.cat\/iecadaques\/wp-content\/uploads\/usu1969\/2024\/04\/firaciencia8-578x1024.jpeg 578w, https:\/\/agora.xtec.cat\/iecadaques\/wp-content\/uploads\/usu1969\/2024\/04\/firaciencia8-169x300.jpeg 169w, https:\/\/agora.xtec.cat\/iecadaques\/wp-content\/uploads\/usu1969\/2024\/04\/firaciencia8-768x1362.jpeg 768w, https:\/\/agora.xtec.cat\/iecadaques\/wp-content\/uploads\/usu1969\/2024\/04\/firaciencia8-866x1536.jpeg 866w, https:\/\/agora.xtec.cat\/iecadaques\/wp-content\/uploads\/usu1969\/2024\/04\/firaciencia8.jpeg 1155w\" sizes=\"auto, (max-width: 578px) 100vw, 578px\" \/><\/a><\/p>\n<p><a href=\"https:\/\/agora.xtec.cat\/iecadaques\/wp-content\/uploads\/usu1969\/2024\/04\/firaciencia9.jpeg\"><img loading=\"lazy\" decoding=\"async\" class=\"wp-image-24419 aligncenter\" src=\"https:\/\/agora.xtec.cat\/iecadaques\/wp-content\/uploads\/usu1969\/2024\/04\/firaciencia9-808x1024.jpeg\" alt=\"\" width=\"565\" height=\"716\" srcset=\"https:\/\/agora.xtec.cat\/iecadaques\/wp-content\/uploads\/usu1969\/2024\/04\/firaciencia9-808x1024.jpeg 808w, https:\/\/agora.xtec.cat\/iecadaques\/wp-content\/uploads\/usu1969\/2024\/04\/firaciencia9-237x300.jpeg 237w, https:\/\/agora.xtec.cat\/iecadaques\/wp-content\/uploads\/usu1969\/2024\/04\/firaciencia9-768x973.jpeg 768w, https:\/\/agora.xtec.cat\/iecadaques\/wp-content\/uploads\/usu1969\/2024\/04\/firaciencia9-1212x1536.jpeg 1212w, https:\/\/agora.xtec.cat\/iecadaques\/wp-content\/uploads\/usu1969\/2024\/04\/firaciencia9.jpeg 1616w\" sizes=\"auto, (max-width: 565px) 100vw, 565px\" \/><\/a><\/p>\n","protected":false},"excerpt":{"rendered":"<p>Els i les alumnes de 5\u00e8 i 6\u00e8 preparen una fira de la ci\u00e8ncia pels m\u00e9s petits.&hellip;  <a href=\"https:\/\/agora.xtec.cat\/iecadaques\/general\/fira-de-la-ciencia\/\" title=\"Read Fira de la ci\u00e8ncia\">Llegeix m\u00e9s\u00bb<\/a><\/p>\n","protected":false},"author":48,"featured_media":24413,"comment_status":"closed","ping_status":"closed","sticky":false,"template":"","format":"standard","meta":{"_bbp_topic_count":0,"_bbp_reply_count":0,"_bbp_total_topic_count":0,"_bbp_total_reply_count":0,"_bbp_voice_count":0,"_bbp_anonymous_reply_count":0,"_bbp_topic_count_hidden":0,"_bbp_reply_count_hidden":0,"_bbp_forum_subforum_count":0,"footnotes":""},"categories":[157,158,159,1,169,29],"tags":[184,185,265,280],"class_list":["post-24410","post","type-post","status-publish","format-standard","has-post-thumbnail","hentry","category-ci","category-cm","category-cs","category-general","category-ei","category-portada","tag-pri5","tag-pri6","tag-educacio-infantil","tag-primaria"],"post_mailing_queue_ids":[],"_links":{"self":[{"href":"https:\/\/agora.xtec.cat\/iecadaques\/wp-json\/wp\/v2\/posts\/24410","targetHints":{"allow":["GET"]}}],"collection":[{"href":"https:\/\/agora.xtec.cat\/iecadaques\/wp-json\/wp\/v2\/posts"}],"about":[{"href":"https:\/\/agora.xtec.cat\/iecadaques\/wp-json\/wp\/v2\/types\/post"}],"author":[{"embeddable":true,"href":"https:\/\/agora.xtec.cat\/iecadaques\/wp-json\/wp\/v2\/users\/48"}],"replies":[{"embeddable":true,"href":"https:\/\/agora.xtec.cat\/iecadaques\/wp-json\/wp\/v2\/comments?post=24410"}],"version-history":[{"count":1,"href":"https:\/\/agora.xtec.cat\/iecadaques\/wp-json\/wp\/v2\/posts\/24410\/revisions"}],"predecessor-version":[{"id":24420,"href":"https:\/\/agora.xtec.cat\/iecadaques\/wp-json\/wp\/v2\/posts\/24410\/revisions\/24420"}],"wp:featuredmedia":[{"embeddable":true,"href":"https:\/\/agora.xtec.cat\/iecadaques\/wp-json\/wp\/v2\/media\/24413"}],"wp:attachment":[{"href":"https:\/\/agora.xtec.cat\/iecadaques\/wp-json\/wp\/v2\/media?parent=24410"}],"wp:term":[{"taxonomy":"category","embeddable":true,"href":"https:\/\/agora.xtec.cat\/iecadaques\/wp-json\/wp\/v2\/categories?post=24410"},{"taxonomy":"post_tag","embeddable":true,"href":"https:\/\/agora.xtec.cat\/iecadaques\/wp-json\/wp\/v2\/tags?post=24410"}],"curies":[{"name":"wp","href":"https:\/\/api.w.org\/{rel}","templated":true}]}}