{"id":24406,"date":"2024-04-29T09:33:27","date_gmt":"2024-04-29T07:33:27","guid":{"rendered":"https:\/\/agora.xtec.cat\/iecadaques\/?p=24406"},"modified":"2024-04-29T09:33:27","modified_gmt":"2024-04-29T07:33:27","slug":"sant-jordi-junts-millor","status":"publish","type":"post","link":"https:\/\/agora.xtec.cat\/iecadaques\/general\/sant-jordi-junts-millor\/","title":{"rendered":"Sant Jordi, junts millor!"},"content":{"rendered":"<p><span style=\"font-weight: 400;\">El dimarts 23 d\u2019abril, els alumnes de 3r d\u2019ESO que participen en el projecte de Grans Moments van visitar els residents de L\u2019Hospital per celebrar la diada de Sant Jordi.<\/span><\/p>\n<p><span style=\"font-weight: 400;\">Vam compartir una estona d\u2019alegria i diversi\u00f3, a m\u00e9s de regals fets a m\u00e0 pels joves i els grans. Unes fant\u00e0stiques roses de papirofl\u00e8xia que van rebre tots els residents de L\u2019Hospital i una agulla de pit de feltre que podeu veure lluir a les motxilles i solapes dels joves.<\/span><\/p>\n<p><span style=\"font-weight: 400;\">Una diada de Sant Jordi meravellosa per a totes les edats \ud83d\ude09<\/span><\/p>\n<p><span style=\"font-weight: 400;\">Moltes gr\u00e0cies a tots i totes per fer-ho possible.<\/span><\/p>\n<p><a href=\"https:\/\/agora.xtec.cat\/iecadaques\/wp-content\/uploads\/usu1969\/2024\/04\/PHOTO-2024-04-23-21-25-03.jpg\"><img loading=\"lazy\" decoding=\"async\" class=\"alignnone size-large wp-image-24407\" src=\"https:\/\/agora.xtec.cat\/iecadaques\/wp-content\/uploads\/usu1969\/2024\/04\/PHOTO-2024-04-23-21-25-03-1024x473.jpg\" alt=\"\" width=\"1024\" height=\"473\" srcset=\"https:\/\/agora.xtec.cat\/iecadaques\/wp-content\/uploads\/usu1969\/2024\/04\/PHOTO-2024-04-23-21-25-03-1024x473.jpg 1024w, https:\/\/agora.xtec.cat\/iecadaques\/wp-content\/uploads\/usu1969\/2024\/04\/PHOTO-2024-04-23-21-25-03-300x138.jpg 300w, https:\/\/agora.xtec.cat\/iecadaques\/wp-content\/uploads\/usu1969\/2024\/04\/PHOTO-2024-04-23-21-25-03-768x354.jpg 768w, https:\/\/agora.xtec.cat\/iecadaques\/wp-content\/uploads\/usu1969\/2024\/04\/PHOTO-2024-04-23-21-25-03-1536x709.jpg 1536w, https:\/\/agora.xtec.cat\/iecadaques\/wp-content\/uploads\/usu1969\/2024\/04\/PHOTO-2024-04-23-21-25-03.jpg 2048w\" sizes=\"auto, (max-width: 1024px) 100vw, 1024px\" \/><\/a><\/p>\n<p><a href=\"https:\/\/agora.xtec.cat\/iecadaques\/wp-content\/uploads\/usu1969\/2024\/04\/PHOTO-2024-04-23-21-25-01-2.jpg\"><img loading=\"lazy\" decoding=\"async\" class=\"alignnone size-large wp-image-24408\" src=\"https:\/\/agora.xtec.cat\/iecadaques\/wp-content\/uploads\/usu1969\/2024\/04\/PHOTO-2024-04-23-21-25-01-2-1024x768.jpg\" alt=\"\" width=\"1024\" height=\"768\" srcset=\"https:\/\/agora.xtec.cat\/iecadaques\/wp-content\/uploads\/usu1969\/2024\/04\/PHOTO-2024-04-23-21-25-01-2-1024x768.jpg 1024w, https:\/\/agora.xtec.cat\/iecadaques\/wp-content\/uploads\/usu1969\/2024\/04\/PHOTO-2024-04-23-21-25-01-2-300x225.jpg 300w, https:\/\/agora.xtec.cat\/iecadaques\/wp-content\/uploads\/usu1969\/2024\/04\/PHOTO-2024-04-23-21-25-01-2-768x576.jpg 768w, https:\/\/agora.xtec.cat\/iecadaques\/wp-content\/uploads\/usu1969\/2024\/04\/PHOTO-2024-04-23-21-25-01-2-1536x1152.jpg 1536w, https:\/\/agora.xtec.cat\/iecadaques\/wp-content\/uploads\/usu1969\/2024\/04\/PHOTO-2024-04-23-21-25-01-2-200x150.jpg 200w, https:\/\/agora.xtec.cat\/iecadaques\/wp-content\/uploads\/usu1969\/2024\/04\/PHOTO-2024-04-23-21-25-01-2.jpg 2048w\" sizes=\"auto, (max-width: 1024px) 100vw, 1024px\" \/><\/a><\/p>\n","protected":false},"excerpt":{"rendered":"<p>Els i les alumnes de 3r d&#8217;ESO visiten els residents de L&#8217;Hospital el dia de Sant Jordi.&hellip;  <a href=\"https:\/\/agora.xtec.cat\/iecadaques\/general\/sant-jordi-junts-millor\/\" title=\"Read Sant Jordi, junts millor!\">Llegeix m\u00e9s\u00bb<\/a><\/p>\n","protected":false},"author":48,"featured_media":24408,"comment_status":"closed","ping_status":"closed","sticky":false,"template":"","format":"standard","meta":{"_bbp_topic_count":0,"_bbp_reply_count":0,"_bbp_total_topic_count":0,"_bbp_total_reply_count":0,"_bbp_voice_count":0,"_bbp_anonymous_reply_count":0,"_bbp_topic_count_hidden":0,"_bbp_reply_count_hidden":0,"_bbp_forum_subforum_count":0,"footnotes":""},"categories":[167,1,29],"tags":[131],"class_list":["post-24406","post","type-post","status-publish","format-standard","has-post-thumbnail","hentry","category-eso","category-general","category-portada","tag-eso3"],"post_mailing_queue_ids":[],"_links":{"self":[{"href":"https:\/\/agora.xtec.cat\/iecadaques\/wp-json\/wp\/v2\/posts\/24406","targetHints":{"allow":["GET"]}}],"collection":[{"href":"https:\/\/agora.xtec.cat\/iecadaques\/wp-json\/wp\/v2\/posts"}],"about":[{"href":"https:\/\/agora.xtec.cat\/iecadaques\/wp-json\/wp\/v2\/types\/post"}],"author":[{"embeddable":true,"href":"https:\/\/agora.xtec.cat\/iecadaques\/wp-json\/wp\/v2\/users\/48"}],"replies":[{"embeddable":true,"href":"https:\/\/agora.xtec.cat\/iecadaques\/wp-json\/wp\/v2\/comments?post=24406"}],"version-history":[{"count":1,"href":"https:\/\/agora.xtec.cat\/iecadaques\/wp-json\/wp\/v2\/posts\/24406\/revisions"}],"predecessor-version":[{"id":24409,"href":"https:\/\/agora.xtec.cat\/iecadaques\/wp-json\/wp\/v2\/posts\/24406\/revisions\/24409"}],"wp:featuredmedia":[{"embeddable":true,"href":"https:\/\/agora.xtec.cat\/iecadaques\/wp-json\/wp\/v2\/media\/24408"}],"wp:attachment":[{"href":"https:\/\/agora.xtec.cat\/iecadaques\/wp-json\/wp\/v2\/media?parent=24406"}],"wp:term":[{"taxonomy":"category","embeddable":true,"href":"https:\/\/agora.xtec.cat\/iecadaques\/wp-json\/wp\/v2\/categories?post=24406"},{"taxonomy":"post_tag","embeddable":true,"href":"https:\/\/agora.xtec.cat\/iecadaques\/wp-json\/wp\/v2\/tags?post=24406"}],"curies":[{"name":"wp","href":"https:\/\/api.w.org\/{rel}","templated":true}]}}