{"id":24389,"date":"2024-04-09T08:12:30","date_gmt":"2024-04-09T06:12:30","guid":{"rendered":"https:\/\/agora.xtec.cat\/iecadaques\/?p=24389"},"modified":"2024-04-09T08:12:50","modified_gmt":"2024-04-09T06:12:50","slug":"marxa-eli-esteve-2024","status":"publish","type":"post","link":"https:\/\/agora.xtec.cat\/iecadaques\/general\/marxa-eli-esteve-2024\/","title":{"rendered":"Marxa Eli Esteve 2024"},"content":{"rendered":"<p>El passat 22 de mar\u00e7 els alumnes de l&#8217;Institut Escola Caritat Serinyana Cap de Creus, acompanyats d&#8217;alguns visitants que s&#8217;hi van voler afegir, van celebrar la XIV edici\u00f3 de la marxa en mem\u00f2ria de l&#8217;Eli Esteve, que fou professora d&#8217;Educaci\u00f3 F\u00edsica de l&#8217;Escola.<\/p>\n<p>El dia va ser for\u00e7a assolellat, la qual cosa va permetre gaudir d&#8217;un recorregut per la muntanya veient tot all\u00f2 que envolta Cadaqu\u00e9s. Aix\u00f2 fa que, tot i la dificultat en algun dels trams, la marxa esdevingui una experi\u00e8ncia \u00fanica!<\/p>\n<p>De segur que a l&#8217;Eli li hauria encantat veure&#8217;ns a tots muntanya amunt, muntanya avall.<\/p>\n<p>Abans d&#8217;iniciar la jornada, els alumnes de 3r van llegir unes paraules en record de L&#8217;Eli Esteve\u00a0<span class=\"hiddenSpellError\">Pica\u00f1ol<\/span>.<\/p>\n<p>L&#8217;Eli ens va deixar el 7 d&#8217;octubre de 2011, quan tenia quaranta-vuit anys, era nascuda a Manresa, per\u00f2 vivia a Figueres fins que la van contractar com a treballadora de l&#8217;\u00c0rea d&#8217;Esports de l&#8217;Ajuntament de Cadaqu\u00e9s. Va ser l&#8217;organitzadora de diversos esdeveniments esportius a Cadaqu\u00e9s i va promocionar l&#8217;activitat f\u00edsica i l&#8217;esport entre els joves del poble, sobre tot el b\u00e0squet, l&#8217;esqu\u00ed i el rem.<br \/>\nVa viure a Cadaqu\u00e9s i va treballar a l&#8217;escola durant molt de temps, on organitzava activitats extraescolars de manera incansable.<br \/>\nCada dissabte anava amb un autocar a Figueres a competir amb nens (tenis, b\u00e0dminton, futbol&#8230;).<br \/>\nCom a an\u00e8cdota podem dir que els entrenadors li tenien mania perqu\u00e8 ella els guanyava gaireb\u00e9 sempre.<br \/>\nVa ser ella qui va muntar una activitat per tal que els nens de Cadaqu\u00e9s poguessin anar a esquiar a Ll\u00edvia.<br \/>\nL&#8217;Eli era\u00a0<span class=\"hiddenGrammarError\">din\u00e0mica<\/span>, feli\u00e7, riallera, exigent, bromista, tenia totes les qualitats d&#8217;una gran persona, i aix\u00ed la recordem.<img loading=\"lazy\" decoding=\"async\" class=\"alignnone size-large wp-image-24392\" src=\"https:\/\/agora.xtec.cat\/iecadaques\/wp-content\/uploads\/usu1969\/2024\/04\/Foto-1-marxa-2024-1024x576.jpg\" alt=\"\" width=\"1024\" height=\"576\" srcset=\"https:\/\/agora.xtec.cat\/iecadaques\/wp-content\/uploads\/usu1969\/2024\/04\/Foto-1-marxa-2024-1024x576.jpg 1024w, https:\/\/agora.xtec.cat\/iecadaques\/wp-content\/uploads\/usu1969\/2024\/04\/Foto-1-marxa-2024-300x169.jpg 300w, https:\/\/agora.xtec.cat\/iecadaques\/wp-content\/uploads\/usu1969\/2024\/04\/Foto-1-marxa-2024-768x432.jpg 768w, https:\/\/agora.xtec.cat\/iecadaques\/wp-content\/uploads\/usu1969\/2024\/04\/Foto-1-marxa-2024-1536x864.jpg 1536w, https:\/\/agora.xtec.cat\/iecadaques\/wp-content\/uploads\/usu1969\/2024\/04\/Foto-1-marxa-2024.jpg 1920w\" sizes=\"auto, (max-width: 1024px) 100vw, 1024px\" \/> <img loading=\"lazy\" decoding=\"async\" class=\"alignnone size-large wp-image-24393\" src=\"https:\/\/agora.xtec.cat\/iecadaques\/wp-content\/uploads\/usu1969\/2024\/04\/Foto-2-marxa-2024-576x1024.jpg\" alt=\"\" width=\"576\" height=\"1024\" srcset=\"https:\/\/agora.xtec.cat\/iecadaques\/wp-content\/uploads\/usu1969\/2024\/04\/Foto-2-marxa-2024-576x1024.jpg 576w, https:\/\/agora.xtec.cat\/iecadaques\/wp-content\/uploads\/usu1969\/2024\/04\/Foto-2-marxa-2024-169x300.jpg 169w, https:\/\/agora.xtec.cat\/iecadaques\/wp-content\/uploads\/usu1969\/2024\/04\/Foto-2-marxa-2024-768x1365.jpg 768w, https:\/\/agora.xtec.cat\/iecadaques\/wp-content\/uploads\/usu1969\/2024\/04\/Foto-2-marxa-2024-864x1536.jpg 864w, https:\/\/agora.xtec.cat\/iecadaques\/wp-content\/uploads\/usu1969\/2024\/04\/Foto-2-marxa-2024.jpg 1080w\" sizes=\"auto, (max-width: 576px) 100vw, 576px\" \/> <img loading=\"lazy\" decoding=\"async\" class=\"alignnone size-large wp-image-24394\" src=\"https:\/\/agora.xtec.cat\/iecadaques\/wp-content\/uploads\/usu1969\/2024\/04\/Foto-3-marxa-2024-1024x768.jpg\" alt=\"\" width=\"1024\" height=\"768\" srcset=\"https:\/\/agora.xtec.cat\/iecadaques\/wp-content\/uploads\/usu1969\/2024\/04\/Foto-3-marxa-2024-1024x768.jpg 1024w, https:\/\/agora.xtec.cat\/iecadaques\/wp-content\/uploads\/usu1969\/2024\/04\/Foto-3-marxa-2024-300x225.jpg 300w, https:\/\/agora.xtec.cat\/iecadaques\/wp-content\/uploads\/usu1969\/2024\/04\/Foto-3-marxa-2024-768x576.jpg 768w, https:\/\/agora.xtec.cat\/iecadaques\/wp-content\/uploads\/usu1969\/2024\/04\/Foto-3-marxa-2024-1536x1152.jpg 1536w, https:\/\/agora.xtec.cat\/iecadaques\/wp-content\/uploads\/usu1969\/2024\/04\/Foto-3-marxa-2024-2048x1536.jpg 2048w, https:\/\/agora.xtec.cat\/iecadaques\/wp-content\/uploads\/usu1969\/2024\/04\/Foto-3-marxa-2024-200x150.jpg 200w\" sizes=\"auto, (max-width: 1024px) 100vw, 1024px\" \/> <img loading=\"lazy\" decoding=\"async\" class=\"alignnone size-large wp-image-24395\" src=\"https:\/\/agora.xtec.cat\/iecadaques\/wp-content\/uploads\/usu1969\/2024\/04\/Foto-4-marxa-2024-1024x768.jpg\" alt=\"\" width=\"1024\" height=\"768\" srcset=\"https:\/\/agora.xtec.cat\/iecadaques\/wp-content\/uploads\/usu1969\/2024\/04\/Foto-4-marxa-2024-1024x768.jpg 1024w, https:\/\/agora.xtec.cat\/iecadaques\/wp-content\/uploads\/usu1969\/2024\/04\/Foto-4-marxa-2024-300x225.jpg 300w, https:\/\/agora.xtec.cat\/iecadaques\/wp-content\/uploads\/usu1969\/2024\/04\/Foto-4-marxa-2024-768x576.jpg 768w, https:\/\/agora.xtec.cat\/iecadaques\/wp-content\/uploads\/usu1969\/2024\/04\/Foto-4-marxa-2024-1536x1152.jpg 1536w, https:\/\/agora.xtec.cat\/iecadaques\/wp-content\/uploads\/usu1969\/2024\/04\/Foto-4-marxa-2024-2048x1536.jpg 2048w, https:\/\/agora.xtec.cat\/iecadaques\/wp-content\/uploads\/usu1969\/2024\/04\/Foto-4-marxa-2024-200x150.jpg 200w\" sizes=\"auto, (max-width: 1024px) 100vw, 1024px\" \/> <img loading=\"lazy\" decoding=\"async\" class=\"alignnone size-large wp-image-24396\" src=\"https:\/\/agora.xtec.cat\/iecadaques\/wp-content\/uploads\/usu1969\/2024\/04\/Foto-5-marxa-2024-1024x768.jpg\" alt=\"\" width=\"1024\" height=\"768\" srcset=\"https:\/\/agora.xtec.cat\/iecadaques\/wp-content\/uploads\/usu1969\/2024\/04\/Foto-5-marxa-2024-1024x768.jpg 1024w, https:\/\/agora.xtec.cat\/iecadaques\/wp-content\/uploads\/usu1969\/2024\/04\/Foto-5-marxa-2024-300x225.jpg 300w, https:\/\/agora.xtec.cat\/iecadaques\/wp-content\/uploads\/usu1969\/2024\/04\/Foto-5-marxa-2024-768x576.jpg 768w, https:\/\/agora.xtec.cat\/iecadaques\/wp-content\/uploads\/usu1969\/2024\/04\/Foto-5-marxa-2024-1536x1152.jpg 1536w, https:\/\/agora.xtec.cat\/iecadaques\/wp-content\/uploads\/usu1969\/2024\/04\/Foto-5-marxa-2024-2048x1536.jpg 2048w, https:\/\/agora.xtec.cat\/iecadaques\/wp-content\/uploads\/usu1969\/2024\/04\/Foto-5-marxa-2024-200x150.jpg 200w\" sizes=\"auto, (max-width: 1024px) 100vw, 1024px\" \/> <img loading=\"lazy\" decoding=\"async\" class=\"alignnone size-large wp-image-24397\" src=\"https:\/\/agora.xtec.cat\/iecadaques\/wp-content\/uploads\/usu1969\/2024\/04\/Foto-6-marxa-2024-1024x768.jpg\" alt=\"\" width=\"1024\" height=\"768\" srcset=\"https:\/\/agora.xtec.cat\/iecadaques\/wp-content\/uploads\/usu1969\/2024\/04\/Foto-6-marxa-2024-1024x768.jpg 1024w, https:\/\/agora.xtec.cat\/iecadaques\/wp-content\/uploads\/usu1969\/2024\/04\/Foto-6-marxa-2024-300x225.jpg 300w, https:\/\/agora.xtec.cat\/iecadaques\/wp-content\/uploads\/usu1969\/2024\/04\/Foto-6-marxa-2024-768x576.jpg 768w, https:\/\/agora.xtec.cat\/iecadaques\/wp-content\/uploads\/usu1969\/2024\/04\/Foto-6-marxa-2024-1536x1152.jpg 1536w, https:\/\/agora.xtec.cat\/iecadaques\/wp-content\/uploads\/usu1969\/2024\/04\/Foto-6-marxa-2024-2048x1536.jpg 2048w, https:\/\/agora.xtec.cat\/iecadaques\/wp-content\/uploads\/usu1969\/2024\/04\/Foto-6-marxa-2024-200x150.jpg 200w\" sizes=\"auto, (max-width: 1024px) 100vw, 1024px\" \/> <img loading=\"lazy\" decoding=\"async\" class=\"alignnone size-large wp-image-24398\" src=\"https:\/\/agora.xtec.cat\/iecadaques\/wp-content\/uploads\/usu1969\/2024\/04\/Foto-7-marxa-2024-1024x768.jpg\" alt=\"\" width=\"1024\" height=\"768\" srcset=\"https:\/\/agora.xtec.cat\/iecadaques\/wp-content\/uploads\/usu1969\/2024\/04\/Foto-7-marxa-2024-1024x768.jpg 1024w, https:\/\/agora.xtec.cat\/iecadaques\/wp-content\/uploads\/usu1969\/2024\/04\/Foto-7-marxa-2024-300x225.jpg 300w, https:\/\/agora.xtec.cat\/iecadaques\/wp-content\/uploads\/usu1969\/2024\/04\/Foto-7-marxa-2024-768x576.jpg 768w, https:\/\/agora.xtec.cat\/iecadaques\/wp-content\/uploads\/usu1969\/2024\/04\/Foto-7-marxa-2024-1536x1152.jpg 1536w, https:\/\/agora.xtec.cat\/iecadaques\/wp-content\/uploads\/usu1969\/2024\/04\/Foto-7-marxa-2024-2048x1536.jpg 2048w, https:\/\/agora.xtec.cat\/iecadaques\/wp-content\/uploads\/usu1969\/2024\/04\/Foto-7-marxa-2024-200x150.jpg 200w\" sizes=\"auto, (max-width: 1024px) 100vw, 1024px\" \/> <img loading=\"lazy\" decoding=\"async\" class=\"alignnone size-large wp-image-24399\" src=\"https:\/\/agora.xtec.cat\/iecadaques\/wp-content\/uploads\/usu1969\/2024\/04\/Foto-8-marxa-2024-1024x768.jpg\" alt=\"\" width=\"1024\" height=\"768\" srcset=\"https:\/\/agora.xtec.cat\/iecadaques\/wp-content\/uploads\/usu1969\/2024\/04\/Foto-8-marxa-2024-1024x768.jpg 1024w, https:\/\/agora.xtec.cat\/iecadaques\/wp-content\/uploads\/usu1969\/2024\/04\/Foto-8-marxa-2024-300x225.jpg 300w, https:\/\/agora.xtec.cat\/iecadaques\/wp-content\/uploads\/usu1969\/2024\/04\/Foto-8-marxa-2024-768x576.jpg 768w, https:\/\/agora.xtec.cat\/iecadaques\/wp-content\/uploads\/usu1969\/2024\/04\/Foto-8-marxa-2024-1536x1152.jpg 1536w, https:\/\/agora.xtec.cat\/iecadaques\/wp-content\/uploads\/usu1969\/2024\/04\/Foto-8-marxa-2024-2048x1536.jpg 2048w, https:\/\/agora.xtec.cat\/iecadaques\/wp-content\/uploads\/usu1969\/2024\/04\/Foto-8-marxa-2024-200x150.jpg 200w\" sizes=\"auto, (max-width: 1024px) 100vw, 1024px\" \/> <img loading=\"lazy\" decoding=\"async\" class=\"alignnone size-large wp-image-24400\" src=\"https:\/\/agora.xtec.cat\/iecadaques\/wp-content\/uploads\/usu1969\/2024\/04\/Foto-9-marxa-2024-1024x768.jpg\" alt=\"\" width=\"1024\" height=\"768\" srcset=\"https:\/\/agora.xtec.cat\/iecadaques\/wp-content\/uploads\/usu1969\/2024\/04\/Foto-9-marxa-2024-1024x768.jpg 1024w, https:\/\/agora.xtec.cat\/iecadaques\/wp-content\/uploads\/usu1969\/2024\/04\/Foto-9-marxa-2024-300x225.jpg 300w, https:\/\/agora.xtec.cat\/iecadaques\/wp-content\/uploads\/usu1969\/2024\/04\/Foto-9-marxa-2024-768x576.jpg 768w, https:\/\/agora.xtec.cat\/iecadaques\/wp-content\/uploads\/usu1969\/2024\/04\/Foto-9-marxa-2024-1536x1152.jpg 1536w, https:\/\/agora.xtec.cat\/iecadaques\/wp-content\/uploads\/usu1969\/2024\/04\/Foto-9-marxa-2024-2048x1536.jpg 2048w, https:\/\/agora.xtec.cat\/iecadaques\/wp-content\/uploads\/usu1969\/2024\/04\/Foto-9-marxa-2024-200x150.jpg 200w\" sizes=\"auto, (max-width: 1024px) 100vw, 1024px\" \/><\/p>\n","protected":false},"excerpt":{"rendered":"<p>El passat 22 de mar\u00e7 els alumnes de l&#8217;Institut Escola Caritat Serinyana Cap de Creus, acompanyats d&#8217;alguns visitants que s&#8217;hi van voler afegir, van celebrar la XIV edici\u00f3 de la marxa en mem\u00f2ria de l&#8217;Eli Esteve, que fou professora d&#8217;Educaci\u00f3 F\u00edsica de l&#8217;Escola.<br \/>\nEl dia va&hellip;  <a href=\"https:\/\/agora.xtec.cat\/iecadaques\/general\/marxa-eli-esteve-2024\/\" title=\"Read Marxa Eli Esteve 2024\">Llegeix m\u00e9s\u00bb<\/a><\/p>\n","protected":false},"author":26,"featured_media":24400,"comment_status":"closed","ping_status":"closed","sticky":false,"template":"","format":"standard","meta":{"_bbp_topic_count":0,"_bbp_reply_count":0,"_bbp_total_topic_count":0,"_bbp_total_reply_count":0,"_bbp_voice_count":0,"_bbp_anonymous_reply_count":0,"_bbp_topic_count_hidden":0,"_bbp_reply_count_hidden":0,"_bbp_forum_subforum_count":0,"footnotes":""},"categories":[157,158,159,167,1,169,29],"tags":[],"class_list":["post-24389","post","type-post","status-publish","format-standard","has-post-thumbnail","hentry","category-ci","category-cm","category-cs","category-eso","category-general","category-ei","category-portada"],"post_mailing_queue_ids":[],"_links":{"self":[{"href":"https:\/\/agora.xtec.cat\/iecadaques\/wp-json\/wp\/v2\/posts\/24389","targetHints":{"allow":["GET"]}}],"collection":[{"href":"https:\/\/agora.xtec.cat\/iecadaques\/wp-json\/wp\/v2\/posts"}],"about":[{"href":"https:\/\/agora.xtec.cat\/iecadaques\/wp-json\/wp\/v2\/types\/post"}],"author":[{"embeddable":true,"href":"https:\/\/agora.xtec.cat\/iecadaques\/wp-json\/wp\/v2\/users\/26"}],"replies":[{"embeddable":true,"href":"https:\/\/agora.xtec.cat\/iecadaques\/wp-json\/wp\/v2\/comments?post=24389"}],"version-history":[{"count":1,"href":"https:\/\/agora.xtec.cat\/iecadaques\/wp-json\/wp\/v2\/posts\/24389\/revisions"}],"predecessor-version":[{"id":24401,"href":"https:\/\/agora.xtec.cat\/iecadaques\/wp-json\/wp\/v2\/posts\/24389\/revisions\/24401"}],"wp:featuredmedia":[{"embeddable":true,"href":"https:\/\/agora.xtec.cat\/iecadaques\/wp-json\/wp\/v2\/media\/24400"}],"wp:attachment":[{"href":"https:\/\/agora.xtec.cat\/iecadaques\/wp-json\/wp\/v2\/media?parent=24389"}],"wp:term":[{"taxonomy":"category","embeddable":true,"href":"https:\/\/agora.xtec.cat\/iecadaques\/wp-json\/wp\/v2\/categories?post=24389"},{"taxonomy":"post_tag","embeddable":true,"href":"https:\/\/agora.xtec.cat\/iecadaques\/wp-json\/wp\/v2\/tags?post=24389"}],"curies":[{"name":"wp","href":"https:\/\/api.w.org\/{rel}","templated":true}]}}