{"id":24344,"date":"2024-02-26T15:12:47","date_gmt":"2024-02-26T14:12:47","guid":{"rendered":"https:\/\/agora.xtec.cat\/iecadaques\/?p=24344"},"modified":"2024-02-27T09:56:36","modified_gmt":"2024-02-27T08:56:36","slug":"preinscripcio-curs-2024-2025","status":"publish","type":"post","link":"https:\/\/agora.xtec.cat\/iecadaques\/general\/preinscripcio-curs-2024-2025\/","title":{"rendered":"Preinscripci\u00f3 curs 2024-2025"},"content":{"rendered":"<p>Us informem que properament s&#8217;obriran els terminis per fer la preinscripci\u00f3 pel curs escolar 2024-2025.<\/p>\n<p>Els per\u00edodes de preinscripci\u00f3 seran els seg\u00fcents:<\/p>\n<p>&#8211; Segon cicle d&#8217;educaci\u00f3 infantil i educaci\u00f3 prim\u00e0ria: del 6 al 20 de mar\u00e7.<\/p>\n<p>&#8211; ESO: del 8 al 20 de mar\u00e7.<\/p>\n<p>Per m\u00e9s informaci\u00f3, accediu a l&#8217;enlla\u00e7 seg\u00fcent: <a href=\"https:\/\/preinscripcio.gencat.cat\/ca\/inici\/\">https:\/\/preinscripcio.gencat.cat\/ca\/inici\/\u00a0<\/a><\/p>\n<p><a href=\"https:\/\/agora.xtec.cat\/iecadaques\/wp-content\/uploads\/usu1969\/2024\/02\/832x468Text.jpg\"><img loading=\"lazy\" decoding=\"async\" class=\"alignnone size-full wp-image-24345\" src=\"https:\/\/agora.xtec.cat\/iecadaques\/wp-content\/uploads\/usu1969\/2024\/02\/832x468Text.jpg\" alt=\"\" width=\"832\" height=\"469\" srcset=\"https:\/\/agora.xtec.cat\/iecadaques\/wp-content\/uploads\/usu1969\/2024\/02\/832x468Text.jpg 832w, https:\/\/agora.xtec.cat\/iecadaques\/wp-content\/uploads\/usu1969\/2024\/02\/832x468Text-300x169.jpg 300w, https:\/\/agora.xtec.cat\/iecadaques\/wp-content\/uploads\/usu1969\/2024\/02\/832x468Text-768x433.jpg 768w\" sizes=\"auto, (max-width: 832px) 100vw, 832px\" \/><\/a><\/p>\n","protected":false},"excerpt":{"rendered":"<p>S&#8217;inicia el per\u00edode de preinscripcions pel proper curs. &hellip;  <a href=\"https:\/\/agora.xtec.cat\/iecadaques\/general\/preinscripcio-curs-2024-2025\/\" title=\"Read Preinscripci\u00f3 curs 2024-2025\">Llegeix m\u00e9s\u00bb<\/a><\/p>\n","protected":false},"author":48,"featured_media":24347,"comment_status":"closed","ping_status":"closed","sticky":false,"template":"","format":"standard","meta":{"_bbp_topic_count":0,"_bbp_reply_count":0,"_bbp_total_topic_count":0,"_bbp_total_reply_count":0,"_bbp_voice_count":0,"_bbp_anonymous_reply_count":0,"_bbp_topic_count_hidden":0,"_bbp_reply_count_hidden":0,"_bbp_forum_subforum_count":0,"footnotes":""},"categories":[1,29],"tags":[265,277,280],"class_list":["post-24344","post","type-post","status-publish","format-standard","has-post-thumbnail","hentry","category-general","category-portada","tag-educacio-infantil","tag-eso","tag-primaria"],"post_mailing_queue_ids":[],"_links":{"self":[{"href":"https:\/\/agora.xtec.cat\/iecadaques\/wp-json\/wp\/v2\/posts\/24344","targetHints":{"allow":["GET"]}}],"collection":[{"href":"https:\/\/agora.xtec.cat\/iecadaques\/wp-json\/wp\/v2\/posts"}],"about":[{"href":"https:\/\/agora.xtec.cat\/iecadaques\/wp-json\/wp\/v2\/types\/post"}],"author":[{"embeddable":true,"href":"https:\/\/agora.xtec.cat\/iecadaques\/wp-json\/wp\/v2\/users\/48"}],"replies":[{"embeddable":true,"href":"https:\/\/agora.xtec.cat\/iecadaques\/wp-json\/wp\/v2\/comments?post=24344"}],"version-history":[{"count":2,"href":"https:\/\/agora.xtec.cat\/iecadaques\/wp-json\/wp\/v2\/posts\/24344\/revisions"}],"predecessor-version":[{"id":24348,"href":"https:\/\/agora.xtec.cat\/iecadaques\/wp-json\/wp\/v2\/posts\/24344\/revisions\/24348"}],"wp:featuredmedia":[{"embeddable":true,"href":"https:\/\/agora.xtec.cat\/iecadaques\/wp-json\/wp\/v2\/media\/24347"}],"wp:attachment":[{"href":"https:\/\/agora.xtec.cat\/iecadaques\/wp-json\/wp\/v2\/media?parent=24344"}],"wp:term":[{"taxonomy":"category","embeddable":true,"href":"https:\/\/agora.xtec.cat\/iecadaques\/wp-json\/wp\/v2\/categories?post=24344"},{"taxonomy":"post_tag","embeddable":true,"href":"https:\/\/agora.xtec.cat\/iecadaques\/wp-json\/wp\/v2\/tags?post=24344"}],"curies":[{"name":"wp","href":"https:\/\/api.w.org\/{rel}","templated":true}]}}