{"id":24331,"date":"2024-02-26T09:35:01","date_gmt":"2024-02-26T08:35:01","guid":{"rendered":"https:\/\/agora.xtec.cat\/iecadaques\/?p=24331"},"modified":"2024-02-26T09:35:01","modified_gmt":"2024-02-26T08:35:01","slug":"esquiada-1r-i-3r-deso","status":"publish","type":"post","link":"https:\/\/agora.xtec.cat\/iecadaques\/general\/esquiada-1r-i-3r-deso\/","title":{"rendered":"Esquiada 1r i 3r d&#8217;ESO"},"content":{"rendered":"<p style=\"text-align: justify;\"><span style=\"font-weight: 400;\">Els dies 5 i 6 de febrer els alumnes de 1r i 3r d\u2019ESO van anar a esquiar al Pirineu Franc\u00e8s, a les estacions de Font Romeu i Les Angles. Aquest any el viatge d\u2019anada i tornada a Ll\u00edvia va ser mogut. A l\u2019anada un cami\u00f3 incendiat ens va tenir aturats 45 minuts a l\u2019eix transversal a l&#8217;al\u00e7ada de Gurb. I a la tornada vam trobar una hora i mitja de cua a la frontera degut als talls dels pagesos, per\u00f2 l\u2019alumnat s\u2019ho va prendre prou b\u00e9 i va ser pacient en tot moment.<\/span><\/p>\n<p style=\"text-align: justify;\"><span style=\"font-weight: 400;\">Malgrat que nom\u00e9s hi havia neu a pistes, era suficient i de prou qualitat per esquiar. Aix\u00ed que aquest any sense nevada, amb calor i un cel ben blau, tot l\u2019alumnat ha pogut fer els seus primers passos sobre uns esqu\u00eds. Com que hi havia 5 alumnes amb cert nivell d\u2019esqu\u00ed, aquests van poder fer un grup i perfeccionar el seu nivell baixant per pistes blaves i vermelles.<\/span><\/p>\n<p style=\"text-align: justify;\"><span style=\"font-weight: 400;\">Ens ho van passar molt b\u00e9 intentant esquiar amb m\u00e9s o menys estil, amb algunes caigudes i agafant arrossegadors i telecadires. De nou, Les Angles va ser la nostra estaci\u00f3 preferida, amb la seva \u00e0mplia esplanada a m\u00e9s de 2.000 metres, ideal per iniciar-se en l\u2019esqu\u00ed i a la qual s\u2019hi arriba amb un telecabina que ven\u00e7 un desnivell de quasi 500 metres. Emociona sentir molts alumnes dient que s\u2019haguessin quedat un dia m\u00e9s esquiant!<\/span><\/p>\n<p><a href=\"https:\/\/agora.xtec.cat\/iecadaques\/wp-content\/uploads\/usu1969\/2024\/02\/Esquiada-2024_1-1.jpg\"><img loading=\"lazy\" decoding=\"async\" class=\"alignnone size-large wp-image-24332\" src=\"https:\/\/agora.xtec.cat\/iecadaques\/wp-content\/uploads\/usu1969\/2024\/02\/Esquiada-2024_1-1-1024x768.jpg\" alt=\"\" width=\"1024\" height=\"768\" srcset=\"https:\/\/agora.xtec.cat\/iecadaques\/wp-content\/uploads\/usu1969\/2024\/02\/Esquiada-2024_1-1-1024x768.jpg 1024w, https:\/\/agora.xtec.cat\/iecadaques\/wp-content\/uploads\/usu1969\/2024\/02\/Esquiada-2024_1-1-300x225.jpg 300w, https:\/\/agora.xtec.cat\/iecadaques\/wp-content\/uploads\/usu1969\/2024\/02\/Esquiada-2024_1-1-768x576.jpg 768w, https:\/\/agora.xtec.cat\/iecadaques\/wp-content\/uploads\/usu1969\/2024\/02\/Esquiada-2024_1-1-1536x1152.jpg 1536w, https:\/\/agora.xtec.cat\/iecadaques\/wp-content\/uploads\/usu1969\/2024\/02\/Esquiada-2024_1-1-200x150.jpg 200w, https:\/\/agora.xtec.cat\/iecadaques\/wp-content\/uploads\/usu1969\/2024\/02\/Esquiada-2024_1-1.jpg 1600w\" sizes=\"auto, (max-width: 1024px) 100vw, 1024px\" \/><\/a> <a href=\"https:\/\/agora.xtec.cat\/iecadaques\/wp-content\/uploads\/usu1969\/2024\/02\/Esquiada-2024_2-1.jpg\"><img loading=\"lazy\" decoding=\"async\" class=\"alignnone size-large wp-image-24333\" src=\"https:\/\/agora.xtec.cat\/iecadaques\/wp-content\/uploads\/usu1969\/2024\/02\/Esquiada-2024_2-1-1024x768.jpg\" alt=\"\" width=\"1024\" height=\"768\" srcset=\"https:\/\/agora.xtec.cat\/iecadaques\/wp-content\/uploads\/usu1969\/2024\/02\/Esquiada-2024_2-1-1024x768.jpg 1024w, https:\/\/agora.xtec.cat\/iecadaques\/wp-content\/uploads\/usu1969\/2024\/02\/Esquiada-2024_2-1-300x225.jpg 300w, https:\/\/agora.xtec.cat\/iecadaques\/wp-content\/uploads\/usu1969\/2024\/02\/Esquiada-2024_2-1-768x576.jpg 768w, https:\/\/agora.xtec.cat\/iecadaques\/wp-content\/uploads\/usu1969\/2024\/02\/Esquiada-2024_2-1-1536x1152.jpg 1536w, https:\/\/agora.xtec.cat\/iecadaques\/wp-content\/uploads\/usu1969\/2024\/02\/Esquiada-2024_2-1-200x150.jpg 200w, https:\/\/agora.xtec.cat\/iecadaques\/wp-content\/uploads\/usu1969\/2024\/02\/Esquiada-2024_2-1.jpg 1600w\" sizes=\"auto, (max-width: 1024px) 100vw, 1024px\" \/><\/a> <a href=\"https:\/\/agora.xtec.cat\/iecadaques\/wp-content\/uploads\/usu1969\/2024\/02\/Esquiada-2024_3-1.jpg\"><img loading=\"lazy\" decoding=\"async\" class=\"alignnone size-large wp-image-24334\" src=\"https:\/\/agora.xtec.cat\/iecadaques\/wp-content\/uploads\/usu1969\/2024\/02\/Esquiada-2024_3-1-1024x768.jpg\" alt=\"\" width=\"1024\" height=\"768\" srcset=\"https:\/\/agora.xtec.cat\/iecadaques\/wp-content\/uploads\/usu1969\/2024\/02\/Esquiada-2024_3-1-1024x768.jpg 1024w, https:\/\/agora.xtec.cat\/iecadaques\/wp-content\/uploads\/usu1969\/2024\/02\/Esquiada-2024_3-1-300x225.jpg 300w, https:\/\/agora.xtec.cat\/iecadaques\/wp-content\/uploads\/usu1969\/2024\/02\/Esquiada-2024_3-1-768x576.jpg 768w, https:\/\/agora.xtec.cat\/iecadaques\/wp-content\/uploads\/usu1969\/2024\/02\/Esquiada-2024_3-1-1536x1152.jpg 1536w, https:\/\/agora.xtec.cat\/iecadaques\/wp-content\/uploads\/usu1969\/2024\/02\/Esquiada-2024_3-1-200x150.jpg 200w, https:\/\/agora.xtec.cat\/iecadaques\/wp-content\/uploads\/usu1969\/2024\/02\/Esquiada-2024_3-1.jpg 1600w\" sizes=\"auto, (max-width: 1024px) 100vw, 1024px\" \/><\/a> <a href=\"https:\/\/agora.xtec.cat\/iecadaques\/wp-content\/uploads\/usu1969\/2024\/02\/Esquiada-2024_4-1.jpg\"><img loading=\"lazy\" decoding=\"async\" class=\"alignnone size-large wp-image-24335\" src=\"https:\/\/agora.xtec.cat\/iecadaques\/wp-content\/uploads\/usu1969\/2024\/02\/Esquiada-2024_4-1-1024x768.jpg\" alt=\"\" width=\"1024\" height=\"768\" srcset=\"https:\/\/agora.xtec.cat\/iecadaques\/wp-content\/uploads\/usu1969\/2024\/02\/Esquiada-2024_4-1-1024x768.jpg 1024w, https:\/\/agora.xtec.cat\/iecadaques\/wp-content\/uploads\/usu1969\/2024\/02\/Esquiada-2024_4-1-300x225.jpg 300w, https:\/\/agora.xtec.cat\/iecadaques\/wp-content\/uploads\/usu1969\/2024\/02\/Esquiada-2024_4-1-768x576.jpg 768w, https:\/\/agora.xtec.cat\/iecadaques\/wp-content\/uploads\/usu1969\/2024\/02\/Esquiada-2024_4-1-1536x1152.jpg 1536w, https:\/\/agora.xtec.cat\/iecadaques\/wp-content\/uploads\/usu1969\/2024\/02\/Esquiada-2024_4-1-200x150.jpg 200w, https:\/\/agora.xtec.cat\/iecadaques\/wp-content\/uploads\/usu1969\/2024\/02\/Esquiada-2024_4-1.jpg 1600w\" sizes=\"auto, (max-width: 1024px) 100vw, 1024px\" \/><\/a><\/p>\n","protected":false},"excerpt":{"rendered":"<p>Els i les alumnes de 1r i 3r d&#8217;ESO van anar a esquiar.&hellip;  <a href=\"https:\/\/agora.xtec.cat\/iecadaques\/general\/esquiada-1r-i-3r-deso\/\" title=\"Read Esquiada 1r i 3r d&#8217;ESO\">Llegeix m\u00e9s\u00bb<\/a><\/p>\n","protected":false},"author":48,"featured_media":24333,"comment_status":"closed","ping_status":"closed","sticky":false,"template":"","format":"standard","meta":{"_bbp_topic_count":0,"_bbp_reply_count":0,"_bbp_total_topic_count":0,"_bbp_total_reply_count":0,"_bbp_voice_count":0,"_bbp_anonymous_reply_count":0,"_bbp_topic_count_hidden":0,"_bbp_reply_count_hidden":0,"_bbp_forum_subforum_count":0,"footnotes":""},"categories":[167,1,29],"tags":[121,131],"class_list":["post-24331","post","type-post","status-publish","format-standard","has-post-thumbnail","hentry","category-eso","category-general","category-portada","tag-eso1","tag-eso3"],"post_mailing_queue_ids":[],"_links":{"self":[{"href":"https:\/\/agora.xtec.cat\/iecadaques\/wp-json\/wp\/v2\/posts\/24331","targetHints":{"allow":["GET"]}}],"collection":[{"href":"https:\/\/agora.xtec.cat\/iecadaques\/wp-json\/wp\/v2\/posts"}],"about":[{"href":"https:\/\/agora.xtec.cat\/iecadaques\/wp-json\/wp\/v2\/types\/post"}],"author":[{"embeddable":true,"href":"https:\/\/agora.xtec.cat\/iecadaques\/wp-json\/wp\/v2\/users\/48"}],"replies":[{"embeddable":true,"href":"https:\/\/agora.xtec.cat\/iecadaques\/wp-json\/wp\/v2\/comments?post=24331"}],"version-history":[{"count":1,"href":"https:\/\/agora.xtec.cat\/iecadaques\/wp-json\/wp\/v2\/posts\/24331\/revisions"}],"predecessor-version":[{"id":24336,"href":"https:\/\/agora.xtec.cat\/iecadaques\/wp-json\/wp\/v2\/posts\/24331\/revisions\/24336"}],"wp:featuredmedia":[{"embeddable":true,"href":"https:\/\/agora.xtec.cat\/iecadaques\/wp-json\/wp\/v2\/media\/24333"}],"wp:attachment":[{"href":"https:\/\/agora.xtec.cat\/iecadaques\/wp-json\/wp\/v2\/media?parent=24331"}],"wp:term":[{"taxonomy":"category","embeddable":true,"href":"https:\/\/agora.xtec.cat\/iecadaques\/wp-json\/wp\/v2\/categories?post=24331"},{"taxonomy":"post_tag","embeddable":true,"href":"https:\/\/agora.xtec.cat\/iecadaques\/wp-json\/wp\/v2\/tags?post=24331"}],"curies":[{"name":"wp","href":"https:\/\/api.w.org\/{rel}","templated":true}]}}