{"id":24306,"date":"2024-02-23T10:27:33","date_gmt":"2024-02-23T09:27:33","guid":{"rendered":"https:\/\/agora.xtec.cat\/iecadaques\/?p=24306"},"modified":"2024-02-23T10:27:33","modified_gmt":"2024-02-23T09:27:33","slug":"carnestoltes-2024","status":"publish","type":"post","link":"https:\/\/agora.xtec.cat\/iecadaques\/general\/carnestoltes-2024\/","title":{"rendered":"CARNESTOLTES 2024!"},"content":{"rendered":"<p>Un any m\u00e9s hem celebrat el Carnestoltes junts. Enguany els nens i nenes d&#8217;infantil, prim\u00e0ria i l&#8217;ESO han llu\u00eft ses disfresses en la desfilada que va acollir les fam\u00edlies al pati del centre.<\/p>\n<p>Els alumnes es van disfressar segons la\u00a0tem\u00e0tica\u00a0de la seva classe. Els petitons d&#8217;infantil es van vestir dels nans de la\u00a0Blancaneu, els nens i nenes de prim\u00e0ria es van caracteritzar segons la pel\u00b7l\u00edcula escollida i els alumnes de l&#8217;ESO es van inspirar en can\u00e7ons per a disfressar-se.<\/p>\n<p>Cada classe va fer una excel\u00b7lent coreografia. En acabar, i despr\u00e9s d&#8217;esmorzar el pa amb xocolata ofert per l&#8217;AFA, vam celebrar el judici de la Reina del Carnestoltes.<\/p>\n<p>Despr\u00e9s d&#8217;escoltar els arguments en contra i a favor de tots els alumnes, va ser finalment descoronada!<\/p>\n<p>Va ser un dia\u00a0assolellat\u00a0de gresca, rauxa i xerinola en qu\u00e8 tothom s&#8217;ho va passar molt b\u00e9.<\/p>\n<p><img loading=\"lazy\" decoding=\"async\" class=\"alignnone size-large wp-image-24314\" src=\"https:\/\/agora.xtec.cat\/iecadaques\/wp-content\/uploads\/usu1969\/2024\/02\/Infantil-3-768x1024.jpg\" alt=\"\" width=\"768\" height=\"1024\" srcset=\"https:\/\/agora.xtec.cat\/iecadaques\/wp-content\/uploads\/usu1969\/2024\/02\/Infantil-3-768x1024.jpg 768w, https:\/\/agora.xtec.cat\/iecadaques\/wp-content\/uploads\/usu1969\/2024\/02\/Infantil-3-225x300.jpg 225w, https:\/\/agora.xtec.cat\/iecadaques\/wp-content\/uploads\/usu1969\/2024\/02\/Infantil-3-1152x1536.jpg 1152w, https:\/\/agora.xtec.cat\/iecadaques\/wp-content\/uploads\/usu1969\/2024\/02\/Infantil-3-1536x2048.jpg 1536w, https:\/\/agora.xtec.cat\/iecadaques\/wp-content\/uploads\/usu1969\/2024\/02\/Infantil-3-scaled.jpg 1920w\" sizes=\"auto, (max-width: 768px) 100vw, 768px\" \/> <img loading=\"lazy\" decoding=\"async\" class=\"alignnone size-large wp-image-24315\" src=\"https:\/\/agora.xtec.cat\/iecadaques\/wp-content\/uploads\/usu1969\/2024\/02\/Infantil-2-768x1024.jpg\" alt=\"\" width=\"768\" height=\"1024\" srcset=\"https:\/\/agora.xtec.cat\/iecadaques\/wp-content\/uploads\/usu1969\/2024\/02\/Infantil-2-768x1024.jpg 768w, https:\/\/agora.xtec.cat\/iecadaques\/wp-content\/uploads\/usu1969\/2024\/02\/Infantil-2-225x300.jpg 225w, https:\/\/agora.xtec.cat\/iecadaques\/wp-content\/uploads\/usu1969\/2024\/02\/Infantil-2-1152x1536.jpg 1152w, https:\/\/agora.xtec.cat\/iecadaques\/wp-content\/uploads\/usu1969\/2024\/02\/Infantil-2-1536x2048.jpg 1536w, https:\/\/agora.xtec.cat\/iecadaques\/wp-content\/uploads\/usu1969\/2024\/02\/Infantil-2-scaled.jpg 1920w\" sizes=\"auto, (max-width: 768px) 100vw, 768px\" \/> <img loading=\"lazy\" decoding=\"async\" class=\"alignnone size-large wp-image-24316\" src=\"https:\/\/agora.xtec.cat\/iecadaques\/wp-content\/uploads\/usu1969\/2024\/02\/Infantil-1-768x1024.jpg\" alt=\"\" width=\"768\" height=\"1024\" srcset=\"https:\/\/agora.xtec.cat\/iecadaques\/wp-content\/uploads\/usu1969\/2024\/02\/Infantil-1-768x1024.jpg 768w, https:\/\/agora.xtec.cat\/iecadaques\/wp-content\/uploads\/usu1969\/2024\/02\/Infantil-1-225x300.jpg 225w, https:\/\/agora.xtec.cat\/iecadaques\/wp-content\/uploads\/usu1969\/2024\/02\/Infantil-1-1152x1536.jpg 1152w, https:\/\/agora.xtec.cat\/iecadaques\/wp-content\/uploads\/usu1969\/2024\/02\/Infantil-1-1536x2048.jpg 1536w, https:\/\/agora.xtec.cat\/iecadaques\/wp-content\/uploads\/usu1969\/2024\/02\/Infantil-1-scaled.jpg 1920w\" sizes=\"auto, (max-width: 768px) 100vw, 768px\" \/> <img loading=\"lazy\" decoding=\"async\" class=\"alignnone size-large wp-image-24317\" src=\"https:\/\/agora.xtec.cat\/iecadaques\/wp-content\/uploads\/usu1969\/2024\/02\/Foto-de-Neus-Sala-1-1024x674.jpg\" alt=\"\" width=\"1024\" height=\"674\" srcset=\"https:\/\/agora.xtec.cat\/iecadaques\/wp-content\/uploads\/usu1969\/2024\/02\/Foto-de-Neus-Sala-1-1024x674.jpg 1024w, https:\/\/agora.xtec.cat\/iecadaques\/wp-content\/uploads\/usu1969\/2024\/02\/Foto-de-Neus-Sala-1-300x197.jpg 300w, https:\/\/agora.xtec.cat\/iecadaques\/wp-content\/uploads\/usu1969\/2024\/02\/Foto-de-Neus-Sala-1-768x505.jpg 768w, https:\/\/agora.xtec.cat\/iecadaques\/wp-content\/uploads\/usu1969\/2024\/02\/Foto-de-Neus-Sala-1-1536x1010.jpg 1536w, https:\/\/agora.xtec.cat\/iecadaques\/wp-content\/uploads\/usu1969\/2024\/02\/Foto-de-Neus-Sala-1.jpg 2048w\" sizes=\"auto, (max-width: 1024px) 100vw, 1024px\" \/> <img loading=\"lazy\" decoding=\"async\" class=\"alignnone size-large wp-image-24318\" src=\"https:\/\/agora.xtec.cat\/iecadaques\/wp-content\/uploads\/usu1969\/2024\/02\/Foto-3r-ESO-1-1024x768.jpg\" alt=\"\" width=\"1024\" height=\"768\" srcset=\"https:\/\/agora.xtec.cat\/iecadaques\/wp-content\/uploads\/usu1969\/2024\/02\/Foto-3r-ESO-1-1024x768.jpg 1024w, https:\/\/agora.xtec.cat\/iecadaques\/wp-content\/uploads\/usu1969\/2024\/02\/Foto-3r-ESO-1-300x225.jpg 300w, https:\/\/agora.xtec.cat\/iecadaques\/wp-content\/uploads\/usu1969\/2024\/02\/Foto-3r-ESO-1-768x576.jpg 768w, https:\/\/agora.xtec.cat\/iecadaques\/wp-content\/uploads\/usu1969\/2024\/02\/Foto-3r-ESO-1-1536x1152.jpg 1536w, https:\/\/agora.xtec.cat\/iecadaques\/wp-content\/uploads\/usu1969\/2024\/02\/Foto-3r-ESO-1-200x150.jpg 200w, https:\/\/agora.xtec.cat\/iecadaques\/wp-content\/uploads\/usu1969\/2024\/02\/Foto-3r-ESO-1.jpg 2000w\" sizes=\"auto, (max-width: 1024px) 100vw, 1024px\" \/> <img loading=\"lazy\" decoding=\"async\" class=\"alignnone size-large wp-image-24319\" src=\"https:\/\/agora.xtec.cat\/iecadaques\/wp-content\/uploads\/usu1969\/2024\/02\/Foto-4t-ESO-1-1024x768.jpg\" alt=\"\" width=\"1024\" height=\"768\" srcset=\"https:\/\/agora.xtec.cat\/iecadaques\/wp-content\/uploads\/usu1969\/2024\/02\/Foto-4t-ESO-1-1024x768.jpg 1024w, https:\/\/agora.xtec.cat\/iecadaques\/wp-content\/uploads\/usu1969\/2024\/02\/Foto-4t-ESO-1-300x225.jpg 300w, https:\/\/agora.xtec.cat\/iecadaques\/wp-content\/uploads\/usu1969\/2024\/02\/Foto-4t-ESO-1-768x576.jpg 768w, https:\/\/agora.xtec.cat\/iecadaques\/wp-content\/uploads\/usu1969\/2024\/02\/Foto-4t-ESO-1-1536x1152.jpg 1536w, https:\/\/agora.xtec.cat\/iecadaques\/wp-content\/uploads\/usu1969\/2024\/02\/Foto-4t-ESO-1-200x150.jpg 200w, https:\/\/agora.xtec.cat\/iecadaques\/wp-content\/uploads\/usu1969\/2024\/02\/Foto-4t-ESO-1.jpg 1600w\" sizes=\"auto, (max-width: 1024px) 100vw, 1024px\" \/> <img loading=\"lazy\" decoding=\"async\" class=\"alignnone size-large wp-image-24320\" src=\"https:\/\/agora.xtec.cat\/iecadaques\/wp-content\/uploads\/usu1969\/2024\/02\/6-Primaria-1024x768.jpg\" alt=\"\" width=\"1024\" height=\"768\" srcset=\"https:\/\/agora.xtec.cat\/iecadaques\/wp-content\/uploads\/usu1969\/2024\/02\/6-Primaria-1024x768.jpg 1024w, https:\/\/agora.xtec.cat\/iecadaques\/wp-content\/uploads\/usu1969\/2024\/02\/6-Primaria-300x225.jpg 300w, https:\/\/agora.xtec.cat\/iecadaques\/wp-content\/uploads\/usu1969\/2024\/02\/6-Primaria-768x576.jpg 768w, https:\/\/agora.xtec.cat\/iecadaques\/wp-content\/uploads\/usu1969\/2024\/02\/6-Primaria-1536x1152.jpg 1536w, https:\/\/agora.xtec.cat\/iecadaques\/wp-content\/uploads\/usu1969\/2024\/02\/6-Primaria-2048x1536.jpg 2048w, https:\/\/agora.xtec.cat\/iecadaques\/wp-content\/uploads\/usu1969\/2024\/02\/6-Primaria-200x150.jpg 200w\" sizes=\"auto, (max-width: 1024px) 100vw, 1024px\" \/> <img loading=\"lazy\" decoding=\"async\" class=\"alignnone size-large wp-image-24321\" src=\"https:\/\/agora.xtec.cat\/iecadaques\/wp-content\/uploads\/usu1969\/2024\/02\/Foto-1r-ESO-1-1024x768.jpg\" alt=\"\" width=\"1024\" height=\"768\" srcset=\"https:\/\/agora.xtec.cat\/iecadaques\/wp-content\/uploads\/usu1969\/2024\/02\/Foto-1r-ESO-1-1024x768.jpg 1024w, https:\/\/agora.xtec.cat\/iecadaques\/wp-content\/uploads\/usu1969\/2024\/02\/Foto-1r-ESO-1-300x225.jpg 300w, https:\/\/agora.xtec.cat\/iecadaques\/wp-content\/uploads\/usu1969\/2024\/02\/Foto-1r-ESO-1-768x576.jpg 768w, https:\/\/agora.xtec.cat\/iecadaques\/wp-content\/uploads\/usu1969\/2024\/02\/Foto-1r-ESO-1-1536x1152.jpg 1536w, https:\/\/agora.xtec.cat\/iecadaques\/wp-content\/uploads\/usu1969\/2024\/02\/Foto-1r-ESO-1-200x150.jpg 200w, https:\/\/agora.xtec.cat\/iecadaques\/wp-content\/uploads\/usu1969\/2024\/02\/Foto-1r-ESO-1.jpg 1600w\" sizes=\"auto, (max-width: 1024px) 100vw, 1024px\" \/> <img loading=\"lazy\" decoding=\"async\" class=\"alignnone size-large wp-image-24322\" src=\"https:\/\/agora.xtec.cat\/iecadaques\/wp-content\/uploads\/usu1969\/2024\/02\/Foto-2n-ESO-1-1024x768.jpg\" alt=\"\" width=\"1024\" height=\"768\" srcset=\"https:\/\/agora.xtec.cat\/iecadaques\/wp-content\/uploads\/usu1969\/2024\/02\/Foto-2n-ESO-1-1024x768.jpg 1024w, https:\/\/agora.xtec.cat\/iecadaques\/wp-content\/uploads\/usu1969\/2024\/02\/Foto-2n-ESO-1-300x225.jpg 300w, https:\/\/agora.xtec.cat\/iecadaques\/wp-content\/uploads\/usu1969\/2024\/02\/Foto-2n-ESO-1-768x576.jpg 768w, https:\/\/agora.xtec.cat\/iecadaques\/wp-content\/uploads\/usu1969\/2024\/02\/Foto-2n-ESO-1-1536x1152.jpg 1536w, https:\/\/agora.xtec.cat\/iecadaques\/wp-content\/uploads\/usu1969\/2024\/02\/Foto-2n-ESO-1-200x150.jpg 200w, https:\/\/agora.xtec.cat\/iecadaques\/wp-content\/uploads\/usu1969\/2024\/02\/Foto-2n-ESO-1.jpg 1600w\" sizes=\"auto, (max-width: 1024px) 100vw, 1024px\" \/> <img loading=\"lazy\" decoding=\"async\" class=\"alignnone size-large wp-image-24323\" src=\"https:\/\/agora.xtec.cat\/iecadaques\/wp-content\/uploads\/usu1969\/2024\/02\/5-Primaria-1024x768.jpg\" alt=\"\" width=\"1024\" height=\"768\" srcset=\"https:\/\/agora.xtec.cat\/iecadaques\/wp-content\/uploads\/usu1969\/2024\/02\/5-Primaria-1024x768.jpg 1024w, https:\/\/agora.xtec.cat\/iecadaques\/wp-content\/uploads\/usu1969\/2024\/02\/5-Primaria-300x225.jpg 300w, https:\/\/agora.xtec.cat\/iecadaques\/wp-content\/uploads\/usu1969\/2024\/02\/5-Primaria-768x576.jpg 768w, https:\/\/agora.xtec.cat\/iecadaques\/wp-content\/uploads\/usu1969\/2024\/02\/5-Primaria-1536x1152.jpg 1536w, https:\/\/agora.xtec.cat\/iecadaques\/wp-content\/uploads\/usu1969\/2024\/02\/5-Primaria-2048x1536.jpg 2048w, https:\/\/agora.xtec.cat\/iecadaques\/wp-content\/uploads\/usu1969\/2024\/02\/5-Primaria-200x150.jpg 200w\" sizes=\"auto, (max-width: 1024px) 100vw, 1024px\" \/> <img loading=\"lazy\" decoding=\"async\" class=\"alignnone size-large wp-image-24324\" src=\"https:\/\/agora.xtec.cat\/iecadaques\/wp-content\/uploads\/usu1969\/2024\/02\/5-B-primaria-1024x768.jpg\" alt=\"\" width=\"1024\" height=\"768\" srcset=\"https:\/\/agora.xtec.cat\/iecadaques\/wp-content\/uploads\/usu1969\/2024\/02\/5-B-primaria-1024x768.jpg 1024w, https:\/\/agora.xtec.cat\/iecadaques\/wp-content\/uploads\/usu1969\/2024\/02\/5-B-primaria-300x225.jpg 300w, https:\/\/agora.xtec.cat\/iecadaques\/wp-content\/uploads\/usu1969\/2024\/02\/5-B-primaria-768x576.jpg 768w, https:\/\/agora.xtec.cat\/iecadaques\/wp-content\/uploads\/usu1969\/2024\/02\/5-B-primaria-1536x1152.jpg 1536w, https:\/\/agora.xtec.cat\/iecadaques\/wp-content\/uploads\/usu1969\/2024\/02\/5-B-primaria-2048x1536.jpg 2048w, https:\/\/agora.xtec.cat\/iecadaques\/wp-content\/uploads\/usu1969\/2024\/02\/5-B-primaria-200x150.jpg 200w\" sizes=\"auto, (max-width: 1024px) 100vw, 1024px\" \/> <img loading=\"lazy\" decoding=\"async\" class=\"alignnone size-large wp-image-24325\" src=\"https:\/\/agora.xtec.cat\/iecadaques\/wp-content\/uploads\/usu1969\/2024\/02\/4-A-Primaria-1024x768.jpg\" alt=\"\" width=\"1024\" height=\"768\" srcset=\"https:\/\/agora.xtec.cat\/iecadaques\/wp-content\/uploads\/usu1969\/2024\/02\/4-A-Primaria-1024x768.jpg 1024w, https:\/\/agora.xtec.cat\/iecadaques\/wp-content\/uploads\/usu1969\/2024\/02\/4-A-Primaria-300x225.jpg 300w, https:\/\/agora.xtec.cat\/iecadaques\/wp-content\/uploads\/usu1969\/2024\/02\/4-A-Primaria-768x576.jpg 768w, https:\/\/agora.xtec.cat\/iecadaques\/wp-content\/uploads\/usu1969\/2024\/02\/4-A-Primaria-1536x1152.jpg 1536w, https:\/\/agora.xtec.cat\/iecadaques\/wp-content\/uploads\/usu1969\/2024\/02\/4-A-Primaria-2048x1536.jpg 2048w, https:\/\/agora.xtec.cat\/iecadaques\/wp-content\/uploads\/usu1969\/2024\/02\/4-A-Primaria-200x150.jpg 200w\" sizes=\"auto, (max-width: 1024px) 100vw, 1024px\" \/> <img loading=\"lazy\" decoding=\"async\" class=\"alignnone size-large wp-image-24326\" src=\"https:\/\/agora.xtec.cat\/iecadaques\/wp-content\/uploads\/usu1969\/2024\/02\/4-B-Primaria-1-1024x768.jpg\" alt=\"\" width=\"1024\" height=\"768\" srcset=\"https:\/\/agora.xtec.cat\/iecadaques\/wp-content\/uploads\/usu1969\/2024\/02\/4-B-Primaria-1-1024x768.jpg 1024w, https:\/\/agora.xtec.cat\/iecadaques\/wp-content\/uploads\/usu1969\/2024\/02\/4-B-Primaria-1-300x225.jpg 300w, https:\/\/agora.xtec.cat\/iecadaques\/wp-content\/uploads\/usu1969\/2024\/02\/4-B-Primaria-1-768x576.jpg 768w, https:\/\/agora.xtec.cat\/iecadaques\/wp-content\/uploads\/usu1969\/2024\/02\/4-B-Primaria-1-1536x1152.jpg 1536w, https:\/\/agora.xtec.cat\/iecadaques\/wp-content\/uploads\/usu1969\/2024\/02\/4-B-Primaria-1-200x150.jpg 200w, https:\/\/agora.xtec.cat\/iecadaques\/wp-content\/uploads\/usu1969\/2024\/02\/4-B-Primaria-1.jpg 1600w\" sizes=\"auto, (max-width: 1024px) 100vw, 1024px\" \/> <img loading=\"lazy\" decoding=\"async\" class=\"alignnone size-large wp-image-24327\" src=\"https:\/\/agora.xtec.cat\/iecadaques\/wp-content\/uploads\/usu1969\/2024\/02\/3-primaria-1024x768.jpg\" alt=\"\" width=\"1024\" height=\"768\" srcset=\"https:\/\/agora.xtec.cat\/iecadaques\/wp-content\/uploads\/usu1969\/2024\/02\/3-primaria-1024x768.jpg 1024w, https:\/\/agora.xtec.cat\/iecadaques\/wp-content\/uploads\/usu1969\/2024\/02\/3-primaria-300x225.jpg 300w, https:\/\/agora.xtec.cat\/iecadaques\/wp-content\/uploads\/usu1969\/2024\/02\/3-primaria-768x576.jpg 768w, https:\/\/agora.xtec.cat\/iecadaques\/wp-content\/uploads\/usu1969\/2024\/02\/3-primaria-1536x1152.jpg 1536w, https:\/\/agora.xtec.cat\/iecadaques\/wp-content\/uploads\/usu1969\/2024\/02\/3-primaria-2048x1536.jpg 2048w, https:\/\/agora.xtec.cat\/iecadaques\/wp-content\/uploads\/usu1969\/2024\/02\/3-primaria-200x150.jpg 200w\" sizes=\"auto, (max-width: 1024px) 100vw, 1024px\" \/> <img loading=\"lazy\" decoding=\"async\" class=\"alignnone size-large wp-image-24328\" src=\"https:\/\/agora.xtec.cat\/iecadaques\/wp-content\/uploads\/usu1969\/2024\/02\/2-Primaria-1-1024x861.jpg\" alt=\"\" width=\"1024\" height=\"861\" srcset=\"https:\/\/agora.xtec.cat\/iecadaques\/wp-content\/uploads\/usu1969\/2024\/02\/2-Primaria-1-1024x861.jpg 1024w, https:\/\/agora.xtec.cat\/iecadaques\/wp-content\/uploads\/usu1969\/2024\/02\/2-Primaria-1-300x252.jpg 300w, https:\/\/agora.xtec.cat\/iecadaques\/wp-content\/uploads\/usu1969\/2024\/02\/2-Primaria-1-768x646.jpg 768w, https:\/\/agora.xtec.cat\/iecadaques\/wp-content\/uploads\/usu1969\/2024\/02\/2-Primaria-1.jpg 1500w\" sizes=\"auto, (max-width: 1024px) 100vw, 1024px\" \/> <img loading=\"lazy\" decoding=\"async\" class=\"alignnone size-large wp-image-24329\" src=\"https:\/\/agora.xtec.cat\/iecadaques\/wp-content\/uploads\/usu1969\/2024\/02\/1-Primaria-768x1024.jpg\" alt=\"\" width=\"768\" height=\"1024\" srcset=\"https:\/\/agora.xtec.cat\/iecadaques\/wp-content\/uploads\/usu1969\/2024\/02\/1-Primaria-768x1024.jpg 768w, https:\/\/agora.xtec.cat\/iecadaques\/wp-content\/uploads\/usu1969\/2024\/02\/1-Primaria-225x300.jpg 225w, https:\/\/agora.xtec.cat\/iecadaques\/wp-content\/uploads\/usu1969\/2024\/02\/1-Primaria-1152x1536.jpg 1152w, https:\/\/agora.xtec.cat\/iecadaques\/wp-content\/uploads\/usu1969\/2024\/02\/1-Primaria-1536x2048.jpg 1536w, https:\/\/agora.xtec.cat\/iecadaques\/wp-content\/uploads\/usu1969\/2024\/02\/1-Primaria-scaled.jpg 1920w\" sizes=\"auto, (max-width: 768px) 100vw, 768px\" \/><\/p>\n","protected":false},"excerpt":{"rendered":"<p>Un any m\u00e9s hem celebrat el Carnestoltes junts. Enguany els nens i nenes d&#8217;infantil, prim\u00e0ria i l&#8217;ESO han llu\u00eft ses disfresses en la desfilada que va acollir les fam\u00edlies al pati del centre.<br \/>\nEls alumnes es van disfressar segons la\u00a0tem\u00e0tica\u00a0de la seva classe. Els petitons d&#8217;infantil&hellip;  <a href=\"https:\/\/agora.xtec.cat\/iecadaques\/general\/carnestoltes-2024\/\" title=\"Read CARNESTOLTES 2024!\">Llegeix m\u00e9s\u00bb<\/a><\/p>\n","protected":false},"author":26,"featured_media":24326,"comment_status":"closed","ping_status":"closed","sticky":false,"template":"","format":"standard","meta":{"_bbp_topic_count":0,"_bbp_reply_count":0,"_bbp_total_topic_count":0,"_bbp_total_reply_count":0,"_bbp_voice_count":0,"_bbp_anonymous_reply_count":0,"_bbp_topic_count_hidden":0,"_bbp_reply_count_hidden":0,"_bbp_forum_subforum_count":0,"footnotes":""},"categories":[157,158,159,167,1,169,29],"tags":[],"class_list":["post-24306","post","type-post","status-publish","format-standard","has-post-thumbnail","hentry","category-ci","category-cm","category-cs","category-eso","category-general","category-ei","category-portada"],"post_mailing_queue_ids":[],"_links":{"self":[{"href":"https:\/\/agora.xtec.cat\/iecadaques\/wp-json\/wp\/v2\/posts\/24306","targetHints":{"allow":["GET"]}}],"collection":[{"href":"https:\/\/agora.xtec.cat\/iecadaques\/wp-json\/wp\/v2\/posts"}],"about":[{"href":"https:\/\/agora.xtec.cat\/iecadaques\/wp-json\/wp\/v2\/types\/post"}],"author":[{"embeddable":true,"href":"https:\/\/agora.xtec.cat\/iecadaques\/wp-json\/wp\/v2\/users\/26"}],"replies":[{"embeddable":true,"href":"https:\/\/agora.xtec.cat\/iecadaques\/wp-json\/wp\/v2\/comments?post=24306"}],"version-history":[{"count":1,"href":"https:\/\/agora.xtec.cat\/iecadaques\/wp-json\/wp\/v2\/posts\/24306\/revisions"}],"predecessor-version":[{"id":24330,"href":"https:\/\/agora.xtec.cat\/iecadaques\/wp-json\/wp\/v2\/posts\/24306\/revisions\/24330"}],"wp:featuredmedia":[{"embeddable":true,"href":"https:\/\/agora.xtec.cat\/iecadaques\/wp-json\/wp\/v2\/media\/24326"}],"wp:attachment":[{"href":"https:\/\/agora.xtec.cat\/iecadaques\/wp-json\/wp\/v2\/media?parent=24306"}],"wp:term":[{"taxonomy":"category","embeddable":true,"href":"https:\/\/agora.xtec.cat\/iecadaques\/wp-json\/wp\/v2\/categories?post=24306"},{"taxonomy":"post_tag","embeddable":true,"href":"https:\/\/agora.xtec.cat\/iecadaques\/wp-json\/wp\/v2\/tags?post=24306"}],"curies":[{"name":"wp","href":"https:\/\/api.w.org\/{rel}","templated":true}]}}