{"id":24288,"date":"2024-02-15T10:30:07","date_gmt":"2024-02-15T09:30:07","guid":{"rendered":"https:\/\/agora.xtec.cat\/iecadaques\/?p=24288"},"modified":"2024-02-15T10:30:07","modified_gmt":"2024-02-15T09:30:07","slug":"hem-anat-a-esquiar","status":"publish","type":"post","link":"https:\/\/agora.xtec.cat\/iecadaques\/general\/hem-anat-a-esquiar\/","title":{"rendered":"Hem anat a esquiar!"},"content":{"rendered":"<p>Els dies 5 i 6 de febrer els alumnes de 1r i 3r d&#8217;ESO van anar a esquiar al Pirineu Franc\u00e8s, a les estacions de Font Romeu i Les <span class=\"hiddenGrammarError\" style=\"padding-bottom: 2px; background-image: url('..\/..\/..\/..\/..\/images\/squiggle.png'); background-repeat: repeat-x; background-position: left bottom; cursor: default; color: #000000; font-family: 'Open Sans', Helvetica, Arial, sans-serif; font-size: 16px; font-style: normal; font-variant-ligatures: normal; font-variant-caps: normal; font-weight: 300; letter-spacing: normal; orphans: 2; text-align: start; text-indent: 0px; text-transform: none; widows: 2; word-spacing: 0px; -webkit-text-stroke-width: 0px; white-space: normal; text-decoration-thickness: initial; text-decoration-style: initial; text-decoration-color: initial;\">Angles<\/span>. Aquest any el viatge d&#8217;anada i tornada a Ll\u00edvia va ser mogut. A l&#8217;anada un cami\u00f3 incendiat ens va tenir aturats 45 minuts a l&#8217;eix transversal a l&#8217;altura de Gurb. I a la tornada una hora i mitja de cua a la frontera a causa dels talls dels pagesos. Per\u00f2 l&#8217;alumnat s&#8217;ho va prendre prou b\u00e9 i va ser pacient en tot moment.<br \/>\nMalgrat que nom\u00e9s hi havia neu a pistes, era suficient i de prou qualitat per esquiar. Aix\u00ed que aquest any sense nevada, amb calor i un cel ben blau, tot l&#8217;alumnat ha pogut fer els seus primers passos sobre uns esqu\u00eds. Com que hi havia 5 alumnes amb cert nivell d&#8217;esqu\u00ed, aquests van poder fer un grup i perfeccionar el seu nivell baixant per pistes blaves i vermelles.<br \/>\nEns ho vam passar molt b\u00e9 intentant esquiar amb m\u00e9s o menys estil, amb algunes caigudes i agafant arrossegadores i telecadires. De nou,\u00a0<span class=\"hiddenGrammarError\">Les Angles<\/span>\u00a0va ser la nostra estaci\u00f3 preferida, amb la seva \u00e0mplia esplanada a m\u00e9s de 2.000 metres, ideal per iniciar-se en l&#8217;esqu\u00ed i a la qual s&#8217;arriba amb un telecabina que ven\u00e7 un desnivell de quasi 500 metres. Emociona sentir molts alumnes dient que s&#8217;haguessin quedat un dia m\u00e9s\u00a0<span class=\"hiddenGrammarError\" style=\"padding-bottom: 2px; background-image: url('..\/..\/..\/..\/..\/images\/squiggle.png'); background-repeat: repeat-x; background-position: left bottom; cursor: default; color: #000000; font-family: 'Open Sans', Helvetica, Arial, sans-serif; font-size: 16px; font-style: normal; font-variant-ligatures: normal; font-variant-caps: normal; font-weight: 300; letter-spacing: normal; orphans: 2; text-align: start; text-indent: 0px; text-transform: none; widows: 2; word-spacing: 0px; -webkit-text-stroke-width: 0px; white-space: normal; text-decoration-thickness: initial; text-decoration-style: initial; text-decoration-color: initial;\">esquiant<\/span>!<\/p>\n<p><img loading=\"lazy\" decoding=\"async\" class=\"alignnone size-large wp-image-24289\" src=\"https:\/\/agora.xtec.cat\/iecadaques\/wp-content\/uploads\/usu1969\/2024\/02\/Esquiada-2024_2-1024x768.jpg\" alt=\"\" width=\"1024\" height=\"768\" srcset=\"https:\/\/agora.xtec.cat\/iecadaques\/wp-content\/uploads\/usu1969\/2024\/02\/Esquiada-2024_2-1024x768.jpg 1024w, https:\/\/agora.xtec.cat\/iecadaques\/wp-content\/uploads\/usu1969\/2024\/02\/Esquiada-2024_2-300x225.jpg 300w, https:\/\/agora.xtec.cat\/iecadaques\/wp-content\/uploads\/usu1969\/2024\/02\/Esquiada-2024_2-768x576.jpg 768w, https:\/\/agora.xtec.cat\/iecadaques\/wp-content\/uploads\/usu1969\/2024\/02\/Esquiada-2024_2-1536x1152.jpg 1536w, https:\/\/agora.xtec.cat\/iecadaques\/wp-content\/uploads\/usu1969\/2024\/02\/Esquiada-2024_2-200x150.jpg 200w, https:\/\/agora.xtec.cat\/iecadaques\/wp-content\/uploads\/usu1969\/2024\/02\/Esquiada-2024_2.jpg 1600w\" sizes=\"auto, (max-width: 1024px) 100vw, 1024px\" \/> <img loading=\"lazy\" decoding=\"async\" class=\"alignnone size-large wp-image-24290\" src=\"https:\/\/agora.xtec.cat\/iecadaques\/wp-content\/uploads\/usu1969\/2024\/02\/Esquiada-2024_1-1024x768.jpg\" alt=\"\" width=\"1024\" height=\"768\" srcset=\"https:\/\/agora.xtec.cat\/iecadaques\/wp-content\/uploads\/usu1969\/2024\/02\/Esquiada-2024_1-1024x768.jpg 1024w, https:\/\/agora.xtec.cat\/iecadaques\/wp-content\/uploads\/usu1969\/2024\/02\/Esquiada-2024_1-300x225.jpg 300w, https:\/\/agora.xtec.cat\/iecadaques\/wp-content\/uploads\/usu1969\/2024\/02\/Esquiada-2024_1-768x576.jpg 768w, https:\/\/agora.xtec.cat\/iecadaques\/wp-content\/uploads\/usu1969\/2024\/02\/Esquiada-2024_1-1536x1152.jpg 1536w, https:\/\/agora.xtec.cat\/iecadaques\/wp-content\/uploads\/usu1969\/2024\/02\/Esquiada-2024_1-200x150.jpg 200w, https:\/\/agora.xtec.cat\/iecadaques\/wp-content\/uploads\/usu1969\/2024\/02\/Esquiada-2024_1.jpg 1600w\" sizes=\"auto, (max-width: 1024px) 100vw, 1024px\" \/> <img loading=\"lazy\" decoding=\"async\" class=\"alignnone size-large wp-image-24291\" src=\"https:\/\/agora.xtec.cat\/iecadaques\/wp-content\/uploads\/usu1969\/2024\/02\/Esquiada-2024_3-1024x768.jpg\" alt=\"\" width=\"1024\" height=\"768\" srcset=\"https:\/\/agora.xtec.cat\/iecadaques\/wp-content\/uploads\/usu1969\/2024\/02\/Esquiada-2024_3-1024x768.jpg 1024w, https:\/\/agora.xtec.cat\/iecadaques\/wp-content\/uploads\/usu1969\/2024\/02\/Esquiada-2024_3-300x225.jpg 300w, https:\/\/agora.xtec.cat\/iecadaques\/wp-content\/uploads\/usu1969\/2024\/02\/Esquiada-2024_3-768x576.jpg 768w, https:\/\/agora.xtec.cat\/iecadaques\/wp-content\/uploads\/usu1969\/2024\/02\/Esquiada-2024_3-1536x1152.jpg 1536w, https:\/\/agora.xtec.cat\/iecadaques\/wp-content\/uploads\/usu1969\/2024\/02\/Esquiada-2024_3-200x150.jpg 200w, https:\/\/agora.xtec.cat\/iecadaques\/wp-content\/uploads\/usu1969\/2024\/02\/Esquiada-2024_3.jpg 1600w\" sizes=\"auto, (max-width: 1024px) 100vw, 1024px\" \/> <img loading=\"lazy\" decoding=\"async\" class=\"alignnone size-large wp-image-24292\" src=\"https:\/\/agora.xtec.cat\/iecadaques\/wp-content\/uploads\/usu1969\/2024\/02\/Esquiada-2024_4-1024x768.jpg\" alt=\"\" width=\"1024\" height=\"768\" srcset=\"https:\/\/agora.xtec.cat\/iecadaques\/wp-content\/uploads\/usu1969\/2024\/02\/Esquiada-2024_4-1024x768.jpg 1024w, https:\/\/agora.xtec.cat\/iecadaques\/wp-content\/uploads\/usu1969\/2024\/02\/Esquiada-2024_4-300x225.jpg 300w, https:\/\/agora.xtec.cat\/iecadaques\/wp-content\/uploads\/usu1969\/2024\/02\/Esquiada-2024_4-768x576.jpg 768w, https:\/\/agora.xtec.cat\/iecadaques\/wp-content\/uploads\/usu1969\/2024\/02\/Esquiada-2024_4-1536x1152.jpg 1536w, https:\/\/agora.xtec.cat\/iecadaques\/wp-content\/uploads\/usu1969\/2024\/02\/Esquiada-2024_4-200x150.jpg 200w, https:\/\/agora.xtec.cat\/iecadaques\/wp-content\/uploads\/usu1969\/2024\/02\/Esquiada-2024_4.jpg 1600w\" sizes=\"auto, (max-width: 1024px) 100vw, 1024px\" \/><\/p>\n","protected":false},"excerpt":{"rendered":"<p>Els dies 5 i 6 de febrer els alumnes de 1r i 3r d&#8217;ESO van anar a esquiar al Pirineu Franc\u00e8s, a les estacions de Font Romeu i Les Angles. Aquest any el viatge d&#8217;anada i tornada a Ll\u00edvia va ser mogut. A l&#8217;anada un&hellip;  <a href=\"https:\/\/agora.xtec.cat\/iecadaques\/general\/hem-anat-a-esquiar\/\" title=\"Read Hem anat a esquiar!\">Llegeix m\u00e9s\u00bb<\/a><\/p>\n","protected":false},"author":26,"featured_media":0,"comment_status":"closed","ping_status":"closed","sticky":false,"template":"","format":"standard","meta":{"_bbp_topic_count":0,"_bbp_reply_count":0,"_bbp_total_topic_count":0,"_bbp_total_reply_count":0,"_bbp_voice_count":0,"_bbp_anonymous_reply_count":0,"_bbp_topic_count_hidden":0,"_bbp_reply_count_hidden":0,"_bbp_forum_subforum_count":0,"footnotes":""},"categories":[1],"tags":[],"class_list":["post-24288","post","type-post","status-publish","format-standard","hentry","category-general"],"post_mailing_queue_ids":[],"_links":{"self":[{"href":"https:\/\/agora.xtec.cat\/iecadaques\/wp-json\/wp\/v2\/posts\/24288","targetHints":{"allow":["GET"]}}],"collection":[{"href":"https:\/\/agora.xtec.cat\/iecadaques\/wp-json\/wp\/v2\/posts"}],"about":[{"href":"https:\/\/agora.xtec.cat\/iecadaques\/wp-json\/wp\/v2\/types\/post"}],"author":[{"embeddable":true,"href":"https:\/\/agora.xtec.cat\/iecadaques\/wp-json\/wp\/v2\/users\/26"}],"replies":[{"embeddable":true,"href":"https:\/\/agora.xtec.cat\/iecadaques\/wp-json\/wp\/v2\/comments?post=24288"}],"version-history":[{"count":1,"href":"https:\/\/agora.xtec.cat\/iecadaques\/wp-json\/wp\/v2\/posts\/24288\/revisions"}],"predecessor-version":[{"id":24293,"href":"https:\/\/agora.xtec.cat\/iecadaques\/wp-json\/wp\/v2\/posts\/24288\/revisions\/24293"}],"wp:attachment":[{"href":"https:\/\/agora.xtec.cat\/iecadaques\/wp-json\/wp\/v2\/media?parent=24288"}],"wp:term":[{"taxonomy":"category","embeddable":true,"href":"https:\/\/agora.xtec.cat\/iecadaques\/wp-json\/wp\/v2\/categories?post=24288"},{"taxonomy":"post_tag","embeddable":true,"href":"https:\/\/agora.xtec.cat\/iecadaques\/wp-json\/wp\/v2\/tags?post=24288"}],"curies":[{"name":"wp","href":"https:\/\/api.w.org\/{rel}","templated":true}]}}