{"id":24267,"date":"2024-01-29T09:54:46","date_gmt":"2024-01-29T08:54:46","guid":{"rendered":"https:\/\/agora.xtec.cat\/iecadaques\/?p=24267"},"modified":"2024-01-29T09:54:59","modified_gmt":"2024-01-29T08:54:59","slug":"copa-cangur-2024","status":"publish","type":"post","link":"https:\/\/agora.xtec.cat\/iecadaques\/portada\/copa-cangur-2024\/","title":{"rendered":"Copa Cangur 2024"},"content":{"rendered":"<p>Divendres, 25 de gener, va tenir lloc la fase classificat\u00f2ria de la Copa Cangur 2024 a l&#8217;Illa de Rodes de Roses. El nostre centre va portar dos equips, un per cada categoria.<\/p>\n<p>Per una banda, l&#8217;equip d&#8217;alumnes de 1r i 2n d&#8217;ESO a la categoria cadet format per: Sandra Machado Descamps (1r), Marie Br\u00e4utigam (1r), Carla Soms Granados (1r), Unai Garc\u00eda-Escudero Ridameya (2n), Paula Molina V\u00e1zquez (2n), Pol P\u00e9rez Moreno (2n) i Pilar Pesce Risso (2n). Els nostres alumnes van fer una molt bona competici\u00f3 i van quedar cinquens d&#8217;aquesta fase classificat\u00f2ria.<\/p>\n<p>Per altra banda, presentem l&#8217;equip de la categoria j\u00fanior (3r i 4t d&#8217;ESO) format pels alumnes: Marina Sanclemente Cid (3r), Maia Prudkin Gromaches (3r), Victoria Torrez Fuentes (3r), Alejandro Cardozo Romero (4t), Lena Schwabe (4t), Uma Smith Egea (4t) i Nico Mora Corcoll (4t). Tamb\u00e9 volem agrair la participaci\u00f3 durant tota la preparaci\u00f3 per al concurs de la Nami Morote Tojo de 3r d&#8217;ESO.<\/p>\n<p>En la categoria j\u00fanior, l&#8217;alumnat del nostre centre va quedar en primera posici\u00f3, classificant-se per a la semifinal que es disputar\u00e0 a La Garriga (Vall\u00e8s Oriental) el pr\u00f2xim 3 de maig.<\/p>\n<p>Des del centre volem felicitar a tots els nostres alumnes pels seus resultats a la Copa Cangur i desitjar-los-hi molta sort per a la seg\u00fcent fase.<\/p>\n<p><img loading=\"lazy\" decoding=\"async\" class=\"alignnone size-large wp-image-24268\" src=\"https:\/\/agora.xtec.cat\/iecadaques\/wp-content\/uploads\/usu1969\/2024\/01\/WhatsApp-Image-2024-01-29-at-09.52.47-768x1024.jpeg\" alt=\"\" width=\"768\" height=\"1024\" srcset=\"https:\/\/agora.xtec.cat\/iecadaques\/wp-content\/uploads\/usu1969\/2024\/01\/WhatsApp-Image-2024-01-29-at-09.52.47-768x1024.jpeg 768w, https:\/\/agora.xtec.cat\/iecadaques\/wp-content\/uploads\/usu1969\/2024\/01\/WhatsApp-Image-2024-01-29-at-09.52.47-225x300.jpeg 225w, https:\/\/agora.xtec.cat\/iecadaques\/wp-content\/uploads\/usu1969\/2024\/01\/WhatsApp-Image-2024-01-29-at-09.52.47-1152x1536.jpeg 1152w, https:\/\/agora.xtec.cat\/iecadaques\/wp-content\/uploads\/usu1969\/2024\/01\/WhatsApp-Image-2024-01-29-at-09.52.47.jpeg 1536w\" sizes=\"auto, (max-width: 768px) 100vw, 768px\" \/><\/p>\n","protected":false},"excerpt":{"rendered":"<p>Divendres, 25 de gener, va tenir lloc la fase classificat\u00f2ria de la Copa Cangur 2024 a l&#8217;Illa de Rodes de Roses. El nostre centre va portar dos equips, un per cada categoria.<br \/>\nPer una banda, l&#8217;equip d&#8217;alumnes de 1r i 2n d&#8217;ESO a la categoria cadet&hellip;  <a href=\"https:\/\/agora.xtec.cat\/iecadaques\/portada\/copa-cangur-2024\/\" title=\"Read Copa Cangur 2024\">Llegeix m\u00e9s\u00bb<\/a><\/p>\n","protected":false},"author":26,"featured_media":24268,"comment_status":"closed","ping_status":"closed","sticky":false,"template":"","format":"standard","meta":{"_bbp_topic_count":0,"_bbp_reply_count":0,"_bbp_total_topic_count":0,"_bbp_total_reply_count":0,"_bbp_voice_count":0,"_bbp_anonymous_reply_count":0,"_bbp_topic_count_hidden":0,"_bbp_reply_count_hidden":0,"_bbp_forum_subforum_count":0,"footnotes":""},"categories":[167,29],"tags":[],"class_list":["post-24267","post","type-post","status-publish","format-standard","has-post-thumbnail","hentry","category-eso","category-portada"],"post_mailing_queue_ids":[],"_links":{"self":[{"href":"https:\/\/agora.xtec.cat\/iecadaques\/wp-json\/wp\/v2\/posts\/24267","targetHints":{"allow":["GET"]}}],"collection":[{"href":"https:\/\/agora.xtec.cat\/iecadaques\/wp-json\/wp\/v2\/posts"}],"about":[{"href":"https:\/\/agora.xtec.cat\/iecadaques\/wp-json\/wp\/v2\/types\/post"}],"author":[{"embeddable":true,"href":"https:\/\/agora.xtec.cat\/iecadaques\/wp-json\/wp\/v2\/users\/26"}],"replies":[{"embeddable":true,"href":"https:\/\/agora.xtec.cat\/iecadaques\/wp-json\/wp\/v2\/comments?post=24267"}],"version-history":[{"count":1,"href":"https:\/\/agora.xtec.cat\/iecadaques\/wp-json\/wp\/v2\/posts\/24267\/revisions"}],"predecessor-version":[{"id":24269,"href":"https:\/\/agora.xtec.cat\/iecadaques\/wp-json\/wp\/v2\/posts\/24267\/revisions\/24269"}],"wp:featuredmedia":[{"embeddable":true,"href":"https:\/\/agora.xtec.cat\/iecadaques\/wp-json\/wp\/v2\/media\/24268"}],"wp:attachment":[{"href":"https:\/\/agora.xtec.cat\/iecadaques\/wp-json\/wp\/v2\/media?parent=24267"}],"wp:term":[{"taxonomy":"category","embeddable":true,"href":"https:\/\/agora.xtec.cat\/iecadaques\/wp-json\/wp\/v2\/categories?post=24267"},{"taxonomy":"post_tag","embeddable":true,"href":"https:\/\/agora.xtec.cat\/iecadaques\/wp-json\/wp\/v2\/tags?post=24267"}],"curies":[{"name":"wp","href":"https:\/\/api.w.org\/{rel}","templated":true}]}}