{"id":24255,"date":"2023-12-04T09:47:32","date_gmt":"2023-12-04T08:47:32","guid":{"rendered":"https:\/\/agora.xtec.cat\/iecadaques\/?p=24255"},"modified":"2023-12-04T09:47:32","modified_gmt":"2023-12-04T08:47:32","slug":"observem-i-estudiem-la-vespa-asiatica-al-laboratori","status":"publish","type":"post","link":"https:\/\/agora.xtec.cat\/iecadaques\/general\/observem-i-estudiem-la-vespa-asiatica-al-laboratori\/","title":{"rendered":"Observem i estudiem la vespa asi\u00e0tica al laboratori"},"content":{"rendered":"<p><span style=\"font-weight: 400;\">Aquest curs, a 1r d\u2019ESO, aprofitant l\u2019estudi de la lupa binocular al laboratori, hem pogut observar molt detalladament la vespa asi\u00e0tica i el seu impressionant niu.<\/span><\/p>\n<p><span style=\"font-weight: 400;\">La vespa asi\u00e0tica (<\/span><i><span style=\"font-weight: 400;\">Vespa velutina nigrithorax<\/span><\/i><span style=\"font-weight: 400;\">) \u00e9s una\u00a0<\/span><b>esp\u00e8cie ex\u00f2tica invasora<\/b><span style=\"font-weight: 400;\">\u00a0que ha arribat per quedar-se a casa nostra. El principal perill de la vespa asi\u00e0tica \u00e9s per als altres insectes del nostre ecosistema, especialment les abelles de la mel, de les quals s\u2019alimenta.<\/span><\/p>\n<p><span style=\"font-weight: 400;\">La proliferaci\u00f3 de la vespa asi\u00e0tica t\u00e9 un efecte indirecte sobre la pol\u00b7linitzaci\u00f3 de les plantes conreades i de la flora silvestre, que tamb\u00e9 acaba afectant la producci\u00f3 de mel, de cera i d\u2019altres productes ap\u00edcoles.<\/span><\/p>\n<p><span style=\"font-weight: 400;\">\u00a0La seva picada \u00e9s una mica m\u00e9s dolorosa que la de la vespa de casa nostra. Davant la pres\u00e8ncia d\u2019individus i\/o nius de vespa asi\u00e0tica, cal actuar com ho far\u00edem amb qualsevol vespa o abella.\u00a0 Si som davant d\u2019un niu i les vespes se senten amena\u00e7ades, ens poden atacar molts exemplars alhora. Per tant, el m\u00e9s prudent \u00e9s no apropar-se al niu, i sobretot, no manipular-lo i informar a on l\u2019hem vist per qu\u00e8 els entesos el retirin.\u00a0<\/span><\/p>\n<p><span style=\"font-weight: 400;\">Donem les gr\u00e0cies a en Pol Verdaguer i al seu pare Josep Maria per facilitar-nos el niu que ha fet possible l\u2019estudi i l\u2019observaci\u00f3 d\u2019aquests insectes.<\/span><\/p>\n<p><a href=\"https:\/\/agora.xtec.cat\/iecadaques\/wp-content\/uploads\/usu1969\/2023\/12\/IMG20231003144138-scaled.jpg\"><img loading=\"lazy\" decoding=\"async\" class=\"alignnone  wp-image-24256\" src=\"https:\/\/agora.xtec.cat\/iecadaques\/wp-content\/uploads\/usu1969\/2023\/12\/IMG20231003144138-768x1024.jpg\" alt=\"\" width=\"534\" height=\"712\" srcset=\"https:\/\/agora.xtec.cat\/iecadaques\/wp-content\/uploads\/usu1969\/2023\/12\/IMG20231003144138-768x1024.jpg 768w, https:\/\/agora.xtec.cat\/iecadaques\/wp-content\/uploads\/usu1969\/2023\/12\/IMG20231003144138-225x300.jpg 225w, https:\/\/agora.xtec.cat\/iecadaques\/wp-content\/uploads\/usu1969\/2023\/12\/IMG20231003144138-1152x1536.jpg 1152w, https:\/\/agora.xtec.cat\/iecadaques\/wp-content\/uploads\/usu1969\/2023\/12\/IMG20231003144138-1536x2048.jpg 1536w, https:\/\/agora.xtec.cat\/iecadaques\/wp-content\/uploads\/usu1969\/2023\/12\/IMG20231003144138-scaled.jpg 1920w\" sizes=\"auto, (max-width: 534px) 100vw, 534px\" \/><\/a><\/p>\n<p><a href=\"https:\/\/agora.xtec.cat\/iecadaques\/wp-content\/uploads\/usu1969\/2023\/12\/IMG20231003153124-scaled.jpg\"><img loading=\"lazy\" decoding=\"async\" class=\"alignnone  wp-image-24257\" src=\"https:\/\/agora.xtec.cat\/iecadaques\/wp-content\/uploads\/usu1969\/2023\/12\/IMG20231003153124-768x1024.jpg\" alt=\"\" width=\"525\" height=\"700\" srcset=\"https:\/\/agora.xtec.cat\/iecadaques\/wp-content\/uploads\/usu1969\/2023\/12\/IMG20231003153124-768x1024.jpg 768w, https:\/\/agora.xtec.cat\/iecadaques\/wp-content\/uploads\/usu1969\/2023\/12\/IMG20231003153124-225x300.jpg 225w, https:\/\/agora.xtec.cat\/iecadaques\/wp-content\/uploads\/usu1969\/2023\/12\/IMG20231003153124-1152x1536.jpg 1152w, https:\/\/agora.xtec.cat\/iecadaques\/wp-content\/uploads\/usu1969\/2023\/12\/IMG20231003153124-1536x2048.jpg 1536w, https:\/\/agora.xtec.cat\/iecadaques\/wp-content\/uploads\/usu1969\/2023\/12\/IMG20231003153124-scaled.jpg 1920w\" sizes=\"auto, (max-width: 525px) 100vw, 525px\" \/><\/a><\/p>\n<p><a href=\"https:\/\/agora.xtec.cat\/iecadaques\/wp-content\/uploads\/usu1969\/2023\/12\/IMG20231003152638-scaled.jpg\"><img loading=\"lazy\" decoding=\"async\" class=\"alignnone  wp-image-24258\" src=\"https:\/\/agora.xtec.cat\/iecadaques\/wp-content\/uploads\/usu1969\/2023\/12\/IMG20231003152638-768x1024.jpg\" alt=\"\" width=\"520\" height=\"694\" srcset=\"https:\/\/agora.xtec.cat\/iecadaques\/wp-content\/uploads\/usu1969\/2023\/12\/IMG20231003152638-768x1024.jpg 768w, https:\/\/agora.xtec.cat\/iecadaques\/wp-content\/uploads\/usu1969\/2023\/12\/IMG20231003152638-225x300.jpg 225w, https:\/\/agora.xtec.cat\/iecadaques\/wp-content\/uploads\/usu1969\/2023\/12\/IMG20231003152638-1152x1536.jpg 1152w, https:\/\/agora.xtec.cat\/iecadaques\/wp-content\/uploads\/usu1969\/2023\/12\/IMG20231003152638-1536x2048.jpg 1536w, https:\/\/agora.xtec.cat\/iecadaques\/wp-content\/uploads\/usu1969\/2023\/12\/IMG20231003152638-scaled.jpg 1920w\" sizes=\"auto, (max-width: 520px) 100vw, 520px\" \/><\/a><\/p>\n<p><a href=\"https:\/\/agora.xtec.cat\/iecadaques\/wp-content\/uploads\/usu1969\/2023\/12\/IMG20231003152929-scaled.jpg\"><img loading=\"lazy\" decoding=\"async\" class=\"alignnone  wp-image-24259\" src=\"https:\/\/agora.xtec.cat\/iecadaques\/wp-content\/uploads\/usu1969\/2023\/12\/IMG20231003152929-768x1024.jpg\" alt=\"\" width=\"519\" height=\"692\" srcset=\"https:\/\/agora.xtec.cat\/iecadaques\/wp-content\/uploads\/usu1969\/2023\/12\/IMG20231003152929-768x1024.jpg 768w, https:\/\/agora.xtec.cat\/iecadaques\/wp-content\/uploads\/usu1969\/2023\/12\/IMG20231003152929-225x300.jpg 225w, https:\/\/agora.xtec.cat\/iecadaques\/wp-content\/uploads\/usu1969\/2023\/12\/IMG20231003152929-1152x1536.jpg 1152w, https:\/\/agora.xtec.cat\/iecadaques\/wp-content\/uploads\/usu1969\/2023\/12\/IMG20231003152929-1536x2048.jpg 1536w, https:\/\/agora.xtec.cat\/iecadaques\/wp-content\/uploads\/usu1969\/2023\/12\/IMG20231003152929-scaled.jpg 1920w\" sizes=\"auto, (max-width: 519px) 100vw, 519px\" \/><\/a><\/p>\n<p><a href=\"https:\/\/agora.xtec.cat\/iecadaques\/wp-content\/uploads\/usu1969\/2023\/12\/IMG20231003152236-scaled.jpg\"><img loading=\"lazy\" decoding=\"async\" class=\"alignnone  wp-image-24260\" src=\"https:\/\/agora.xtec.cat\/iecadaques\/wp-content\/uploads\/usu1969\/2023\/12\/IMG20231003152236-1024x768.jpg\" alt=\"\" width=\"513\" height=\"385\" srcset=\"https:\/\/agora.xtec.cat\/iecadaques\/wp-content\/uploads\/usu1969\/2023\/12\/IMG20231003152236-1024x768.jpg 1024w, https:\/\/agora.xtec.cat\/iecadaques\/wp-content\/uploads\/usu1969\/2023\/12\/IMG20231003152236-300x225.jpg 300w, https:\/\/agora.xtec.cat\/iecadaques\/wp-content\/uploads\/usu1969\/2023\/12\/IMG20231003152236-768x576.jpg 768w, https:\/\/agora.xtec.cat\/iecadaques\/wp-content\/uploads\/usu1969\/2023\/12\/IMG20231003152236-1536x1152.jpg 1536w, https:\/\/agora.xtec.cat\/iecadaques\/wp-content\/uploads\/usu1969\/2023\/12\/IMG20231003152236-2048x1536.jpg 2048w, https:\/\/agora.xtec.cat\/iecadaques\/wp-content\/uploads\/usu1969\/2023\/12\/IMG20231003152236-200x150.jpg 200w\" sizes=\"auto, (max-width: 513px) 100vw, 513px\" \/><\/a><\/p>\n<p><a href=\"https:\/\/agora.xtec.cat\/iecadaques\/wp-content\/uploads\/usu1969\/2023\/12\/IMG20231003154427-scaled.jpg\"><img loading=\"lazy\" decoding=\"async\" class=\"alignnone  wp-image-24261\" src=\"https:\/\/agora.xtec.cat\/iecadaques\/wp-content\/uploads\/usu1969\/2023\/12\/IMG20231003154427-768x1024.jpg\" alt=\"\" width=\"511\" height=\"681\" srcset=\"https:\/\/agora.xtec.cat\/iecadaques\/wp-content\/uploads\/usu1969\/2023\/12\/IMG20231003154427-768x1024.jpg 768w, https:\/\/agora.xtec.cat\/iecadaques\/wp-content\/uploads\/usu1969\/2023\/12\/IMG20231003154427-225x300.jpg 225w, https:\/\/agora.xtec.cat\/iecadaques\/wp-content\/uploads\/usu1969\/2023\/12\/IMG20231003154427-1152x1536.jpg 1152w, https:\/\/agora.xtec.cat\/iecadaques\/wp-content\/uploads\/usu1969\/2023\/12\/IMG20231003154427-1536x2048.jpg 1536w, https:\/\/agora.xtec.cat\/iecadaques\/wp-content\/uploads\/usu1969\/2023\/12\/IMG20231003154427-scaled.jpg 1920w\" sizes=\"auto, (max-width: 511px) 100vw, 511px\" \/><\/a><\/p>\n<p>&nbsp;<\/p>\n","protected":false},"excerpt":{"rendered":"<p>L&#8217;alumnat de 1r d&#8217;ESO estudia la vespa asi\u00e0tica al laboratori.&hellip;  <a href=\"https:\/\/agora.xtec.cat\/iecadaques\/general\/observem-i-estudiem-la-vespa-asiatica-al-laboratori\/\" title=\"Read Observem i estudiem la vespa asi\u00e0tica al laboratori\">Llegeix m\u00e9s\u00bb<\/a><\/p>\n","protected":false},"author":48,"featured_media":24259,"comment_status":"closed","ping_status":"closed","sticky":false,"template":"","format":"standard","meta":{"_bbp_topic_count":0,"_bbp_reply_count":0,"_bbp_total_topic_count":0,"_bbp_total_reply_count":0,"_bbp_voice_count":0,"_bbp_anonymous_reply_count":0,"_bbp_topic_count_hidden":0,"_bbp_reply_count_hidden":0,"_bbp_forum_subforum_count":0,"footnotes":""},"categories":[167,1,29],"tags":[121,123],"class_list":["post-24255","post","type-post","status-publish","format-standard","has-post-thumbnail","hentry","category-eso","category-general","category-portada","tag-eso1","tag-natural"],"post_mailing_queue_ids":[],"_links":{"self":[{"href":"https:\/\/agora.xtec.cat\/iecadaques\/wp-json\/wp\/v2\/posts\/24255","targetHints":{"allow":["GET"]}}],"collection":[{"href":"https:\/\/agora.xtec.cat\/iecadaques\/wp-json\/wp\/v2\/posts"}],"about":[{"href":"https:\/\/agora.xtec.cat\/iecadaques\/wp-json\/wp\/v2\/types\/post"}],"author":[{"embeddable":true,"href":"https:\/\/agora.xtec.cat\/iecadaques\/wp-json\/wp\/v2\/users\/48"}],"replies":[{"embeddable":true,"href":"https:\/\/agora.xtec.cat\/iecadaques\/wp-json\/wp\/v2\/comments?post=24255"}],"version-history":[{"count":1,"href":"https:\/\/agora.xtec.cat\/iecadaques\/wp-json\/wp\/v2\/posts\/24255\/revisions"}],"predecessor-version":[{"id":24262,"href":"https:\/\/agora.xtec.cat\/iecadaques\/wp-json\/wp\/v2\/posts\/24255\/revisions\/24262"}],"wp:featuredmedia":[{"embeddable":true,"href":"https:\/\/agora.xtec.cat\/iecadaques\/wp-json\/wp\/v2\/media\/24259"}],"wp:attachment":[{"href":"https:\/\/agora.xtec.cat\/iecadaques\/wp-json\/wp\/v2\/media?parent=24255"}],"wp:term":[{"taxonomy":"category","embeddable":true,"href":"https:\/\/agora.xtec.cat\/iecadaques\/wp-json\/wp\/v2\/categories?post=24255"},{"taxonomy":"post_tag","embeddable":true,"href":"https:\/\/agora.xtec.cat\/iecadaques\/wp-json\/wp\/v2\/tags?post=24255"}],"curies":[{"name":"wp","href":"https:\/\/api.w.org\/{rel}","templated":true}]}}