{"id":24236,"date":"2023-11-08T13:02:36","date_gmt":"2023-11-08T12:02:36","guid":{"rendered":"https:\/\/agora.xtec.cat\/iecadaques\/?p=24236"},"modified":"2023-11-08T13:04:01","modified_gmt":"2023-11-08T12:04:01","slug":"pedra-seca-construccio-dun-banc-i-un-rastell","status":"publish","type":"post","link":"https:\/\/agora.xtec.cat\/iecadaques\/general\/pedra-seca-construccio-dun-banc-i-un-rastell\/","title":{"rendered":"Pedra Seca: construcci\u00f3 d&#8217;un banc i un rastell"},"content":{"rendered":"<p>Els alumnes de primer estan preparant la construcci\u00f3 d&#8217;un banc de pedra seca al centre.\ud83d\udc77\ud83c\udffc\u200d\u2640\ufe0f\ud83d\udc77\ud83c\udffb , dintre del marc del Congr\u00e9s de Pedra Seca que acull el poble. El banc es construir\u00e0 d&#8217;aqu\u00ed a dues setmanes entre tot l&#8217;alumnat del centre.<\/p>\n<p>Tamb\u00e9 han comen\u00e7at amb la construcci\u00f3 d&#8217;un rastell de Pedra Seca que ser\u00e0 fet \u00edntegrament pels alumnes de 1r d&#8217;ESO i que es treballa des del Projecte del Parc Natural de 1r d&#8217;ESO. \ud83d\udd06\ud83c\udf43\ud83e\ude93<\/p>\n<p>Els alumnes han participat activament i amb moltes ganes en la construcci\u00f3 d&#8217;aquests dos elements arquitect\u00f2nics de pedra seca. \ud83e\udd29\u263a\ufe0f<\/p>\n<p><img loading=\"lazy\" decoding=\"async\" class=\"alignnone size-large wp-image-24229\" src=\"https:\/\/agora.xtec.cat\/iecadaques\/wp-content\/uploads\/usu1969\/2023\/11\/WhatsApp-Image-2023-11-08-at-12.56.15-768x1024.jpeg\" alt=\"\" width=\"768\" height=\"1024\" srcset=\"https:\/\/agora.xtec.cat\/iecadaques\/wp-content\/uploads\/usu1969\/2023\/11\/WhatsApp-Image-2023-11-08-at-12.56.15-768x1024.jpeg 768w, https:\/\/agora.xtec.cat\/iecadaques\/wp-content\/uploads\/usu1969\/2023\/11\/WhatsApp-Image-2023-11-08-at-12.56.15-225x300.jpeg 225w, https:\/\/agora.xtec.cat\/iecadaques\/wp-content\/uploads\/usu1969\/2023\/11\/WhatsApp-Image-2023-11-08-at-12.56.15-1152x1536.jpeg 1152w, https:\/\/agora.xtec.cat\/iecadaques\/wp-content\/uploads\/usu1969\/2023\/11\/WhatsApp-Image-2023-11-08-at-12.56.15.jpeg 1536w\" sizes=\"auto, (max-width: 768px) 100vw, 768px\" \/> <img loading=\"lazy\" decoding=\"async\" class=\"alignnone size-large wp-image-24228\" src=\"https:\/\/agora.xtec.cat\/iecadaques\/wp-content\/uploads\/usu1969\/2023\/11\/WhatsApp-Image-2023-11-08-at-12.56.15-1-768x1024.jpeg\" alt=\"\" width=\"768\" height=\"1024\" srcset=\"https:\/\/agora.xtec.cat\/iecadaques\/wp-content\/uploads\/usu1969\/2023\/11\/WhatsApp-Image-2023-11-08-at-12.56.15-1-768x1024.jpeg 768w, https:\/\/agora.xtec.cat\/iecadaques\/wp-content\/uploads\/usu1969\/2023\/11\/WhatsApp-Image-2023-11-08-at-12.56.15-1-225x300.jpeg 225w, https:\/\/agora.xtec.cat\/iecadaques\/wp-content\/uploads\/usu1969\/2023\/11\/WhatsApp-Image-2023-11-08-at-12.56.15-1-1152x1536.jpeg 1152w, https:\/\/agora.xtec.cat\/iecadaques\/wp-content\/uploads\/usu1969\/2023\/11\/WhatsApp-Image-2023-11-08-at-12.56.15-1.jpeg 1536w\" sizes=\"auto, (max-width: 768px) 100vw, 768px\" \/> <img loading=\"lazy\" decoding=\"async\" class=\"alignnone size-large wp-image-24230\" src=\"https:\/\/agora.xtec.cat\/iecadaques\/wp-content\/uploads\/usu1969\/2023\/11\/WhatsApp-Image-2023-11-08-at-12.56.14-768x1024.jpeg\" alt=\"\" width=\"768\" height=\"1024\" srcset=\"https:\/\/agora.xtec.cat\/iecadaques\/wp-content\/uploads\/usu1969\/2023\/11\/WhatsApp-Image-2023-11-08-at-12.56.14-768x1024.jpeg 768w, https:\/\/agora.xtec.cat\/iecadaques\/wp-content\/uploads\/usu1969\/2023\/11\/WhatsApp-Image-2023-11-08-at-12.56.14-225x300.jpeg 225w, https:\/\/agora.xtec.cat\/iecadaques\/wp-content\/uploads\/usu1969\/2023\/11\/WhatsApp-Image-2023-11-08-at-12.56.14-1152x1536.jpeg 1152w, https:\/\/agora.xtec.cat\/iecadaques\/wp-content\/uploads\/usu1969\/2023\/11\/WhatsApp-Image-2023-11-08-at-12.56.14.jpeg 1536w\" sizes=\"auto, (max-width: 768px) 100vw, 768px\" \/> <img loading=\"lazy\" decoding=\"async\" class=\"alignnone size-large wp-image-24233\" src=\"https:\/\/agora.xtec.cat\/iecadaques\/wp-content\/uploads\/usu1969\/2023\/11\/WhatsApp-Image-2023-11-08-at-12.56.08-768x1024.jpeg\" alt=\"\" width=\"768\" height=\"1024\" srcset=\"https:\/\/agora.xtec.cat\/iecadaques\/wp-content\/uploads\/usu1969\/2023\/11\/WhatsApp-Image-2023-11-08-at-12.56.08-768x1024.jpeg 768w, https:\/\/agora.xtec.cat\/iecadaques\/wp-content\/uploads\/usu1969\/2023\/11\/WhatsApp-Image-2023-11-08-at-12.56.08-225x300.jpeg 225w, https:\/\/agora.xtec.cat\/iecadaques\/wp-content\/uploads\/usu1969\/2023\/11\/WhatsApp-Image-2023-11-08-at-12.56.08-1152x1536.jpeg 1152w, https:\/\/agora.xtec.cat\/iecadaques\/wp-content\/uploads\/usu1969\/2023\/11\/WhatsApp-Image-2023-11-08-at-12.56.08.jpeg 1536w\" sizes=\"auto, (max-width: 768px) 100vw, 768px\" \/> <img loading=\"lazy\" decoding=\"async\" class=\"alignnone size-large wp-image-24232\" src=\"https:\/\/agora.xtec.cat\/iecadaques\/wp-content\/uploads\/usu1969\/2023\/11\/WhatsApp-Image-2023-11-08-at-12.56.13-768x1024.jpeg\" alt=\"\" width=\"768\" height=\"1024\" srcset=\"https:\/\/agora.xtec.cat\/iecadaques\/wp-content\/uploads\/usu1969\/2023\/11\/WhatsApp-Image-2023-11-08-at-12.56.13-768x1024.jpeg 768w, https:\/\/agora.xtec.cat\/iecadaques\/wp-content\/uploads\/usu1969\/2023\/11\/WhatsApp-Image-2023-11-08-at-12.56.13-225x300.jpeg 225w, https:\/\/agora.xtec.cat\/iecadaques\/wp-content\/uploads\/usu1969\/2023\/11\/WhatsApp-Image-2023-11-08-at-12.56.13-1152x1536.jpeg 1152w, https:\/\/agora.xtec.cat\/iecadaques\/wp-content\/uploads\/usu1969\/2023\/11\/WhatsApp-Image-2023-11-08-at-12.56.13.jpeg 1536w\" sizes=\"auto, (max-width: 768px) 100vw, 768px\" \/> <img loading=\"lazy\" decoding=\"async\" class=\"alignnone size-large wp-image-24231\" src=\"https:\/\/agora.xtec.cat\/iecadaques\/wp-content\/uploads\/usu1969\/2023\/11\/WhatsApp-Image-2023-11-08-at-12.56.13-1-768x1024.jpeg\" alt=\"\" width=\"768\" height=\"1024\" srcset=\"https:\/\/agora.xtec.cat\/iecadaques\/wp-content\/uploads\/usu1969\/2023\/11\/WhatsApp-Image-2023-11-08-at-12.56.13-1-768x1024.jpeg 768w, https:\/\/agora.xtec.cat\/iecadaques\/wp-content\/uploads\/usu1969\/2023\/11\/WhatsApp-Image-2023-11-08-at-12.56.13-1-225x300.jpeg 225w, https:\/\/agora.xtec.cat\/iecadaques\/wp-content\/uploads\/usu1969\/2023\/11\/WhatsApp-Image-2023-11-08-at-12.56.13-1-1152x1536.jpeg 1152w, https:\/\/agora.xtec.cat\/iecadaques\/wp-content\/uploads\/usu1969\/2023\/11\/WhatsApp-Image-2023-11-08-at-12.56.13-1.jpeg 1536w\" sizes=\"auto, (max-width: 768px) 100vw, 768px\" \/><\/p>\n","protected":false},"excerpt":{"rendered":"<p>Els alumnes de primer estan preparant la construcci\u00f3 d&#8217;un banc de pedra seca al centre.\ud83d\udc77\ud83c\udffc\u200d\u2640\ufe0f\ud83d\udc77\ud83c\udffb , dintre del marc del Congr\u00e9s de Pedra Seca que acull el poble. El banc es construir\u00e0 d&#8217;aqu\u00ed a dues setmanes entre tot l&#8217;alumnat del centre.<br \/>\nTamb\u00e9 han comen\u00e7at amb la&hellip;  <a href=\"https:\/\/agora.xtec.cat\/iecadaques\/general\/pedra-seca-construccio-dun-banc-i-un-rastell\/\" title=\"Read Pedra Seca: construcci\u00f3 d&#8217;un banc i un rastell\">Llegeix m\u00e9s\u00bb<\/a><\/p>\n","protected":false},"author":26,"featured_media":24231,"comment_status":"closed","ping_status":"closed","sticky":false,"template":"","format":"standard","meta":{"_bbp_topic_count":0,"_bbp_reply_count":0,"_bbp_total_topic_count":0,"_bbp_total_reply_count":0,"_bbp_voice_count":0,"_bbp_anonymous_reply_count":0,"_bbp_topic_count_hidden":0,"_bbp_reply_count_hidden":0,"_bbp_forum_subforum_count":0,"footnotes":""},"categories":[231,167,1,29],"tags":[],"class_list":["post-24236","post","type-post","status-publish","format-standard","has-post-thumbnail","hentry","category-activitats-culturals","category-eso","category-general","category-portada"],"post_mailing_queue_ids":[],"_links":{"self":[{"href":"https:\/\/agora.xtec.cat\/iecadaques\/wp-json\/wp\/v2\/posts\/24236","targetHints":{"allow":["GET"]}}],"collection":[{"href":"https:\/\/agora.xtec.cat\/iecadaques\/wp-json\/wp\/v2\/posts"}],"about":[{"href":"https:\/\/agora.xtec.cat\/iecadaques\/wp-json\/wp\/v2\/types\/post"}],"author":[{"embeddable":true,"href":"https:\/\/agora.xtec.cat\/iecadaques\/wp-json\/wp\/v2\/users\/26"}],"replies":[{"embeddable":true,"href":"https:\/\/agora.xtec.cat\/iecadaques\/wp-json\/wp\/v2\/comments?post=24236"}],"version-history":[{"count":2,"href":"https:\/\/agora.xtec.cat\/iecadaques\/wp-json\/wp\/v2\/posts\/24236\/revisions"}],"predecessor-version":[{"id":24238,"href":"https:\/\/agora.xtec.cat\/iecadaques\/wp-json\/wp\/v2\/posts\/24236\/revisions\/24238"}],"wp:featuredmedia":[{"embeddable":true,"href":"https:\/\/agora.xtec.cat\/iecadaques\/wp-json\/wp\/v2\/media\/24231"}],"wp:attachment":[{"href":"https:\/\/agora.xtec.cat\/iecadaques\/wp-json\/wp\/v2\/media?parent=24236"}],"wp:term":[{"taxonomy":"category","embeddable":true,"href":"https:\/\/agora.xtec.cat\/iecadaques\/wp-json\/wp\/v2\/categories?post=24236"},{"taxonomy":"post_tag","embeddable":true,"href":"https:\/\/agora.xtec.cat\/iecadaques\/wp-json\/wp\/v2\/tags?post=24236"}],"curies":[{"name":"wp","href":"https:\/\/api.w.org\/{rel}","templated":true}]}}