{"id":24211,"date":"2023-10-25T09:11:29","date_gmt":"2023-10-25T07:11:29","guid":{"rendered":"https:\/\/agora.xtec.cat\/iecadaques\/?p=24211"},"modified":"2023-10-25T09:23:45","modified_gmt":"2023-10-25T07:23:45","slug":"festival-incadaques-2023","status":"publish","type":"post","link":"https:\/\/agora.xtec.cat\/iecadaques\/general\/festival-incadaques-2023\/","title":{"rendered":"Festival InCadaqu\u00e9s 2023"},"content":{"rendered":"<p>El passat 11 d\u2019octubre, tots els alumnes de secund\u00e0ria de l\u2019Institut Escola van participar en el Festival Internacional InCadaqu\u00e9s. Han pogut fer visites guiades d\u2019algunes exposicions i han fet un taller sobre els L\u00famens Prints, que son fotogrames realitzats amb llum solar i paper fotogr\u00e0fic caducat.<br \/>\nDes de l\u2019Institut Escola volem agrair a l\u2019ajuntament i l\u2019organitzaci\u00f3 del festival l\u2019oportunitat \u00fanica de permetre que els alumnes descobreixin i apreci\u00efn la fotografia com a manifestaci\u00f3 art\u00edstica contempor\u00e0nia.<img loading=\"lazy\" decoding=\"async\" class=\"alignnone size-large wp-image-24212\" src=\"https:\/\/agora.xtec.cat\/iecadaques\/wp-content\/uploads\/usu1969\/2023\/10\/IMG_8975-768x1024.jpg\" alt=\"\" width=\"768\" height=\"1024\" srcset=\"https:\/\/agora.xtec.cat\/iecadaques\/wp-content\/uploads\/usu1969\/2023\/10\/IMG_8975-768x1024.jpg 768w, https:\/\/agora.xtec.cat\/iecadaques\/wp-content\/uploads\/usu1969\/2023\/10\/IMG_8975-225x300.jpg 225w, https:\/\/agora.xtec.cat\/iecadaques\/wp-content\/uploads\/usu1969\/2023\/10\/IMG_8975-1152x1536.jpg 1152w, https:\/\/agora.xtec.cat\/iecadaques\/wp-content\/uploads\/usu1969\/2023\/10\/IMG_8975-1536x2048.jpg 1536w, https:\/\/agora.xtec.cat\/iecadaques\/wp-content\/uploads\/usu1969\/2023\/10\/IMG_8975-scaled.jpg 1920w\" sizes=\"auto, (max-width: 768px) 100vw, 768px\" \/><img loading=\"lazy\" decoding=\"async\" class=\"alignnone size-large wp-image-24216\" src=\"https:\/\/agora.xtec.cat\/iecadaques\/wp-content\/uploads\/usu1969\/2023\/10\/IMG_8968-1024x768.jpg\" alt=\"\" width=\"1024\" height=\"768\" srcset=\"https:\/\/agora.xtec.cat\/iecadaques\/wp-content\/uploads\/usu1969\/2023\/10\/IMG_8968-1024x768.jpg 1024w, https:\/\/agora.xtec.cat\/iecadaques\/wp-content\/uploads\/usu1969\/2023\/10\/IMG_8968-300x225.jpg 300w, https:\/\/agora.xtec.cat\/iecadaques\/wp-content\/uploads\/usu1969\/2023\/10\/IMG_8968-768x576.jpg 768w, https:\/\/agora.xtec.cat\/iecadaques\/wp-content\/uploads\/usu1969\/2023\/10\/IMG_8968-1536x1152.jpg 1536w, https:\/\/agora.xtec.cat\/iecadaques\/wp-content\/uploads\/usu1969\/2023\/10\/IMG_8968-2048x1536.jpg 2048w, https:\/\/agora.xtec.cat\/iecadaques\/wp-content\/uploads\/usu1969\/2023\/10\/IMG_8968-200x150.jpg 200w\" sizes=\"auto, (max-width: 1024px) 100vw, 1024px\" \/> <img loading=\"lazy\" decoding=\"async\" class=\"alignnone size-large wp-image-24217\" src=\"https:\/\/agora.xtec.cat\/iecadaques\/wp-content\/uploads\/usu1969\/2023\/10\/IMG_8976-1024x768.jpg\" alt=\"\" width=\"1024\" height=\"768\" srcset=\"https:\/\/agora.xtec.cat\/iecadaques\/wp-content\/uploads\/usu1969\/2023\/10\/IMG_8976-1024x768.jpg 1024w, https:\/\/agora.xtec.cat\/iecadaques\/wp-content\/uploads\/usu1969\/2023\/10\/IMG_8976-300x225.jpg 300w, https:\/\/agora.xtec.cat\/iecadaques\/wp-content\/uploads\/usu1969\/2023\/10\/IMG_8976-768x576.jpg 768w, https:\/\/agora.xtec.cat\/iecadaques\/wp-content\/uploads\/usu1969\/2023\/10\/IMG_8976-1536x1152.jpg 1536w, https:\/\/agora.xtec.cat\/iecadaques\/wp-content\/uploads\/usu1969\/2023\/10\/IMG_8976-2048x1536.jpg 2048w, https:\/\/agora.xtec.cat\/iecadaques\/wp-content\/uploads\/usu1969\/2023\/10\/IMG_8976-200x150.jpg 200w\" sizes=\"auto, (max-width: 1024px) 100vw, 1024px\" \/> <img loading=\"lazy\" decoding=\"async\" class=\"alignnone size-large wp-image-24213\" src=\"https:\/\/agora.xtec.cat\/iecadaques\/wp-content\/uploads\/usu1969\/2023\/10\/IMG_8974-768x1024.jpg\" alt=\"\" width=\"768\" height=\"1024\" srcset=\"https:\/\/agora.xtec.cat\/iecadaques\/wp-content\/uploads\/usu1969\/2023\/10\/IMG_8974-768x1024.jpg 768w, https:\/\/agora.xtec.cat\/iecadaques\/wp-content\/uploads\/usu1969\/2023\/10\/IMG_8974-225x300.jpg 225w, https:\/\/agora.xtec.cat\/iecadaques\/wp-content\/uploads\/usu1969\/2023\/10\/IMG_8974-1152x1536.jpg 1152w, https:\/\/agora.xtec.cat\/iecadaques\/wp-content\/uploads\/usu1969\/2023\/10\/IMG_8974-1536x2048.jpg 1536w, https:\/\/agora.xtec.cat\/iecadaques\/wp-content\/uploads\/usu1969\/2023\/10\/IMG_8974-scaled.jpg 1920w\" sizes=\"auto, (max-width: 768px) 100vw, 768px\" \/> <img loading=\"lazy\" decoding=\"async\" class=\"alignnone size-large wp-image-24214\" src=\"https:\/\/agora.xtec.cat\/iecadaques\/wp-content\/uploads\/usu1969\/2023\/10\/IMG_8971-768x1024.jpg\" alt=\"\" width=\"768\" height=\"1024\" srcset=\"https:\/\/agora.xtec.cat\/iecadaques\/wp-content\/uploads\/usu1969\/2023\/10\/IMG_8971-768x1024.jpg 768w, https:\/\/agora.xtec.cat\/iecadaques\/wp-content\/uploads\/usu1969\/2023\/10\/IMG_8971-225x300.jpg 225w, https:\/\/agora.xtec.cat\/iecadaques\/wp-content\/uploads\/usu1969\/2023\/10\/IMG_8971-1152x1536.jpg 1152w, https:\/\/agora.xtec.cat\/iecadaques\/wp-content\/uploads\/usu1969\/2023\/10\/IMG_8971-1536x2048.jpg 1536w, https:\/\/agora.xtec.cat\/iecadaques\/wp-content\/uploads\/usu1969\/2023\/10\/IMG_8971-scaled.jpg 1920w\" sizes=\"auto, (max-width: 768px) 100vw, 768px\" \/><\/p>\n","protected":false},"excerpt":{"rendered":"<p>El passat 11 d\u2019octubre, tots els alumnes de secund\u00e0ria de l\u2019Institut Escola van participar en el Festival Internacional InCadaqu\u00e9s. Han pogut fer visites guiades d\u2019algunes exposicions i han fet un taller sobre els L\u00famens Prints, que son fotogrames realitzats amb llum solar i paper fotogr\u00e0fic&hellip;  <a href=\"https:\/\/agora.xtec.cat\/iecadaques\/general\/festival-incadaques-2023\/\" title=\"Read Festival InCadaqu\u00e9s 2023\">Llegeix m\u00e9s\u00bb<\/a><\/p>\n","protected":false},"author":26,"featured_media":24216,"comment_status":"closed","ping_status":"closed","sticky":false,"template":"","format":"standard","meta":{"_bbp_topic_count":0,"_bbp_reply_count":0,"_bbp_total_topic_count":0,"_bbp_total_reply_count":0,"_bbp_voice_count":0,"_bbp_anonymous_reply_count":0,"_bbp_topic_count_hidden":0,"_bbp_reply_count_hidden":0,"_bbp_forum_subforum_count":0,"footnotes":""},"categories":[167,1,29],"tags":[],"class_list":["post-24211","post","type-post","status-publish","format-standard","has-post-thumbnail","hentry","category-eso","category-general","category-portada"],"post_mailing_queue_ids":[],"_links":{"self":[{"href":"https:\/\/agora.xtec.cat\/iecadaques\/wp-json\/wp\/v2\/posts\/24211","targetHints":{"allow":["GET"]}}],"collection":[{"href":"https:\/\/agora.xtec.cat\/iecadaques\/wp-json\/wp\/v2\/posts"}],"about":[{"href":"https:\/\/agora.xtec.cat\/iecadaques\/wp-json\/wp\/v2\/types\/post"}],"author":[{"embeddable":true,"href":"https:\/\/agora.xtec.cat\/iecadaques\/wp-json\/wp\/v2\/users\/26"}],"replies":[{"embeddable":true,"href":"https:\/\/agora.xtec.cat\/iecadaques\/wp-json\/wp\/v2\/comments?post=24211"}],"version-history":[{"count":3,"href":"https:\/\/agora.xtec.cat\/iecadaques\/wp-json\/wp\/v2\/posts\/24211\/revisions"}],"predecessor-version":[{"id":24219,"href":"https:\/\/agora.xtec.cat\/iecadaques\/wp-json\/wp\/v2\/posts\/24211\/revisions\/24219"}],"wp:featuredmedia":[{"embeddable":true,"href":"https:\/\/agora.xtec.cat\/iecadaques\/wp-json\/wp\/v2\/media\/24216"}],"wp:attachment":[{"href":"https:\/\/agora.xtec.cat\/iecadaques\/wp-json\/wp\/v2\/media?parent=24211"}],"wp:term":[{"taxonomy":"category","embeddable":true,"href":"https:\/\/agora.xtec.cat\/iecadaques\/wp-json\/wp\/v2\/categories?post=24211"},{"taxonomy":"post_tag","embeddable":true,"href":"https:\/\/agora.xtec.cat\/iecadaques\/wp-json\/wp\/v2\/tags?post=24211"}],"curies":[{"name":"wp","href":"https:\/\/api.w.org\/{rel}","templated":true}]}}