{"id":24138,"date":"2023-07-10T10:03:16","date_gmt":"2023-07-10T08:03:16","guid":{"rendered":"https:\/\/agora.xtec.cat\/iecadaques\/?p=24138"},"modified":"2023-07-10T10:04:31","modified_gmt":"2023-07-10T08:04:31","slug":"grans-moments","status":"publish","type":"post","link":"https:\/\/agora.xtec.cat\/iecadaques\/portada\/grans-moments\/","title":{"rendered":"GRANS MOMENTS!"},"content":{"rendered":"<h3>FESTA DE CLOENDA A LA RESID\u00c8NCIA DE GENT GRAN CADAQU\u00c9S<\/h3>\n<p>Aquest dimarts hem celebrat la festa de cloenda del projecte <i>Grans Moments<\/i>, un projecte de Servei Comunitari que s\u2019ha portat a terme al llarg de tot el curs escolar.<\/p>\n<p style=\"text-align: justify;\"><a href=\"https:\/\/agora.xtec.cat\/iecadaques\/wp-content\/uploads\/usu1969\/2023\/07\/WhatsApp-Image-2023-07-05-at-23.08.20-1.jpeg\"><img loading=\"lazy\" decoding=\"async\" class=\"alignnone size-large wp-image-24140\" src=\"https:\/\/agora.xtec.cat\/iecadaques\/wp-content\/uploads\/usu1969\/2023\/07\/WhatsApp-Image-2023-07-05-at-23.08.20-1-1024x538.jpeg\" alt=\"\" width=\"1024\" height=\"538\" srcset=\"https:\/\/agora.xtec.cat\/iecadaques\/wp-content\/uploads\/usu1969\/2023\/07\/WhatsApp-Image-2023-07-05-at-23.08.20-1-1024x538.jpeg 1024w, https:\/\/agora.xtec.cat\/iecadaques\/wp-content\/uploads\/usu1969\/2023\/07\/WhatsApp-Image-2023-07-05-at-23.08.20-1-300x158.jpeg 300w, https:\/\/agora.xtec.cat\/iecadaques\/wp-content\/uploads\/usu1969\/2023\/07\/WhatsApp-Image-2023-07-05-at-23.08.20-1-768x404.jpeg 768w, https:\/\/agora.xtec.cat\/iecadaques\/wp-content\/uploads\/usu1969\/2023\/07\/WhatsApp-Image-2023-07-05-at-23.08.20-1-1536x807.jpeg 1536w, https:\/\/agora.xtec.cat\/iecadaques\/wp-content\/uploads\/usu1969\/2023\/07\/WhatsApp-Image-2023-07-05-at-23.08.20-1.jpeg 1713w\" sizes=\"auto, (max-width: 1024px) 100vw, 1024px\" \/><\/a><a href=\"https:\/\/agora.xtec.cat\/iecadaques\/wp-content\/uploads\/usu1969\/2023\/07\/WhatsApp-Image-2023-07-05-at-23.08.21.jpeg\"><img loading=\"lazy\" decoding=\"async\" class=\"size-large wp-image-24142 alignright\" src=\"https:\/\/agora.xtec.cat\/iecadaques\/wp-content\/uploads\/usu1969\/2023\/07\/WhatsApp-Image-2023-07-05-at-23.08.21-461x1024.jpeg\" alt=\"\" width=\"230\" height=\"512\" srcset=\"https:\/\/agora.xtec.cat\/iecadaques\/wp-content\/uploads\/usu1969\/2023\/07\/WhatsApp-Image-2023-07-05-at-23.08.21-461x1024.jpeg 461w, https:\/\/agora.xtec.cat\/iecadaques\/wp-content\/uploads\/usu1969\/2023\/07\/WhatsApp-Image-2023-07-05-at-23.08.21-135x300.jpeg 135w, https:\/\/agora.xtec.cat\/iecadaques\/wp-content\/uploads\/usu1969\/2023\/07\/WhatsApp-Image-2023-07-05-at-23.08.21-768x1707.jpeg 768w, https:\/\/agora.xtec.cat\/iecadaques\/wp-content\/uploads\/usu1969\/2023\/07\/WhatsApp-Image-2023-07-05-at-23.08.21-691x1536.jpeg 691w, https:\/\/agora.xtec.cat\/iecadaques\/wp-content\/uploads\/usu1969\/2023\/07\/WhatsApp-Image-2023-07-05-at-23.08.21.jpeg 900w\" sizes=\"auto, (max-width: 230px) 100vw, 230px\" \/><\/a><\/p>\n<p>&nbsp;<\/p>\n<p style=\"text-align: justify;\">La gent gran de la resid\u00e8ncia <i>l\u2019Hospital de Cadaqu\u00e9s<\/i>, tot el personal que hi treballa, l\u2019alumnat de 3r d\u2019ESO que cada dijous ha acompanyat els residents, la Roser Bosch com a representant de C\u00e0ritas i alguns docents no es varen voler perdre l\u2019ocasi\u00f3 de passar una estona plegats compartint experi\u00e8ncies i un bon berenar. Els protagonistes m\u00e9s grans ens varen emocionar regalant-nos un parell de can\u00e7ons que portaven ben assajades! i no hi va faltar un intercanvi de regals entre alumnes i avis, un detall molt emotiu que ens permetr\u00e0 tenir-nos ben presents els uns als altres durant tot l\u2019estiu. Aquests Grans Moments s\u00f3n els que ens omplen de veritat i ens permeten seguir creixent com a persones. Moltes gr\u00e0cies a tots els que ho feu possible!<\/p>\n<p style=\"text-align: justify;\"><a href=\"https:\/\/agora.xtec.cat\/iecadaques\/wp-content\/uploads\/usu1969\/2023\/07\/WhatsApp-Image-2023-07-05-at-23.08.20.jpeg\"><img loading=\"lazy\" decoding=\"async\" class=\"alignnone size-large wp-image-24141\" src=\"https:\/\/agora.xtec.cat\/iecadaques\/wp-content\/uploads\/usu1969\/2023\/07\/WhatsApp-Image-2023-07-05-at-23.08.20-1024x785.jpeg\" alt=\"\" width=\"1024\" height=\"785\" srcset=\"https:\/\/agora.xtec.cat\/iecadaques\/wp-content\/uploads\/usu1969\/2023\/07\/WhatsApp-Image-2023-07-05-at-23.08.20-1024x785.jpeg 1024w, https:\/\/agora.xtec.cat\/iecadaques\/wp-content\/uploads\/usu1969\/2023\/07\/WhatsApp-Image-2023-07-05-at-23.08.20-300x230.jpeg 300w, https:\/\/agora.xtec.cat\/iecadaques\/wp-content\/uploads\/usu1969\/2023\/07\/WhatsApp-Image-2023-07-05-at-23.08.20-768x588.jpeg 768w, https:\/\/agora.xtec.cat\/iecadaques\/wp-content\/uploads\/usu1969\/2023\/07\/WhatsApp-Image-2023-07-05-at-23.08.20-1536x1177.jpeg 1536w, https:\/\/agora.xtec.cat\/iecadaques\/wp-content\/uploads\/usu1969\/2023\/07\/WhatsApp-Image-2023-07-05-at-23.08.20.jpeg 2048w\" sizes=\"auto, (max-width: 1024px) 100vw, 1024px\" \/><\/a><\/p>\n","protected":false},"excerpt":{"rendered":"<p>FESTA DE CLOENDA A LA RESID\u00c8NCIA DE GENT GRAN CADAQU\u00c9S<br \/>\nAquest dimarts hem celebrat la festa de cloenda del projecte Grans Moments, un projecte de Servei Comunitari que s\u2019ha portat a terme al llarg de tot el curs escolar.<br \/>\n<a href=\"https:\/\/agora.xtec.cat\/iecadaques\/wp-content\/uploads\/usu1969\/2023\/07\/WhatsApp-Image-2023-07-05-at-23.08.20-1.jpeg\"><\/a><a href=\"https:\/\/agora.xtec.cat\/iecadaques\/wp-content\/uploads\/usu1969\/2023\/07\/WhatsApp-Image-2023-07-05-at-23.08.21.jpeg\"><\/a><br \/>\n&nbsp;<br \/>\nLa gent gran de la resid\u00e8ncia&hellip;  <a href=\"https:\/\/agora.xtec.cat\/iecadaques\/portada\/grans-moments\/\" title=\"Read GRANS MOMENTS!\">Llegeix m\u00e9s\u00bb<\/a><\/p>\n","protected":false},"author":3,"featured_media":24141,"comment_status":"closed","ping_status":"closed","sticky":false,"template":"","format":"standard","meta":{"_bbp_topic_count":0,"_bbp_reply_count":0,"_bbp_total_topic_count":0,"_bbp_total_reply_count":0,"_bbp_voice_count":0,"_bbp_anonymous_reply_count":0,"_bbp_topic_count_hidden":0,"_bbp_reply_count_hidden":0,"_bbp_forum_subforum_count":0,"footnotes":""},"categories":[218,167,210,217,29],"tags":[],"class_list":["post-24138","post","type-post","status-publish","format-standard","has-post-thumbnail","hentry","category-apadrina","category-eso","category-gentgran","category-gransexpertes","category-portada"],"post_mailing_queue_ids":[],"_links":{"self":[{"href":"https:\/\/agora.xtec.cat\/iecadaques\/wp-json\/wp\/v2\/posts\/24138","targetHints":{"allow":["GET"]}}],"collection":[{"href":"https:\/\/agora.xtec.cat\/iecadaques\/wp-json\/wp\/v2\/posts"}],"about":[{"href":"https:\/\/agora.xtec.cat\/iecadaques\/wp-json\/wp\/v2\/types\/post"}],"author":[{"embeddable":true,"href":"https:\/\/agora.xtec.cat\/iecadaques\/wp-json\/wp\/v2\/users\/3"}],"replies":[{"embeddable":true,"href":"https:\/\/agora.xtec.cat\/iecadaques\/wp-json\/wp\/v2\/comments?post=24138"}],"version-history":[{"count":4,"href":"https:\/\/agora.xtec.cat\/iecadaques\/wp-json\/wp\/v2\/posts\/24138\/revisions"}],"predecessor-version":[{"id":24146,"href":"https:\/\/agora.xtec.cat\/iecadaques\/wp-json\/wp\/v2\/posts\/24138\/revisions\/24146"}],"wp:featuredmedia":[{"embeddable":true,"href":"https:\/\/agora.xtec.cat\/iecadaques\/wp-json\/wp\/v2\/media\/24141"}],"wp:attachment":[{"href":"https:\/\/agora.xtec.cat\/iecadaques\/wp-json\/wp\/v2\/media?parent=24138"}],"wp:term":[{"taxonomy":"category","embeddable":true,"href":"https:\/\/agora.xtec.cat\/iecadaques\/wp-json\/wp\/v2\/categories?post=24138"},{"taxonomy":"post_tag","embeddable":true,"href":"https:\/\/agora.xtec.cat\/iecadaques\/wp-json\/wp\/v2\/tags?post=24138"}],"curies":[{"name":"wp","href":"https:\/\/api.w.org\/{rel}","templated":true}]}}