{"id":24118,"date":"2023-06-19T09:27:35","date_gmt":"2023-06-19T07:27:35","guid":{"rendered":"https:\/\/agora.xtec.cat\/iecadaques\/?p=24118"},"modified":"2023-06-19T09:27:35","modified_gmt":"2023-06-19T07:27:35","slug":"moment-de-gaudir-de-la-mar-i-del-vent","status":"publish","type":"post","link":"https:\/\/agora.xtec.cat\/iecadaques\/general\/moment-de-gaudir-de-la-mar-i-del-vent\/","title":{"rendered":"Moment de gaudir de la mar i del vent!"},"content":{"rendered":"<p><span style=\"font-weight: 400;\">Com cada final de curs l\u2019alumnat del nostre centre ha pogut gaudir d\u2019activitats n\u00e0utiques. L\u2019alumnat de 4t, 5\u00e8 i 6\u00e8 de prim\u00e0ria i 2n d\u2019ESO han fet caiac a Portlligat amb l\u2019empresa Kayaking Costa Brava i la col\u00b7laboraci\u00f3 de l\u2019escola d\u2019en mar.<\/span><\/p>\n<p><span style=\"font-weight: 400;\">Degut a la tramuntana es van haver d\u2019anul\u00b7lar algunes sessions, per\u00f2 tots els grups han pogut gaudir de v\u00e0ries sessions de caiac. A prim\u00e0ria s\u2019utilitzen caiacs dobles oberts i es fan sobretot jocs i activitats l\u00fadiques. A 2n d\u2019ESO s\u2019utilitzen caiacs individuals tapats i s&#8217;aprofundeix en els aspectes t\u00e8cnics i de seguretat. A la sortida llarga de 2n d\u2019ESO ens va acompanyar una mar plana i un lleuger vent de nord, condicions ideals per anar en caiac. Vam anar resseguint la costa i vam fer una parada a Cala Guillola per esmorzar i despr\u00e9s a Cala Bona. D\u2019all\u00e0 vam seguir fins a la Cova de l\u2019Infern (uns quants palejant i altres en llanxa). La tornada va ser directa amb el vent suau de popa, que va ser de gran ajuda. En total vam fer quasi 12 km en caiac!<\/span><\/p>\n<p><span style=\"font-weight: 400;\">El windsurf i la vela els hem fet a la platja de Ses Oliveres, amb l\u2019empresa Ones Litoral.<\/span><\/p>\n<p><span style=\"font-weight: 400;\">Amb l\u2019alumnat de 1r d\u2019ESO hem fet 5 sessions de windsurf. Hem apr\u00e8s a fer alguns nusos mariners, a muntar el material i a navegar amb vents suaus, fent la virada per avant per girar. La majoria dels alumnes s\u00f3n capa\u00e7os de navegar de forma m\u00e9s o menys aut\u00f2noma per l\u2019\u00e0rea entre la platja i la zona de boies.<\/span><\/p>\n<p><span style=\"font-weight: 400;\">Amb l\u2019alumnat de 3r d\u2019ESO hem fet 4 sessions de vela. Hem navegat a la badia de Cadaqu\u00e9s amb dos raqueros (on hi caben 5-7 alumnes), un l\u00e0ser i un feva. Hem muntat les veles (floc i major), hem apr\u00e8s a controlar la direcci\u00f3 amb el tim\u00f3 i com col\u00b7locar les veles en cada rumb.\u00a0<\/span><\/p>\n<p><span style=\"font-weight: 400;\">Agrair a l\u2019Ajuntament de Cadaqu\u00e9s que un any m\u00e9s subvencioni aquestes activitats que permeten acostar els esports n\u00e0utics als joves del poble.<\/span><\/p>\n<p><a href=\"https:\/\/agora.xtec.cat\/iecadaques\/wp-content\/uploads\/usu1969\/2023\/06\/caiac2-scaled.jpg\"><img loading=\"lazy\" decoding=\"async\" class=\"alignnone size-large wp-image-24119\" src=\"https:\/\/agora.xtec.cat\/iecadaques\/wp-content\/uploads\/usu1969\/2023\/06\/caiac2-1024x768.jpg\" alt=\"\" width=\"1024\" height=\"768\" srcset=\"https:\/\/agora.xtec.cat\/iecadaques\/wp-content\/uploads\/usu1969\/2023\/06\/caiac2-1024x768.jpg 1024w, https:\/\/agora.xtec.cat\/iecadaques\/wp-content\/uploads\/usu1969\/2023\/06\/caiac2-300x225.jpg 300w, https:\/\/agora.xtec.cat\/iecadaques\/wp-content\/uploads\/usu1969\/2023\/06\/caiac2-768x576.jpg 768w, https:\/\/agora.xtec.cat\/iecadaques\/wp-content\/uploads\/usu1969\/2023\/06\/caiac2-1536x1152.jpg 1536w, https:\/\/agora.xtec.cat\/iecadaques\/wp-content\/uploads\/usu1969\/2023\/06\/caiac2-2048x1536.jpg 2048w, https:\/\/agora.xtec.cat\/iecadaques\/wp-content\/uploads\/usu1969\/2023\/06\/caiac2-200x150.jpg 200w\" sizes=\"auto, (max-width: 1024px) 100vw, 1024px\" \/><\/a> <a href=\"https:\/\/agora.xtec.cat\/iecadaques\/wp-content\/uploads\/usu1969\/2023\/06\/vela1-scaled.jpg\"><img loading=\"lazy\" decoding=\"async\" class=\"alignnone size-large wp-image-24120\" src=\"https:\/\/agora.xtec.cat\/iecadaques\/wp-content\/uploads\/usu1969\/2023\/06\/vela1-1024x768.jpg\" alt=\"\" width=\"1024\" height=\"768\" srcset=\"https:\/\/agora.xtec.cat\/iecadaques\/wp-content\/uploads\/usu1969\/2023\/06\/vela1-1024x768.jpg 1024w, https:\/\/agora.xtec.cat\/iecadaques\/wp-content\/uploads\/usu1969\/2023\/06\/vela1-300x225.jpg 300w, https:\/\/agora.xtec.cat\/iecadaques\/wp-content\/uploads\/usu1969\/2023\/06\/vela1-768x576.jpg 768w, https:\/\/agora.xtec.cat\/iecadaques\/wp-content\/uploads\/usu1969\/2023\/06\/vela1-1536x1152.jpg 1536w, https:\/\/agora.xtec.cat\/iecadaques\/wp-content\/uploads\/usu1969\/2023\/06\/vela1-2048x1536.jpg 2048w, https:\/\/agora.xtec.cat\/iecadaques\/wp-content\/uploads\/usu1969\/2023\/06\/vela1-200x150.jpg 200w\" sizes=\"auto, (max-width: 1024px) 100vw, 1024px\" \/><\/a> <a href=\"https:\/\/agora.xtec.cat\/iecadaques\/wp-content\/uploads\/usu1969\/2023\/06\/vela2-scaled.jpg\"><img loading=\"lazy\" decoding=\"async\" class=\"alignnone size-large wp-image-24121\" src=\"https:\/\/agora.xtec.cat\/iecadaques\/wp-content\/uploads\/usu1969\/2023\/06\/vela2-1024x768.jpg\" alt=\"\" width=\"1024\" height=\"768\" srcset=\"https:\/\/agora.xtec.cat\/iecadaques\/wp-content\/uploads\/usu1969\/2023\/06\/vela2-1024x768.jpg 1024w, https:\/\/agora.xtec.cat\/iecadaques\/wp-content\/uploads\/usu1969\/2023\/06\/vela2-300x225.jpg 300w, https:\/\/agora.xtec.cat\/iecadaques\/wp-content\/uploads\/usu1969\/2023\/06\/vela2-768x576.jpg 768w, https:\/\/agora.xtec.cat\/iecadaques\/wp-content\/uploads\/usu1969\/2023\/06\/vela2-1536x1152.jpg 1536w, https:\/\/agora.xtec.cat\/iecadaques\/wp-content\/uploads\/usu1969\/2023\/06\/vela2-2048x1536.jpg 2048w, https:\/\/agora.xtec.cat\/iecadaques\/wp-content\/uploads\/usu1969\/2023\/06\/vela2-200x150.jpg 200w\" sizes=\"auto, (max-width: 1024px) 100vw, 1024px\" \/><\/a> <a href=\"https:\/\/agora.xtec.cat\/iecadaques\/wp-content\/uploads\/usu1969\/2023\/06\/ws1-scaled.jpg\"><img loading=\"lazy\" decoding=\"async\" class=\"alignnone size-large wp-image-24122\" src=\"https:\/\/agora.xtec.cat\/iecadaques\/wp-content\/uploads\/usu1969\/2023\/06\/ws1-1024x768.jpg\" alt=\"\" width=\"1024\" height=\"768\" srcset=\"https:\/\/agora.xtec.cat\/iecadaques\/wp-content\/uploads\/usu1969\/2023\/06\/ws1-1024x768.jpg 1024w, https:\/\/agora.xtec.cat\/iecadaques\/wp-content\/uploads\/usu1969\/2023\/06\/ws1-300x225.jpg 300w, https:\/\/agora.xtec.cat\/iecadaques\/wp-content\/uploads\/usu1969\/2023\/06\/ws1-768x576.jpg 768w, https:\/\/agora.xtec.cat\/iecadaques\/wp-content\/uploads\/usu1969\/2023\/06\/ws1-1536x1152.jpg 1536w, https:\/\/agora.xtec.cat\/iecadaques\/wp-content\/uploads\/usu1969\/2023\/06\/ws1-2048x1536.jpg 2048w, https:\/\/agora.xtec.cat\/iecadaques\/wp-content\/uploads\/usu1969\/2023\/06\/ws1-200x150.jpg 200w\" sizes=\"auto, (max-width: 1024px) 100vw, 1024px\" \/><\/a> <a href=\"https:\/\/agora.xtec.cat\/iecadaques\/wp-content\/uploads\/usu1969\/2023\/06\/ws2-scaled.jpg\"><img loading=\"lazy\" decoding=\"async\" class=\"alignnone size-large wp-image-24123\" src=\"https:\/\/agora.xtec.cat\/iecadaques\/wp-content\/uploads\/usu1969\/2023\/06\/ws2-1024x768.jpg\" alt=\"\" width=\"1024\" height=\"768\" srcset=\"https:\/\/agora.xtec.cat\/iecadaques\/wp-content\/uploads\/usu1969\/2023\/06\/ws2-1024x768.jpg 1024w, https:\/\/agora.xtec.cat\/iecadaques\/wp-content\/uploads\/usu1969\/2023\/06\/ws2-300x225.jpg 300w, https:\/\/agora.xtec.cat\/iecadaques\/wp-content\/uploads\/usu1969\/2023\/06\/ws2-768x576.jpg 768w, https:\/\/agora.xtec.cat\/iecadaques\/wp-content\/uploads\/usu1969\/2023\/06\/ws2-1536x1152.jpg 1536w, https:\/\/agora.xtec.cat\/iecadaques\/wp-content\/uploads\/usu1969\/2023\/06\/ws2-2048x1536.jpg 2048w, https:\/\/agora.xtec.cat\/iecadaques\/wp-content\/uploads\/usu1969\/2023\/06\/ws2-200x150.jpg 200w\" sizes=\"auto, (max-width: 1024px) 100vw, 1024px\" \/><\/a> <a href=\"https:\/\/agora.xtec.cat\/iecadaques\/wp-content\/uploads\/usu1969\/2023\/06\/FOTO-DE-GRUP-CAIAC.png\"><img loading=\"lazy\" decoding=\"async\" class=\"alignnone size-large wp-image-24124\" src=\"https:\/\/agora.xtec.cat\/iecadaques\/wp-content\/uploads\/usu1969\/2023\/06\/FOTO-DE-GRUP-CAIAC-1024x768.png\" alt=\"\" width=\"1024\" height=\"768\" srcset=\"https:\/\/agora.xtec.cat\/iecadaques\/wp-content\/uploads\/usu1969\/2023\/06\/FOTO-DE-GRUP-CAIAC-1024x768.png 1024w, https:\/\/agora.xtec.cat\/iecadaques\/wp-content\/uploads\/usu1969\/2023\/06\/FOTO-DE-GRUP-CAIAC-300x225.png 300w, https:\/\/agora.xtec.cat\/iecadaques\/wp-content\/uploads\/usu1969\/2023\/06\/FOTO-DE-GRUP-CAIAC-768x576.png 768w, https:\/\/agora.xtec.cat\/iecadaques\/wp-content\/uploads\/usu1969\/2023\/06\/FOTO-DE-GRUP-CAIAC-1536x1152.png 1536w, https:\/\/agora.xtec.cat\/iecadaques\/wp-content\/uploads\/usu1969\/2023\/06\/FOTO-DE-GRUP-CAIAC-2048x1536.png 2048w, https:\/\/agora.xtec.cat\/iecadaques\/wp-content\/uploads\/usu1969\/2023\/06\/FOTO-DE-GRUP-CAIAC-200x150.png 200w\" sizes=\"auto, (max-width: 1024px) 100vw, 1024px\" \/><\/a><\/p>\n","protected":false},"excerpt":{"rendered":"<p>Els alumnes del centre han portat a terme activitats n\u00e0utiques.&hellip;  <a href=\"https:\/\/agora.xtec.cat\/iecadaques\/general\/moment-de-gaudir-de-la-mar-i-del-vent\/\" title=\"Read Moment de gaudir de la mar i del vent!\">Llegeix m\u00e9s\u00bb<\/a><\/p>\n","protected":false},"author":48,"featured_media":24120,"comment_status":"closed","ping_status":"closed","sticky":false,"template":"","format":"standard","meta":{"_bbp_topic_count":0,"_bbp_reply_count":0,"_bbp_total_topic_count":0,"_bbp_total_reply_count":0,"_bbp_voice_count":0,"_bbp_anonymous_reply_count":0,"_bbp_topic_count_hidden":0,"_bbp_reply_count_hidden":0,"_bbp_forum_subforum_count":0,"footnotes":""},"categories":[205,201,1,29,206,207],"tags":[121,120,131,183,184,185,259,260,261,262],"class_list":["post-24118","post","type-post","status-publish","format-standard","has-post-thumbnail","hentry","category-caiac","category-aquatiques","category-general","category-portada","category-vela","category-windsurf","tag-eso1","tag-eso2","tag-eso3","tag-pri4","tag-pri5","tag-pri6","tag-activitats-aquatiques","tag-caiac-cadaques","tag-vela-cadaques","tag-windsurf-cadaques"],"post_mailing_queue_ids":[],"_links":{"self":[{"href":"https:\/\/agora.xtec.cat\/iecadaques\/wp-json\/wp\/v2\/posts\/24118","targetHints":{"allow":["GET"]}}],"collection":[{"href":"https:\/\/agora.xtec.cat\/iecadaques\/wp-json\/wp\/v2\/posts"}],"about":[{"href":"https:\/\/agora.xtec.cat\/iecadaques\/wp-json\/wp\/v2\/types\/post"}],"author":[{"embeddable":true,"href":"https:\/\/agora.xtec.cat\/iecadaques\/wp-json\/wp\/v2\/users\/48"}],"replies":[{"embeddable":true,"href":"https:\/\/agora.xtec.cat\/iecadaques\/wp-json\/wp\/v2\/comments?post=24118"}],"version-history":[{"count":1,"href":"https:\/\/agora.xtec.cat\/iecadaques\/wp-json\/wp\/v2\/posts\/24118\/revisions"}],"predecessor-version":[{"id":24125,"href":"https:\/\/agora.xtec.cat\/iecadaques\/wp-json\/wp\/v2\/posts\/24118\/revisions\/24125"}],"wp:featuredmedia":[{"embeddable":true,"href":"https:\/\/agora.xtec.cat\/iecadaques\/wp-json\/wp\/v2\/media\/24120"}],"wp:attachment":[{"href":"https:\/\/agora.xtec.cat\/iecadaques\/wp-json\/wp\/v2\/media?parent=24118"}],"wp:term":[{"taxonomy":"category","embeddable":true,"href":"https:\/\/agora.xtec.cat\/iecadaques\/wp-json\/wp\/v2\/categories?post=24118"},{"taxonomy":"post_tag","embeddable":true,"href":"https:\/\/agora.xtec.cat\/iecadaques\/wp-json\/wp\/v2\/tags?post=24118"}],"curies":[{"name":"wp","href":"https:\/\/api.w.org\/{rel}","templated":true}]}}