{"id":24078,"date":"2023-05-19T09:37:55","date_gmt":"2023-05-19T07:37:55","guid":{"rendered":"https:\/\/agora.xtec.cat\/iecadaques\/?p=24078"},"modified":"2023-05-19T09:37:55","modified_gmt":"2023-05-19T07:37:55","slug":"viatge-de-fi-detapa-a-budapest","status":"publish","type":"post","link":"https:\/\/agora.xtec.cat\/iecadaques\/general\/viatge-de-fi-detapa-a-budapest\/","title":{"rendered":"Viatge de fi d&#8217;etapa a Budapest"},"content":{"rendered":"<p style=\"text-align: justify;\">Aquest any els alumnes de 4rt d\u2019ESO han escollit una nova destinaci\u00f3 per al viatge de fi de curs:<br \/>\nBudapest! Han estat cinc dies intensos per a rec\u00f3rrer les antigues ciutats de Buda i Pest que unides,<br \/>\nconformen l\u2019actual capital d&#8217;Hongria. Han pogut descobrir el castell Vajdahunyad, la Pla\u00e7a dels Herois,<br \/>\npassejar per l\u2019avinguda Andrassy i admirar l\u2019\u00d2pera Nacional.<br \/>\nSens dubte, la visita m\u00e9s espectacular ha estat la del seu fam\u00f3s Parlament, a m\u00e9s de la Catedral de Sant<br \/>\nMaties, la Fortalesa del Castell i la Bas\u00edlica de Sant Esteve. Tamb\u00e9 han passejat pel Korzo, recorregut el<br \/>\nbarri jueu i descobert la sinagoga m\u00e9s gran d\u2019Europa. Finalment, tots han pogut gaudir d\u2019uns relaxants<br \/>\nbanys al preci\u00f3s balneari termal Szecheni, fer unes compres a l\u2019antic Mercat central i gaudir de les<br \/>\nmagn\u00edfiques vistes de la ciutat al costat del Danubi.<br \/>\nUn magn\u00edfic viatge que conclou una etapa educativa per a recordar!<\/p>\n<p><img loading=\"lazy\" decoding=\"async\" class=\"alignnone size-large wp-image-24079\" src=\"https:\/\/agora.xtec.cat\/iecadaques\/wp-content\/uploads\/usu1969\/2023\/05\/IMG_20230417_135301-1024x768.jpg\" alt=\"\" width=\"1024\" height=\"768\" srcset=\"https:\/\/agora.xtec.cat\/iecadaques\/wp-content\/uploads\/usu1969\/2023\/05\/IMG_20230417_135301-1024x768.jpg 1024w, https:\/\/agora.xtec.cat\/iecadaques\/wp-content\/uploads\/usu1969\/2023\/05\/IMG_20230417_135301-300x225.jpg 300w, https:\/\/agora.xtec.cat\/iecadaques\/wp-content\/uploads\/usu1969\/2023\/05\/IMG_20230417_135301-768x576.jpg 768w, https:\/\/agora.xtec.cat\/iecadaques\/wp-content\/uploads\/usu1969\/2023\/05\/IMG_20230417_135301-1536x1152.jpg 1536w, https:\/\/agora.xtec.cat\/iecadaques\/wp-content\/uploads\/usu1969\/2023\/05\/IMG_20230417_135301-2048x1536.jpg 2048w, https:\/\/agora.xtec.cat\/iecadaques\/wp-content\/uploads\/usu1969\/2023\/05\/IMG_20230417_135301-200x150.jpg 200w\" sizes=\"auto, (max-width: 1024px) 100vw, 1024px\" \/> <img loading=\"lazy\" decoding=\"async\" class=\"alignnone size-large wp-image-24080\" src=\"https:\/\/agora.xtec.cat\/iecadaques\/wp-content\/uploads\/usu1969\/2023\/05\/IMG_20230417_160539-1024x768.jpg\" alt=\"\" width=\"1024\" height=\"768\" srcset=\"https:\/\/agora.xtec.cat\/iecadaques\/wp-content\/uploads\/usu1969\/2023\/05\/IMG_20230417_160539-1024x768.jpg 1024w, https:\/\/agora.xtec.cat\/iecadaques\/wp-content\/uploads\/usu1969\/2023\/05\/IMG_20230417_160539-300x225.jpg 300w, https:\/\/agora.xtec.cat\/iecadaques\/wp-content\/uploads\/usu1969\/2023\/05\/IMG_20230417_160539-768x576.jpg 768w, https:\/\/agora.xtec.cat\/iecadaques\/wp-content\/uploads\/usu1969\/2023\/05\/IMG_20230417_160539-1536x1152.jpg 1536w, https:\/\/agora.xtec.cat\/iecadaques\/wp-content\/uploads\/usu1969\/2023\/05\/IMG_20230417_160539-2048x1536.jpg 2048w, https:\/\/agora.xtec.cat\/iecadaques\/wp-content\/uploads\/usu1969\/2023\/05\/IMG_20230417_160539-200x150.jpg 200w\" sizes=\"auto, (max-width: 1024px) 100vw, 1024px\" \/><\/p>\n<p>&nbsp;<\/p>\n","protected":false},"excerpt":{"rendered":"<p>Aquest any els alumnes de 4rt d\u2019ESO han escollit una nova destinaci\u00f3 per al viatge de fi de curs:<br \/>\nBudapest! Han estat cinc dies intensos per a rec\u00f3rrer les antigues ciutats de Buda i Pest que unides,<br \/>\nconformen l\u2019actual capital d&#8217;Hongria. Han pogut descobrir el castell Vajdahunyad,&hellip;  <a href=\"https:\/\/agora.xtec.cat\/iecadaques\/general\/viatge-de-fi-detapa-a-budapest\/\" title=\"Read Viatge de fi d&#8217;etapa a Budapest\">Llegeix m\u00e9s\u00bb<\/a><\/p>\n","protected":false},"author":26,"featured_media":24080,"comment_status":"closed","ping_status":"closed","sticky":false,"template":"","format":"standard","meta":{"_bbp_topic_count":0,"_bbp_reply_count":0,"_bbp_total_topic_count":0,"_bbp_total_reply_count":0,"_bbp_voice_count":0,"_bbp_anonymous_reply_count":0,"_bbp_topic_count_hidden":0,"_bbp_reply_count_hidden":0,"_bbp_forum_subforum_count":0,"footnotes":""},"categories":[167,1,29],"tags":[],"class_list":["post-24078","post","type-post","status-publish","format-standard","has-post-thumbnail","hentry","category-eso","category-general","category-portada"],"post_mailing_queue_ids":[],"_links":{"self":[{"href":"https:\/\/agora.xtec.cat\/iecadaques\/wp-json\/wp\/v2\/posts\/24078","targetHints":{"allow":["GET"]}}],"collection":[{"href":"https:\/\/agora.xtec.cat\/iecadaques\/wp-json\/wp\/v2\/posts"}],"about":[{"href":"https:\/\/agora.xtec.cat\/iecadaques\/wp-json\/wp\/v2\/types\/post"}],"author":[{"embeddable":true,"href":"https:\/\/agora.xtec.cat\/iecadaques\/wp-json\/wp\/v2\/users\/26"}],"replies":[{"embeddable":true,"href":"https:\/\/agora.xtec.cat\/iecadaques\/wp-json\/wp\/v2\/comments?post=24078"}],"version-history":[{"count":1,"href":"https:\/\/agora.xtec.cat\/iecadaques\/wp-json\/wp\/v2\/posts\/24078\/revisions"}],"predecessor-version":[{"id":24081,"href":"https:\/\/agora.xtec.cat\/iecadaques\/wp-json\/wp\/v2\/posts\/24078\/revisions\/24081"}],"wp:featuredmedia":[{"embeddable":true,"href":"https:\/\/agora.xtec.cat\/iecadaques\/wp-json\/wp\/v2\/media\/24080"}],"wp:attachment":[{"href":"https:\/\/agora.xtec.cat\/iecadaques\/wp-json\/wp\/v2\/media?parent=24078"}],"wp:term":[{"taxonomy":"category","embeddable":true,"href":"https:\/\/agora.xtec.cat\/iecadaques\/wp-json\/wp\/v2\/categories?post=24078"},{"taxonomy":"post_tag","embeddable":true,"href":"https:\/\/agora.xtec.cat\/iecadaques\/wp-json\/wp\/v2\/tags?post=24078"}],"curies":[{"name":"wp","href":"https:\/\/api.w.org\/{rel}","templated":true}]}}