{"id":24048,"date":"2023-04-25T09:23:43","date_gmt":"2023-04-25T07:23:43","guid":{"rendered":"https:\/\/agora.xtec.cat\/iecadaques\/?p=24048"},"modified":"2023-04-25T09:24:58","modified_gmt":"2023-04-25T07:24:58","slug":"cursa-escolar-solidaria-save-the-children","status":"publish","type":"post","link":"https:\/\/agora.xtec.cat\/iecadaques\/general\/cursa-escolar-solidaria-save-the-children\/","title":{"rendered":"Cursa escolar solid\u00e0ria Save the Children"},"content":{"rendered":"<p><span style=\"font-weight: 400;\">Un any m\u00e9s, el nostre institut escola ha col\u00b7laborat amb la ONG \u201cSave the children\u201d realitzant la Cursa Escolar Solid\u00e0ria. La cursa va tenir lloc el passat 13 d\u2019abril al camp de futbol municipal de Cadaqu\u00e9s i hi va participar tot l\u2019alumnat del centre.<\/span><\/p>\n<p><span style=\"font-weight: 400;\">La causa d\u2019enguany \u00e9s recollir diners per donar suport a la inf\u00e0ncia que m\u00e9s pateix, les nenes i lluitar contra el matrimoni for\u00e7\u00f3s, l\u2019abandonament escolar i la seva situaci\u00f3 de vulnerabilitat en conflictes armats, per aix\u00f2 l\u2019esl\u00f2gan de la cursa \u00e9s \u201cKil\u00f2metres de solidaritat pel dret a ser nena\u201d.<\/span><\/p>\n<p><span style=\"font-weight: 400;\">Des de P3 fins a 4t d\u2019ESO, cada curs per separat, han fet una cursa donant voltes al camp de futbol, incrementant la dist\u00e0ncia en cada curs. Aix\u00ed, els alumnes d\u2019infantil han fet una recta i mitja al camp, els alumnes de cicle inicial han fet ja una volta sencera, els de cicle mitj\u00e0 2 voltes, els de cicle superior 3, els de 1r i 2n d\u2019ESO 4 voltes i els de 3r i 4t d\u2019ESO 5 voltes.<\/span><\/p>\n<p><span style=\"font-weight: 400;\">Tot i la tramuntana que bufava, la jornada solid\u00e0ria ha transcorregut sota un bonic dia de sol i tothom ha pogut gaudir d\u2019una activitat conjunta de tot el centre. En acabar les curses s\u2019han fet jocs variats i partits de futbol.<\/span><\/p>\n<p><span style=\"font-weight: 400;\">Agra\u00efm a U.E. Cadaqu\u00e9s i a l\u2019Ajuntament la col\u00b7laboraci\u00f3 en la celebraci\u00f3 d\u2019aquesta diada solid\u00e0ria en favor de la inf\u00e0ncia. Enguany hem recaptat\u00a0 221,86\u20ac.<\/span><\/p>\n<p><img loading=\"lazy\" decoding=\"async\" class=\"alignnone size-large wp-image-24049\" src=\"https:\/\/agora.xtec.cat\/iecadaques\/wp-content\/uploads\/usu1969\/2023\/04\/FOTO4-768x1024.jpeg\" alt=\"\" width=\"768\" height=\"1024\" srcset=\"https:\/\/agora.xtec.cat\/iecadaques\/wp-content\/uploads\/usu1969\/2023\/04\/FOTO4-768x1024.jpeg 768w, https:\/\/agora.xtec.cat\/iecadaques\/wp-content\/uploads\/usu1969\/2023\/04\/FOTO4-225x300.jpeg 225w, https:\/\/agora.xtec.cat\/iecadaques\/wp-content\/uploads\/usu1969\/2023\/04\/FOTO4-1152x1536.jpeg 1152w, https:\/\/agora.xtec.cat\/iecadaques\/wp-content\/uploads\/usu1969\/2023\/04\/FOTO4.jpeg 1536w\" sizes=\"auto, (max-width: 768px) 100vw, 768px\" \/> <img loading=\"lazy\" decoding=\"async\" class=\"alignnone size-large wp-image-24050\" src=\"https:\/\/agora.xtec.cat\/iecadaques\/wp-content\/uploads\/usu1969\/2023\/04\/FOTO3-768x1024.jpeg\" alt=\"\" width=\"768\" height=\"1024\" srcset=\"https:\/\/agora.xtec.cat\/iecadaques\/wp-content\/uploads\/usu1969\/2023\/04\/FOTO3-768x1024.jpeg 768w, https:\/\/agora.xtec.cat\/iecadaques\/wp-content\/uploads\/usu1969\/2023\/04\/FOTO3-225x300.jpeg 225w, https:\/\/agora.xtec.cat\/iecadaques\/wp-content\/uploads\/usu1969\/2023\/04\/FOTO3-1152x1536.jpeg 1152w, https:\/\/agora.xtec.cat\/iecadaques\/wp-content\/uploads\/usu1969\/2023\/04\/FOTO3.jpeg 1536w\" sizes=\"auto, (max-width: 768px) 100vw, 768px\" \/> <img loading=\"lazy\" decoding=\"async\" class=\"alignnone size-large wp-image-24051\" src=\"https:\/\/agora.xtec.cat\/iecadaques\/wp-content\/uploads\/usu1969\/2023\/04\/FOTO2-768x1024.jpeg\" alt=\"\" width=\"768\" height=\"1024\" srcset=\"https:\/\/agora.xtec.cat\/iecadaques\/wp-content\/uploads\/usu1969\/2023\/04\/FOTO2-768x1024.jpeg 768w, https:\/\/agora.xtec.cat\/iecadaques\/wp-content\/uploads\/usu1969\/2023\/04\/FOTO2-225x300.jpeg 225w, https:\/\/agora.xtec.cat\/iecadaques\/wp-content\/uploads\/usu1969\/2023\/04\/FOTO2-1152x1536.jpeg 1152w, https:\/\/agora.xtec.cat\/iecadaques\/wp-content\/uploads\/usu1969\/2023\/04\/FOTO2.jpeg 1536w\" sizes=\"auto, (max-width: 768px) 100vw, 768px\" \/> <img loading=\"lazy\" decoding=\"async\" class=\"alignnone size-large wp-image-24052\" src=\"https:\/\/agora.xtec.cat\/iecadaques\/wp-content\/uploads\/usu1969\/2023\/04\/FOTO1-768x1024.jpeg\" alt=\"\" width=\"768\" height=\"1024\" srcset=\"https:\/\/agora.xtec.cat\/iecadaques\/wp-content\/uploads\/usu1969\/2023\/04\/FOTO1-768x1024.jpeg 768w, https:\/\/agora.xtec.cat\/iecadaques\/wp-content\/uploads\/usu1969\/2023\/04\/FOTO1-225x300.jpeg 225w, https:\/\/agora.xtec.cat\/iecadaques\/wp-content\/uploads\/usu1969\/2023\/04\/FOTO1-1152x1536.jpeg 1152w, https:\/\/agora.xtec.cat\/iecadaques\/wp-content\/uploads\/usu1969\/2023\/04\/FOTO1.jpeg 1536w\" sizes=\"auto, (max-width: 768px) 100vw, 768px\" \/><\/p>\n","protected":false},"excerpt":{"rendered":"<p>Un any m\u00e9s, el nostre institut escola ha col\u00b7laborat amb la ONG \u201cSave the children\u201d realitzant la Cursa Escolar Solid\u00e0ria. La cursa va tenir lloc el passat 13 d\u2019abril al camp de futbol municipal de Cadaqu\u00e9s i hi va participar tot l\u2019alumnat del centre.<br \/>\nLa causa&hellip;  <a href=\"https:\/\/agora.xtec.cat\/iecadaques\/general\/cursa-escolar-solidaria-save-the-children\/\" title=\"Read Cursa escolar solid\u00e0ria Save the Children\">Llegeix m\u00e9s\u00bb<\/a><\/p>\n","protected":false},"author":26,"featured_media":24052,"comment_status":"closed","ping_status":"closed","sticky":false,"template":"","format":"standard","meta":{"_bbp_topic_count":0,"_bbp_reply_count":0,"_bbp_total_topic_count":0,"_bbp_total_reply_count":0,"_bbp_voice_count":0,"_bbp_anonymous_reply_count":0,"_bbp_topic_count_hidden":0,"_bbp_reply_count_hidden":0,"_bbp_forum_subforum_count":0,"footnotes":""},"categories":[1,29],"tags":[],"class_list":["post-24048","post","type-post","status-publish","format-standard","has-post-thumbnail","hentry","category-general","category-portada"],"post_mailing_queue_ids":[],"_links":{"self":[{"href":"https:\/\/agora.xtec.cat\/iecadaques\/wp-json\/wp\/v2\/posts\/24048","targetHints":{"allow":["GET"]}}],"collection":[{"href":"https:\/\/agora.xtec.cat\/iecadaques\/wp-json\/wp\/v2\/posts"}],"about":[{"href":"https:\/\/agora.xtec.cat\/iecadaques\/wp-json\/wp\/v2\/types\/post"}],"author":[{"embeddable":true,"href":"https:\/\/agora.xtec.cat\/iecadaques\/wp-json\/wp\/v2\/users\/26"}],"replies":[{"embeddable":true,"href":"https:\/\/agora.xtec.cat\/iecadaques\/wp-json\/wp\/v2\/comments?post=24048"}],"version-history":[{"count":1,"href":"https:\/\/agora.xtec.cat\/iecadaques\/wp-json\/wp\/v2\/posts\/24048\/revisions"}],"predecessor-version":[{"id":24053,"href":"https:\/\/agora.xtec.cat\/iecadaques\/wp-json\/wp\/v2\/posts\/24048\/revisions\/24053"}],"wp:featuredmedia":[{"embeddable":true,"href":"https:\/\/agora.xtec.cat\/iecadaques\/wp-json\/wp\/v2\/media\/24052"}],"wp:attachment":[{"href":"https:\/\/agora.xtec.cat\/iecadaques\/wp-json\/wp\/v2\/media?parent=24048"}],"wp:term":[{"taxonomy":"category","embeddable":true,"href":"https:\/\/agora.xtec.cat\/iecadaques\/wp-json\/wp\/v2\/categories?post=24048"},{"taxonomy":"post_tag","embeddable":true,"href":"https:\/\/agora.xtec.cat\/iecadaques\/wp-json\/wp\/v2\/tags?post=24048"}],"curies":[{"name":"wp","href":"https:\/\/api.w.org\/{rel}","templated":true}]}}