{"id":24027,"date":"2023-04-19T13:01:18","date_gmt":"2023-04-19T11:01:18","guid":{"rendered":"https:\/\/agora.xtec.cat\/iecadaques\/?p=24027"},"modified":"2023-04-19T13:22:56","modified_gmt":"2023-04-19T11:22:56","slug":"expo-jove","status":"publish","type":"post","link":"https:\/\/agora.xtec.cat\/iecadaques\/general\/expo-jove\/","title":{"rendered":"EXPO JOVE"},"content":{"rendered":"<p><span style=\"font-weight: 400;\">El passat 29 de mar\u00e7, l&#8217;alumnat de 4t d&#8217;ESO va visitar la Fira Expojove a Girona. Un punt de trobada amb m\u00e9s de 70 expositors que oferien propostes d\u2019estudi i formaci\u00f3 per a encarar l&#8217;etapa posterior a l&#8217;educaci\u00f3 obligat\u00f2ria. Molt interessant!<\/span><\/p>\n<p><a href=\"https:\/\/agora.xtec.cat\/iecadaques\/wp-content\/uploads\/usu1969\/2023\/04\/foto1.jpg\"><img loading=\"lazy\" decoding=\"async\" class=\"alignnone size-large wp-image-24028\" src=\"https:\/\/agora.xtec.cat\/iecadaques\/wp-content\/uploads\/usu1969\/2023\/04\/foto1-1024x768.jpg\" alt=\"\" width=\"1024\" height=\"768\" srcset=\"https:\/\/agora.xtec.cat\/iecadaques\/wp-content\/uploads\/usu1969\/2023\/04\/foto1-1024x768.jpg 1024w, https:\/\/agora.xtec.cat\/iecadaques\/wp-content\/uploads\/usu1969\/2023\/04\/foto1-300x225.jpg 300w, https:\/\/agora.xtec.cat\/iecadaques\/wp-content\/uploads\/usu1969\/2023\/04\/foto1-768x576.jpg 768w, https:\/\/agora.xtec.cat\/iecadaques\/wp-content\/uploads\/usu1969\/2023\/04\/foto1-200x150.jpg 200w, https:\/\/agora.xtec.cat\/iecadaques\/wp-content\/uploads\/usu1969\/2023\/04\/foto1.jpg 1299w\" sizes=\"auto, (max-width: 1024px) 100vw, 1024px\" \/><\/a> <a href=\"https:\/\/agora.xtec.cat\/iecadaques\/wp-content\/uploads\/usu1969\/2023\/04\/foto2.jpg\"><img loading=\"lazy\" decoding=\"async\" class=\"alignnone size-large wp-image-24029\" src=\"https:\/\/agora.xtec.cat\/iecadaques\/wp-content\/uploads\/usu1969\/2023\/04\/foto2-1024x771.jpg\" alt=\"\" width=\"1024\" height=\"771\" srcset=\"https:\/\/agora.xtec.cat\/iecadaques\/wp-content\/uploads\/usu1969\/2023\/04\/foto2-1024x771.jpg 1024w, https:\/\/agora.xtec.cat\/iecadaques\/wp-content\/uploads\/usu1969\/2023\/04\/foto2-300x226.jpg 300w, https:\/\/agora.xtec.cat\/iecadaques\/wp-content\/uploads\/usu1969\/2023\/04\/foto2-768x578.jpg 768w, https:\/\/agora.xtec.cat\/iecadaques\/wp-content\/uploads\/usu1969\/2023\/04\/foto2-200x150.jpg 200w, https:\/\/agora.xtec.cat\/iecadaques\/wp-content\/uploads\/usu1969\/2023\/04\/foto2.jpg 1299w\" sizes=\"auto, (max-width: 1024px) 100vw, 1024px\" \/><\/a> <a href=\"https:\/\/agora.xtec.cat\/iecadaques\/wp-content\/uploads\/usu1969\/2023\/04\/foto3.jpg\"><img loading=\"lazy\" decoding=\"async\" class=\"alignnone size-large wp-image-24030\" src=\"https:\/\/agora.xtec.cat\/iecadaques\/wp-content\/uploads\/usu1969\/2023\/04\/foto3-1024x771.jpg\" alt=\"\" width=\"1024\" height=\"771\" srcset=\"https:\/\/agora.xtec.cat\/iecadaques\/wp-content\/uploads\/usu1969\/2023\/04\/foto3-1024x771.jpg 1024w, https:\/\/agora.xtec.cat\/iecadaques\/wp-content\/uploads\/usu1969\/2023\/04\/foto3-300x226.jpg 300w, https:\/\/agora.xtec.cat\/iecadaques\/wp-content\/uploads\/usu1969\/2023\/04\/foto3-768x578.jpg 768w, https:\/\/agora.xtec.cat\/iecadaques\/wp-content\/uploads\/usu1969\/2023\/04\/foto3-200x150.jpg 200w, https:\/\/agora.xtec.cat\/iecadaques\/wp-content\/uploads\/usu1969\/2023\/04\/foto3.jpg 1299w\" sizes=\"auto, (max-width: 1024px) 100vw, 1024px\" \/><\/a> <a href=\"https:\/\/agora.xtec.cat\/iecadaques\/wp-content\/uploads\/usu1969\/2023\/04\/GL72AmoDab89341SfWaNMMv9rI8C2kwLUDkiIrvI-8yHg8oHN84hawTuntp6FgK3uX5h87jCarh2aUKwCg2MFHNwt571BDq7i3UlQZZxLwAx8qofFd8SBFngLvbu_URe9lZWgJsMtpJ3_PG-UjNIBQ.jpg\"><img loading=\"lazy\" decoding=\"async\" class=\"alignnone size-large wp-image-24031\" src=\"https:\/\/agora.xtec.cat\/iecadaques\/wp-content\/uploads\/usu1969\/2023\/04\/GL72AmoDab89341SfWaNMMv9rI8C2kwLUDkiIrvI-8yHg8oHN84hawTuntp6FgK3uX5h87jCarh2aUKwCg2MFHNwt571BDq7i3UlQZZxLwAx8qofFd8SBFngLvbu_URe9lZWgJsMtpJ3_PG-UjNIBQ-1024x499.jpg\" alt=\"\" width=\"1024\" height=\"499\" srcset=\"https:\/\/agora.xtec.cat\/iecadaques\/wp-content\/uploads\/usu1969\/2023\/04\/GL72AmoDab89341SfWaNMMv9rI8C2kwLUDkiIrvI-8yHg8oHN84hawTuntp6FgK3uX5h87jCarh2aUKwCg2MFHNwt571BDq7i3UlQZZxLwAx8qofFd8SBFngLvbu_URe9lZWgJsMtpJ3_PG-UjNIBQ-1024x499.jpg 1024w, https:\/\/agora.xtec.cat\/iecadaques\/wp-content\/uploads\/usu1969\/2023\/04\/GL72AmoDab89341SfWaNMMv9rI8C2kwLUDkiIrvI-8yHg8oHN84hawTuntp6FgK3uX5h87jCarh2aUKwCg2MFHNwt571BDq7i3UlQZZxLwAx8qofFd8SBFngLvbu_URe9lZWgJsMtpJ3_PG-UjNIBQ-300x146.jpg 300w, https:\/\/agora.xtec.cat\/iecadaques\/wp-content\/uploads\/usu1969\/2023\/04\/GL72AmoDab89341SfWaNMMv9rI8C2kwLUDkiIrvI-8yHg8oHN84hawTuntp6FgK3uX5h87jCarh2aUKwCg2MFHNwt571BDq7i3UlQZZxLwAx8qofFd8SBFngLvbu_URe9lZWgJsMtpJ3_PG-UjNIBQ-768x374.jpg 768w, https:\/\/agora.xtec.cat\/iecadaques\/wp-content\/uploads\/usu1969\/2023\/04\/GL72AmoDab89341SfWaNMMv9rI8C2kwLUDkiIrvI-8yHg8oHN84hawTuntp6FgK3uX5h87jCarh2aUKwCg2MFHNwt571BDq7i3UlQZZxLwAx8qofFd8SBFngLvbu_URe9lZWgJsMtpJ3_PG-UjNIBQ.jpg 1299w\" sizes=\"auto, (max-width: 1024px) 100vw, 1024px\" \/><\/a><\/p>\n","protected":false},"excerpt":{"rendered":"<p>Els alumnes de 4t d&#8217;ESO van visitar la fira Expojove.&hellip;  <a href=\"https:\/\/agora.xtec.cat\/iecadaques\/general\/expo-jove\/\" title=\"Read EXPO JOVE\">Llegeix m\u00e9s\u00bb<\/a><\/p>\n","protected":false},"author":48,"featured_media":24028,"comment_status":"closed","ping_status":"closed","sticky":false,"template":"","format":"standard","meta":{"_bbp_topic_count":0,"_bbp_reply_count":0,"_bbp_total_topic_count":0,"_bbp_total_reply_count":0,"_bbp_voice_count":0,"_bbp_anonymous_reply_count":0,"_bbp_topic_count_hidden":0,"_bbp_reply_count_hidden":0,"_bbp_forum_subforum_count":0,"footnotes":""},"categories":[1,29],"tags":[129],"class_list":["post-24027","post","type-post","status-publish","format-standard","has-post-thumbnail","hentry","category-general","category-portada","tag-eso4"],"post_mailing_queue_ids":[],"_links":{"self":[{"href":"https:\/\/agora.xtec.cat\/iecadaques\/wp-json\/wp\/v2\/posts\/24027","targetHints":{"allow":["GET"]}}],"collection":[{"href":"https:\/\/agora.xtec.cat\/iecadaques\/wp-json\/wp\/v2\/posts"}],"about":[{"href":"https:\/\/agora.xtec.cat\/iecadaques\/wp-json\/wp\/v2\/types\/post"}],"author":[{"embeddable":true,"href":"https:\/\/agora.xtec.cat\/iecadaques\/wp-json\/wp\/v2\/users\/48"}],"replies":[{"embeddable":true,"href":"https:\/\/agora.xtec.cat\/iecadaques\/wp-json\/wp\/v2\/comments?post=24027"}],"version-history":[{"count":3,"href":"https:\/\/agora.xtec.cat\/iecadaques\/wp-json\/wp\/v2\/posts\/24027\/revisions"}],"predecessor-version":[{"id":24046,"href":"https:\/\/agora.xtec.cat\/iecadaques\/wp-json\/wp\/v2\/posts\/24027\/revisions\/24046"}],"wp:featuredmedia":[{"embeddable":true,"href":"https:\/\/agora.xtec.cat\/iecadaques\/wp-json\/wp\/v2\/media\/24028"}],"wp:attachment":[{"href":"https:\/\/agora.xtec.cat\/iecadaques\/wp-json\/wp\/v2\/media?parent=24027"}],"wp:term":[{"taxonomy":"category","embeddable":true,"href":"https:\/\/agora.xtec.cat\/iecadaques\/wp-json\/wp\/v2\/categories?post=24027"},{"taxonomy":"post_tag","embeddable":true,"href":"https:\/\/agora.xtec.cat\/iecadaques\/wp-json\/wp\/v2\/tags?post=24027"}],"curies":[{"name":"wp","href":"https:\/\/api.w.org\/{rel}","templated":true}]}}