{"id":23973,"date":"2023-03-28T09:27:27","date_gmt":"2023-03-28T07:27:27","guid":{"rendered":"https:\/\/agora.xtec.cat\/iecadaques\/?p=23973"},"modified":"2023-03-28T09:40:25","modified_gmt":"2023-03-28T07:40:25","slug":"servei-comunitari-a-la-radio","status":"publish","type":"post","link":"https:\/\/agora.xtec.cat\/iecadaques\/general\/servei-comunitari-a-la-radio\/","title":{"rendered":"SERVEI COMUNIT\u00c0RI A LA RADIO"},"content":{"rendered":"<h1 class=\"moz-quote-pre\" style=\"text-align: center;\">SERVEI COMUNITARI A LA R\u00c0DIO<\/h1>\n<p>&nbsp;<\/p>\n<p class=\"moz-quote-pre\">El dilluns 20 de mar\u00e7 una representaci\u00f3 dels alumnes de <strong>tercer d&#8217;ESO<\/strong> va anar a R\u00e0dio Cap de Creus per fer difusi\u00f3 dels tres projectes que es treballen des del Servei Comunitari.<\/p>\n<p class=\"moz-quote-pre\">En primer lloc, van explicar la <strong>Marxa Eli Esteve<\/strong> que es dur\u00e0 a terme el 23 de mar\u00e7 i que, com a novetat d&#8217;aquest any, es far\u00e0 entre setmana i amb la participaci\u00f3 de l&#8217;alumnat del cicle superior de prim\u00e0ria i tot l&#8217;alumnat de secund\u00e0ria. Aquesta activitat est\u00e0 organitzada per l&#8217;Ajuntament de Cadaqu\u00e9s i els alumnes del centre col\u00b7laboren amb la preparaci\u00f3 i la difusi\u00f3 de la mateixa, fent tasques com el disseny i distribuci\u00f3 del cartell o la redacci\u00f3 dels continguts per les xarxes socials. Es va aprofitar l&#8217;entrevista per convidar a tothom qui ho desitgi a apuntar-se a la marxa.<\/p>\n<p class=\"moz-quote-pre\">Seguidament, l&#8217;alumnat va parlar de la col\u00b7laboraci\u00f3 amb el <strong>Banc de Sang<\/strong> per l&#8217;acte de donaci\u00f3 de sang que tindr\u00e0 lloc el 25 de maig al Casal d&#8217;avis de sobre l&#8217;Art i Joia. A m\u00e9s de participar en la difusi\u00f3 de la campanya, creant el disseny i l&#8217;esl\u00f2gan del cartell, els estudiants tamb\u00e9 prestaran un servei el mateix dia de la donaci\u00f3 rebent els donants i facilitant-los el refrigeri per recuperar forces. El mateix dia de l&#8217;entrevista, els alumnes van enregistrar una falca que s&#8217;emetr\u00e0 per R\u00e0dio Cap de Creus dies abans de la donaci\u00f3.<\/p>\n<p class=\"moz-quote-pre\">Finalment, en l&#8217;entrevista es va explicar tamb\u00e9 el projecte de <strong>Grans Moments,<\/strong> realitzat en col\u00b7laboraci\u00f3 amb C\u00e0ritas Diocesana i la Resid\u00e8ncia Geri\u00e0trica de Cadaqu\u00e9s, que consisteix en que cada dijous a la tarda un grups d&#8217;alumnes van a la resid\u00e8ncia per passar una estona amb els avis, xerrant o fent activitats com jugar a jocs de taula.<\/p>\n<p class=\"moz-quote-pre\">Aquests projectes s\u00f3n una oportunitat per tal que l&#8217;alumnat desenvolupi la seva compet\u00e8ncia social i ciutadana, tot contribuint a millorar la comunitat en la que viuen.<\/p>\n<p class=\"moz-quote-pre\"><strong>L&#8217;entrevista es pot escoltar<\/strong> en aquest enlla\u00e7 <a class=\"moz-txt-link-rfc2396E\" href=\"https:\/\/www.ivoox.com\/entrevista-a-l-alumnat-3r-d-eso-l-institut-audios-mp3_rf_104960875_1.html\">&lt;https:\/\/www.ivoox.com\/entrevista-a-l-alumnat-3r-d-eso-l-institut-audios-mp3_rf_104960875_1.html&gt;<\/a>.<\/p>\n","protected":false},"excerpt":{"rendered":"<p>SERVEI COMUNITARI A LA R\u00c0DIO<br \/>\n&nbsp;<br \/>\nEl dilluns 20 de mar\u00e7 una representaci\u00f3 dels alumnes de tercer d&#8217;ESO va anar a R\u00e0dio Cap de Creus per fer difusi\u00f3 dels tres projectes que es treballen des del Servei Comunitari.<br \/>\nEn primer lloc, van explicar la Marxa Eli Esteve que&hellip;  <a href=\"https:\/\/agora.xtec.cat\/iecadaques\/general\/servei-comunitari-a-la-radio\/\" title=\"Read SERVEI COMUNIT\u00c0RI A LA RADIO\">Llegeix m\u00e9s\u00bb<\/a><\/p>\n","protected":false},"author":71,"featured_media":23974,"comment_status":"closed","ping_status":"closed","sticky":false,"template":"","format":"standard","meta":{"_bbp_topic_count":0,"_bbp_reply_count":0,"_bbp_total_topic_count":0,"_bbp_total_reply_count":0,"_bbp_voice_count":0,"_bbp_anonymous_reply_count":0,"_bbp_topic_count_hidden":0,"_bbp_reply_count_hidden":0,"_bbp_forum_subforum_count":0,"footnotes":""},"categories":[218,167,1,210,29,209],"tags":[131,282,277,281,283,268],"class_list":["post-23973","post","type-post","status-publish","format-standard","has-post-thumbnail","hentry","category-apadrina","category-eso","category-general","category-gentgran","category-portada","category-radio","tag-eso3","tag-donacio-de-sang","tag-eso","tag-radio-i-comunicacio","tag-residencia-geriatrica-de-cadaques","tag-servei-comunitari"],"post_mailing_queue_ids":[],"_links":{"self":[{"href":"https:\/\/agora.xtec.cat\/iecadaques\/wp-json\/wp\/v2\/posts\/23973","targetHints":{"allow":["GET"]}}],"collection":[{"href":"https:\/\/agora.xtec.cat\/iecadaques\/wp-json\/wp\/v2\/posts"}],"about":[{"href":"https:\/\/agora.xtec.cat\/iecadaques\/wp-json\/wp\/v2\/types\/post"}],"author":[{"embeddable":true,"href":"https:\/\/agora.xtec.cat\/iecadaques\/wp-json\/wp\/v2\/users\/71"}],"replies":[{"embeddable":true,"href":"https:\/\/agora.xtec.cat\/iecadaques\/wp-json\/wp\/v2\/comments?post=23973"}],"version-history":[{"count":4,"href":"https:\/\/agora.xtec.cat\/iecadaques\/wp-json\/wp\/v2\/posts\/23973\/revisions"}],"predecessor-version":[{"id":23982,"href":"https:\/\/agora.xtec.cat\/iecadaques\/wp-json\/wp\/v2\/posts\/23973\/revisions\/23982"}],"wp:featuredmedia":[{"embeddable":true,"href":"https:\/\/agora.xtec.cat\/iecadaques\/wp-json\/wp\/v2\/media\/23974"}],"wp:attachment":[{"href":"https:\/\/agora.xtec.cat\/iecadaques\/wp-json\/wp\/v2\/media?parent=23973"}],"wp:term":[{"taxonomy":"category","embeddable":true,"href":"https:\/\/agora.xtec.cat\/iecadaques\/wp-json\/wp\/v2\/categories?post=23973"},{"taxonomy":"post_tag","embeddable":true,"href":"https:\/\/agora.xtec.cat\/iecadaques\/wp-json\/wp\/v2\/tags?post=23973"}],"curies":[{"name":"wp","href":"https:\/\/api.w.org\/{rel}","templated":true}]}}