{"id":23956,"date":"2023-03-22T10:57:24","date_gmt":"2023-03-22T09:57:24","guid":{"rendered":"https:\/\/agora.xtec.cat\/iecadaques\/?p=23956"},"modified":"2023-03-22T11:23:34","modified_gmt":"2023-03-22T10:23:34","slug":"marxa-eli-esteve-2023","status":"publish","type":"post","link":"https:\/\/agora.xtec.cat\/iecadaques\/general\/marxa-eli-esteve-2023\/","title":{"rendered":"MARXA ELI ESTEVE 2023"},"content":{"rendered":"<h2 style=\"text-align: center;\">SERVEI COMUNTARI<\/h2>\n<h6 style=\"text-align: center;\">MARXA ELI ESTEVE 2023<\/h6>\n<p>&nbsp;<\/p>\n<p>Un any m\u00e9s, a trav\u00e9s del Servei Comunitari, l\u2019alumnat de 3r d\u2019ESO de l&#8217;Institut Escola Caritat Serinyana Cap de Creus, torna a col\u00b7laborar amb l&#8217;Ajuntament de Cadaqu\u00e9s en l\u2019organitzaci\u00f3 de la <strong>Marxa Eli Esteve<\/strong>, una marxa\/caminada per l\u2019entorn del municipi de Cadaqu\u00e9s.<\/p>\n<p>Els participants a la caminada seran tots els alumnes de Cicle Superior i d&#8217;ESO de l&#8217;IE Cadaqu\u00e9s, acompanyats dels docents. Tot hi aix\u00ed, la Marxa, est\u00e0 <strong>oberta a tothom<\/strong> que hi vulgui participar.<\/p>\n<p><strong>Dia<\/strong>: 23\/03\/2023<\/p>\n<p><strong>Ruta<\/strong>: 14 kil\u00f2metres de dist\u00e0ncia<br \/>\nInstitut Escola Caritat Serinyana Cap de Creus &#8211; Pont des Barral &#8211; Mas d&#8217;en Duran &#8211; Mas de Gumeia &#8211; Cam\u00ed de sa Birba &#8211; Crani de cabra &#8211; Cam\u00ed Cap de Creus &#8211; Port de la Selva, direcci\u00f3 Port de la Selva &#8211; Rec del Fit\u00f3 &#8211; Mas Vell &#8211; Rengle des Pins de Mas Vell &#8211; Cam\u00ed Port de la Selva &#8211; Cadaqu\u00e9s, direcci\u00f3 Cadaqu\u00e9s (Mina de Ferro) &#8211; Mas de sa Senyora &#8211; Es Volc\u00e0 &#8211; Institut Escola Caritat Serinyana Cap de Creus<\/p>\n<p><strong>L&#8217;hora sortida aproximada ser\u00e0 les 9 del mat\u00ed i es calcula tornar entre les 12 i 2\/4 d&#8217;1 del migdia.<\/strong><\/p>\n<p>Animeu-vos a participar!<\/p>\n<p><a href=\"https:\/\/agora.xtec.cat\/iecadaques\/wp-content\/uploads\/usu1969\/2023\/03\/INSCRIPCIO-INFO-marxa-elli-esteve-2022-23.pdf\"><img loading=\"lazy\" decoding=\"async\" class=\"aligncenter\" src=\"https:\/\/agora.xtec.cat\/iecadaques\/wp-content\/uploads\/usu1969\/2023\/03\/marxa-eli-esteve-23.jpg\" alt=\"\" width=\"419\" height=\"591\" \/><\/a><\/p>\n<ul>\n<li><a href=\"https:\/\/agora.xtec.cat\/iecadaques\/wp-content\/uploads\/usu1969\/2023\/03\/INSCRIPCIO-INFO-marxa-elli-esteve-2022-23.pdf\"><strong>Full Inscripci\u00f3 Gratuita <\/strong><\/a>(S&#8217;ha d&#8217;indicar dades del\u00a0Participant i \u00a0un contacte en cas d&#8217;emerg\u00e8ncia. Els menors no acompanyats, <span style=\"font-family: inherit; font-size: 1em;\">entre 12 i 18 anys, hauran de portar autoritzaci\u00f3 firmada<\/span>).<\/li>\n<li><strong>Lloc d&#8217;inscripci\u00f3<\/strong>: Oficina de Turisme de Cadaqu\u00e9s o L&#8217;Institut-Escola Caritat Serinyana<\/li>\n<\/ul>\n<p style=\"text-align: left;\"><strong>Autoritzaci\u00f3: <a href=\"https:\/\/agora.xtec.cat\/iecadaques\/wp-content\/uploads\/usu1969\/2023\/03\/AUTORITZACIO-menors-de-12-a-18-anys-no-acompanyats.pdf\">Menors de 12 a 18 anys no acompanyats<\/a><\/strong><\/p>\n","protected":false},"excerpt":{"rendered":"<p>SERVEI COMUNTARI<br \/>\nMARXA ELI ESTEVE 2023<br \/>\n&nbsp;<br \/>\nUn any m\u00e9s, a trav\u00e9s del Servei Comunitari, l\u2019alumnat de 3r d\u2019ESO de l&#8217;Institut Escola Caritat Serinyana Cap de Creus, torna a col\u00b7laborar amb l&#8217;Ajuntament de Cadaqu\u00e9s en l\u2019organitzaci\u00f3 de la Marxa Eli Esteve, una marxa\/caminada per l\u2019entorn del municipi de&hellip;  <a href=\"https:\/\/agora.xtec.cat\/iecadaques\/general\/marxa-eli-esteve-2023\/\" title=\"Read MARXA ELI ESTEVE 2023\">Llegeix m\u00e9s\u00bb<\/a><\/p>\n","protected":false},"author":71,"featured_media":23965,"comment_status":"closed","ping_status":"closed","sticky":false,"template":"","format":"standard","meta":{"_bbp_topic_count":0,"_bbp_reply_count":0,"_bbp_total_topic_count":0,"_bbp_total_reply_count":0,"_bbp_voice_count":0,"_bbp_anonymous_reply_count":0,"_bbp_topic_count_hidden":0,"_bbp_reply_count_hidden":0,"_bbp_forum_subforum_count":0,"footnotes":""},"categories":[159,167,1,29,209],"tags":[121,120,131,129,184,185,119],"class_list":["post-23956","post","type-post","status-publish","format-standard","has-post-thumbnail","hentry","category-cs","category-eso","category-general","category-portada","category-radio","tag-eso1","tag-eso2","tag-eso3","tag-eso4","tag-pri5","tag-pri6","tag-ef"],"post_mailing_queue_ids":[],"_links":{"self":[{"href":"https:\/\/agora.xtec.cat\/iecadaques\/wp-json\/wp\/v2\/posts\/23956","targetHints":{"allow":["GET"]}}],"collection":[{"href":"https:\/\/agora.xtec.cat\/iecadaques\/wp-json\/wp\/v2\/posts"}],"about":[{"href":"https:\/\/agora.xtec.cat\/iecadaques\/wp-json\/wp\/v2\/types\/post"}],"author":[{"embeddable":true,"href":"https:\/\/agora.xtec.cat\/iecadaques\/wp-json\/wp\/v2\/users\/71"}],"replies":[{"embeddable":true,"href":"https:\/\/agora.xtec.cat\/iecadaques\/wp-json\/wp\/v2\/comments?post=23956"}],"version-history":[{"count":3,"href":"https:\/\/agora.xtec.cat\/iecadaques\/wp-json\/wp\/v2\/posts\/23956\/revisions"}],"predecessor-version":[{"id":23967,"href":"https:\/\/agora.xtec.cat\/iecadaques\/wp-json\/wp\/v2\/posts\/23956\/revisions\/23967"}],"wp:featuredmedia":[{"embeddable":true,"href":"https:\/\/agora.xtec.cat\/iecadaques\/wp-json\/wp\/v2\/media\/23965"}],"wp:attachment":[{"href":"https:\/\/agora.xtec.cat\/iecadaques\/wp-json\/wp\/v2\/media?parent=23956"}],"wp:term":[{"taxonomy":"category","embeddable":true,"href":"https:\/\/agora.xtec.cat\/iecadaques\/wp-json\/wp\/v2\/categories?post=23956"},{"taxonomy":"post_tag","embeddable":true,"href":"https:\/\/agora.xtec.cat\/iecadaques\/wp-json\/wp\/v2\/tags?post=23956"}],"curies":[{"name":"wp","href":"https:\/\/api.w.org\/{rel}","templated":true}]}}