{"id":23945,"date":"2023-03-21T10:40:46","date_gmt":"2023-03-21T09:40:46","guid":{"rendered":"https:\/\/agora.xtec.cat\/iecadaques\/?p=23945"},"modified":"2023-03-22T10:59:49","modified_gmt":"2023-03-22T09:59:49","slug":"visita-al-mume","status":"publish","type":"post","link":"https:\/\/agora.xtec.cat\/iecadaques\/general\/visita-al-mume\/","title":{"rendered":"Visita al MUME"},"content":{"rendered":"<p><span style=\"font-weight: 400;\">El 16 de mar\u00e7 els alumnes de quart d\u2019ESO van visitar el Museu Memorial de l\u2019Exili a la Jonquera. Es va fer una visita guiada per l\u2019exposici\u00f3 permanent que s\u2019inicia amb una refer\u00e8ncia a la dimensi\u00f3 universal del fenomen de l\u2019exili, seguidament, explica l\u2019exili posterior a la Guerra Civil (1936-39) i, finalment, mostra la veu de diversos testimonis a trav\u00e9s de v\u00eddeos i objectes personals.<\/span><\/p>\n<p><span style=\"font-weight: 400;\">L\u2019activitat tamb\u00e9 va incloure una visita a la Mina Canta de la Vajol, coneguda com la Mina d\u2019en Negr\u00edn, ja que el president de la Rep\u00fablica Juan Negr\u00edn va escollir aquest indret per dipositar-hi fons del Banc d\u2019Espanya i obres d\u2019art durant la Guerra Civil.\u00a0<\/span><\/p>\n<p><span style=\"font-weight: 400;\">L\u2019alumnat no nom\u00e9s ha gaudit dels continguts pedag\u00f2gics de la visita sin\u00f3 que tamb\u00e9 ha pres consci\u00e8ncia de la necessitat de preservar la mem\u00f2ria hist\u00f2rica i reflexionar cr\u00edticament sobre el passat. <\/span><img loading=\"lazy\" decoding=\"async\" class=\"alignnone size-large wp-image-23946\" src=\"https:\/\/agora.xtec.cat\/iecadaques\/wp-content\/uploads\/usu1969\/2023\/03\/IMG20230316104813_BURST000_COVER-1024x768.jpg\" alt=\"\" width=\"1024\" height=\"768\" srcset=\"https:\/\/agora.xtec.cat\/iecadaques\/wp-content\/uploads\/usu1969\/2023\/03\/IMG20230316104813_BURST000_COVER-1024x768.jpg 1024w, https:\/\/agora.xtec.cat\/iecadaques\/wp-content\/uploads\/usu1969\/2023\/03\/IMG20230316104813_BURST000_COVER-300x225.jpg 300w, https:\/\/agora.xtec.cat\/iecadaques\/wp-content\/uploads\/usu1969\/2023\/03\/IMG20230316104813_BURST000_COVER-768x576.jpg 768w, https:\/\/agora.xtec.cat\/iecadaques\/wp-content\/uploads\/usu1969\/2023\/03\/IMG20230316104813_BURST000_COVER-1536x1152.jpg 1536w, https:\/\/agora.xtec.cat\/iecadaques\/wp-content\/uploads\/usu1969\/2023\/03\/IMG20230316104813_BURST000_COVER-2048x1536.jpg 2048w, https:\/\/agora.xtec.cat\/iecadaques\/wp-content\/uploads\/usu1969\/2023\/03\/IMG20230316104813_BURST000_COVER-200x150.jpg 200w\" sizes=\"auto, (max-width: 1024px) 100vw, 1024px\" \/><\/p>\n","protected":false},"excerpt":{"rendered":"<p>El 16 de mar\u00e7 els alumnes de quart d\u2019ESO van visitar el Museu Memorial de l\u2019Exili a la Jonquera. Es va fer una visita guiada per l\u2019exposici\u00f3 permanent que s\u2019inicia amb una refer\u00e8ncia a la dimensi\u00f3 universal del fenomen de l\u2019exili, seguidament, explica l\u2019exili posterior&hellip;  <a href=\"https:\/\/agora.xtec.cat\/iecadaques\/general\/visita-al-mume\/\" title=\"Read Visita al MUME\">Llegeix m\u00e9s\u00bb<\/a><\/p>\n","protected":false},"author":26,"featured_media":23946,"comment_status":"closed","ping_status":"closed","sticky":false,"template":"","format":"standard","meta":{"_bbp_topic_count":0,"_bbp_reply_count":0,"_bbp_total_topic_count":0,"_bbp_total_reply_count":0,"_bbp_voice_count":0,"_bbp_anonymous_reply_count":0,"_bbp_topic_count_hidden":0,"_bbp_reply_count_hidden":0,"_bbp_forum_subforum_count":0,"footnotes":""},"categories":[167,1,29],"tags":[],"class_list":["post-23945","post","type-post","status-publish","format-standard","has-post-thumbnail","hentry","category-eso","category-general","category-portada"],"post_mailing_queue_ids":[],"_links":{"self":[{"href":"https:\/\/agora.xtec.cat\/iecadaques\/wp-json\/wp\/v2\/posts\/23945","targetHints":{"allow":["GET"]}}],"collection":[{"href":"https:\/\/agora.xtec.cat\/iecadaques\/wp-json\/wp\/v2\/posts"}],"about":[{"href":"https:\/\/agora.xtec.cat\/iecadaques\/wp-json\/wp\/v2\/types\/post"}],"author":[{"embeddable":true,"href":"https:\/\/agora.xtec.cat\/iecadaques\/wp-json\/wp\/v2\/users\/26"}],"replies":[{"embeddable":true,"href":"https:\/\/agora.xtec.cat\/iecadaques\/wp-json\/wp\/v2\/comments?post=23945"}],"version-history":[{"count":2,"href":"https:\/\/agora.xtec.cat\/iecadaques\/wp-json\/wp\/v2\/posts\/23945\/revisions"}],"predecessor-version":[{"id":23948,"href":"https:\/\/agora.xtec.cat\/iecadaques\/wp-json\/wp\/v2\/posts\/23945\/revisions\/23948"}],"wp:featuredmedia":[{"embeddable":true,"href":"https:\/\/agora.xtec.cat\/iecadaques\/wp-json\/wp\/v2\/media\/23946"}],"wp:attachment":[{"href":"https:\/\/agora.xtec.cat\/iecadaques\/wp-json\/wp\/v2\/media?parent=23945"}],"wp:term":[{"taxonomy":"category","embeddable":true,"href":"https:\/\/agora.xtec.cat\/iecadaques\/wp-json\/wp\/v2\/categories?post=23945"},{"taxonomy":"post_tag","embeddable":true,"href":"https:\/\/agora.xtec.cat\/iecadaques\/wp-json\/wp\/v2\/tags?post=23945"}],"curies":[{"name":"wp","href":"https:\/\/api.w.org\/{rel}","templated":true}]}}