{"id":23930,"date":"2023-03-20T09:27:58","date_gmt":"2023-03-20T08:27:58","guid":{"rendered":"https:\/\/agora.xtec.cat\/iecadaques\/?p=23930"},"modified":"2023-03-20T09:27:58","modified_gmt":"2023-03-20T08:27:58","slug":"intercanvi-linguistic","status":"publish","type":"post","link":"https:\/\/agora.xtec.cat\/iecadaques\/general\/intercanvi-linguistic\/","title":{"rendered":"Intercanvi ling\u00fc\u00edstic"},"content":{"rendered":"<p><span style=\"font-weight: 400;\">Els alumnes de 2n d\u2019ESO han repr\u00e8s l\u2019intercanvi ling\u00fc\u00edstic catal\u00e0-franc\u00e8s amb l\u2019institut <\/span><i><span style=\"font-weight: 400;\">La Garrigole<\/span><\/i><span style=\"font-weight: 400;\"> de Perpiny\u00e0. Junts, van descobrir els principals monuments de la ciutat: el Castellet, la catedral de Sant Joan Baptista, la Llotja i fins i tot, el dedicat a Salvador Dal\u00ed. L\u2019endem\u00e0 van visitar la magn\u00edfica ciutadella medieval de Carcassona.<\/span><\/p>\n<p><span style=\"font-weight: 400;\">Ara, esperem acollir-los al mes de maig i fer-los con\u00e8ixer Cadaqu\u00e9s.<\/span><\/p>\n<p><a href=\"https:\/\/agora.xtec.cat\/iecadaques\/wp-content\/uploads\/usu1969\/2023\/03\/Foto-amb-monument-Salvador-Dali.jpg\"><img loading=\"lazy\" decoding=\"async\" class=\"wp-image-23931 aligncenter\" src=\"https:\/\/agora.xtec.cat\/iecadaques\/wp-content\/uploads\/usu1969\/2023\/03\/Foto-amb-monument-Salvador-Dali-768x1024.jpg\" alt=\"\" width=\"630\" height=\"840\" srcset=\"https:\/\/agora.xtec.cat\/iecadaques\/wp-content\/uploads\/usu1969\/2023\/03\/Foto-amb-monument-Salvador-Dali-768x1024.jpg 768w, https:\/\/agora.xtec.cat\/iecadaques\/wp-content\/uploads\/usu1969\/2023\/03\/Foto-amb-monument-Salvador-Dali-225x300.jpg 225w, https:\/\/agora.xtec.cat\/iecadaques\/wp-content\/uploads\/usu1969\/2023\/03\/Foto-amb-monument-Salvador-Dali-1152x1536.jpg 1152w, https:\/\/agora.xtec.cat\/iecadaques\/wp-content\/uploads\/usu1969\/2023\/03\/Foto-amb-monument-Salvador-Dali.jpg 1536w\" sizes=\"auto, (max-width: 630px) 100vw, 630px\" \/><\/a> <a href=\"https:\/\/agora.xtec.cat\/iecadaques\/wp-content\/uploads\/usu1969\/2023\/03\/Foto-Carcassonne.jpg\"><img loading=\"lazy\" decoding=\"async\" class=\"alignnone size-large wp-image-23932\" src=\"https:\/\/agora.xtec.cat\/iecadaques\/wp-content\/uploads\/usu1969\/2023\/03\/Foto-Carcassonne-1024x768.jpg\" alt=\"\" width=\"1024\" height=\"768\" srcset=\"https:\/\/agora.xtec.cat\/iecadaques\/wp-content\/uploads\/usu1969\/2023\/03\/Foto-Carcassonne-1024x768.jpg 1024w, https:\/\/agora.xtec.cat\/iecadaques\/wp-content\/uploads\/usu1969\/2023\/03\/Foto-Carcassonne-300x225.jpg 300w, https:\/\/agora.xtec.cat\/iecadaques\/wp-content\/uploads\/usu1969\/2023\/03\/Foto-Carcassonne-768x576.jpg 768w, https:\/\/agora.xtec.cat\/iecadaques\/wp-content\/uploads\/usu1969\/2023\/03\/Foto-Carcassonne-1536x1152.jpg 1536w, https:\/\/agora.xtec.cat\/iecadaques\/wp-content\/uploads\/usu1969\/2023\/03\/Foto-Carcassonne-200x150.jpg 200w, https:\/\/agora.xtec.cat\/iecadaques\/wp-content\/uploads\/usu1969\/2023\/03\/Foto-Carcassonne.jpg 2048w\" sizes=\"auto, (max-width: 1024px) 100vw, 1024px\" \/><\/a> <a href=\"https:\/\/agora.xtec.cat\/iecadaques\/wp-content\/uploads\/usu1969\/2023\/03\/Alumnes-Cadaques-Perpinya-scaled.jpg\"><img loading=\"lazy\" decoding=\"async\" class=\"alignnone size-large wp-image-23934\" src=\"https:\/\/agora.xtec.cat\/iecadaques\/wp-content\/uploads\/usu1969\/2023\/03\/Alumnes-Cadaques-Perpinya-1024x768.jpg\" alt=\"\" width=\"1024\" height=\"768\" srcset=\"https:\/\/agora.xtec.cat\/iecadaques\/wp-content\/uploads\/usu1969\/2023\/03\/Alumnes-Cadaques-Perpinya-1024x768.jpg 1024w, https:\/\/agora.xtec.cat\/iecadaques\/wp-content\/uploads\/usu1969\/2023\/03\/Alumnes-Cadaques-Perpinya-300x225.jpg 300w, https:\/\/agora.xtec.cat\/iecadaques\/wp-content\/uploads\/usu1969\/2023\/03\/Alumnes-Cadaques-Perpinya-768x576.jpg 768w, https:\/\/agora.xtec.cat\/iecadaques\/wp-content\/uploads\/usu1969\/2023\/03\/Alumnes-Cadaques-Perpinya-1536x1152.jpg 1536w, https:\/\/agora.xtec.cat\/iecadaques\/wp-content\/uploads\/usu1969\/2023\/03\/Alumnes-Cadaques-Perpinya-2048x1536.jpg 2048w, https:\/\/agora.xtec.cat\/iecadaques\/wp-content\/uploads\/usu1969\/2023\/03\/Alumnes-Cadaques-Perpinya-200x150.jpg 200w\" sizes=\"auto, (max-width: 1024px) 100vw, 1024px\" \/><\/a><a href=\"https:\/\/agora.xtec.cat\/iecadaques\/wp-content\/uploads\/usu1969\/2023\/03\/Foto-Castellet.jpg\"><img loading=\"lazy\" decoding=\"async\" class=\"alignnone size-large wp-image-23933\" src=\"https:\/\/agora.xtec.cat\/iecadaques\/wp-content\/uploads\/usu1969\/2023\/03\/Foto-Castellet-1024x768.jpg\" alt=\"\" width=\"1024\" height=\"768\" srcset=\"https:\/\/agora.xtec.cat\/iecadaques\/wp-content\/uploads\/usu1969\/2023\/03\/Foto-Castellet-1024x768.jpg 1024w, https:\/\/agora.xtec.cat\/iecadaques\/wp-content\/uploads\/usu1969\/2023\/03\/Foto-Castellet-300x225.jpg 300w, https:\/\/agora.xtec.cat\/iecadaques\/wp-content\/uploads\/usu1969\/2023\/03\/Foto-Castellet-768x576.jpg 768w, https:\/\/agora.xtec.cat\/iecadaques\/wp-content\/uploads\/usu1969\/2023\/03\/Foto-Castellet-1536x1152.jpg 1536w, https:\/\/agora.xtec.cat\/iecadaques\/wp-content\/uploads\/usu1969\/2023\/03\/Foto-Castellet-200x150.jpg 200w, https:\/\/agora.xtec.cat\/iecadaques\/wp-content\/uploads\/usu1969\/2023\/03\/Foto-Castellet.jpg 2048w\" sizes=\"auto, (max-width: 1024px) 100vw, 1024px\" \/><\/a><\/p>\n","protected":false},"excerpt":{"rendered":"<p>Els alumnes de 2n d\u2019ESO han repr\u00e8s l\u2019intercanvi ling\u00fc\u00edstic catal\u00e0-franc\u00e8s amb l\u2019institut La Garrigole de Perpiny\u00e0&hellip;  <a href=\"https:\/\/agora.xtec.cat\/iecadaques\/general\/intercanvi-linguistic\/\" title=\"Read Intercanvi ling\u00fc\u00edstic\">Llegeix m\u00e9s\u00bb<\/a><\/p>\n","protected":false},"author":48,"featured_media":23934,"comment_status":"closed","ping_status":"closed","sticky":false,"template":"","format":"standard","meta":{"_bbp_topic_count":0,"_bbp_reply_count":0,"_bbp_total_topic_count":0,"_bbp_total_reply_count":0,"_bbp_voice_count":0,"_bbp_anonymous_reply_count":0,"_bbp_topic_count_hidden":0,"_bbp_reply_count_hidden":0,"_bbp_forum_subforum_count":0,"footnotes":""},"categories":[167,1,29],"tags":[120,39],"class_list":["post-23930","post","type-post","status-publish","format-standard","has-post-thumbnail","hentry","category-eso","category-general","category-portada","tag-eso2","tag-sortides"],"post_mailing_queue_ids":[],"_links":{"self":[{"href":"https:\/\/agora.xtec.cat\/iecadaques\/wp-json\/wp\/v2\/posts\/23930","targetHints":{"allow":["GET"]}}],"collection":[{"href":"https:\/\/agora.xtec.cat\/iecadaques\/wp-json\/wp\/v2\/posts"}],"about":[{"href":"https:\/\/agora.xtec.cat\/iecadaques\/wp-json\/wp\/v2\/types\/post"}],"author":[{"embeddable":true,"href":"https:\/\/agora.xtec.cat\/iecadaques\/wp-json\/wp\/v2\/users\/48"}],"replies":[{"embeddable":true,"href":"https:\/\/agora.xtec.cat\/iecadaques\/wp-json\/wp\/v2\/comments?post=23930"}],"version-history":[{"count":1,"href":"https:\/\/agora.xtec.cat\/iecadaques\/wp-json\/wp\/v2\/posts\/23930\/revisions"}],"predecessor-version":[{"id":23935,"href":"https:\/\/agora.xtec.cat\/iecadaques\/wp-json\/wp\/v2\/posts\/23930\/revisions\/23935"}],"wp:featuredmedia":[{"embeddable":true,"href":"https:\/\/agora.xtec.cat\/iecadaques\/wp-json\/wp\/v2\/media\/23934"}],"wp:attachment":[{"href":"https:\/\/agora.xtec.cat\/iecadaques\/wp-json\/wp\/v2\/media?parent=23930"}],"wp:term":[{"taxonomy":"category","embeddable":true,"href":"https:\/\/agora.xtec.cat\/iecadaques\/wp-json\/wp\/v2\/categories?post=23930"},{"taxonomy":"post_tag","embeddable":true,"href":"https:\/\/agora.xtec.cat\/iecadaques\/wp-json\/wp\/v2\/tags?post=23930"}],"curies":[{"name":"wp","href":"https:\/\/api.w.org\/{rel}","templated":true}]}}