{"id":23733,"date":"2022-10-04T09:31:52","date_gmt":"2022-10-04T07:31:52","guid":{"rendered":"https:\/\/agora.xtec.cat\/iecadaques\/?p=23733"},"modified":"2022-10-04T09:31:52","modified_gmt":"2022-10-04T07:31:52","slug":"club-de-lectura","status":"publish","type":"post","link":"https:\/\/agora.xtec.cat\/iecadaques\/portada\/club-de-lectura\/","title":{"rendered":"Club de lectura"},"content":{"rendered":"<p><span style=\"font-weight: 400;\">Al club de lectura de secund\u00e0ria comencem el primer trimestre amb moltes ganes!!! La nostra primera lectura ser\u00e0 una hist\u00f2ria trepidant que ens far\u00e0 replantejar la vida que vivim actualment.<\/span><\/p>\n<p><i><span style=\"font-weight: 400;\">Nascuts per ser Breus<\/span><\/i><span style=\"font-weight: 400;\"> \u00e9s una distopia que ens situa en una societat cruel per\u00f2 reconeixible. Una hist\u00f2ria coral on els personatges s&#8217;han d&#8217;enfrontar a dilemes morals que els posaran a prova. Podran canviar el m\u00f3n o els passar\u00e0 pel damunt?<\/span><\/p>\n<p><a href=\"https:\/\/agora.xtec.cat\/iecadaques\/wp-content\/uploads\/usu1969\/2022\/10\/unnamed-scaled.jpg\"><img loading=\"lazy\" decoding=\"async\" class=\"alignnone size-large wp-image-23734\" src=\"https:\/\/agora.xtec.cat\/iecadaques\/wp-content\/uploads\/usu1969\/2022\/10\/unnamed-768x1024.jpg\" alt=\"\" width=\"768\" height=\"1024\" srcset=\"https:\/\/agora.xtec.cat\/iecadaques\/wp-content\/uploads\/usu1969\/2022\/10\/unnamed-768x1024.jpg 768w, https:\/\/agora.xtec.cat\/iecadaques\/wp-content\/uploads\/usu1969\/2022\/10\/unnamed-225x300.jpg 225w, https:\/\/agora.xtec.cat\/iecadaques\/wp-content\/uploads\/usu1969\/2022\/10\/unnamed-1152x1536.jpg 1152w, https:\/\/agora.xtec.cat\/iecadaques\/wp-content\/uploads\/usu1969\/2022\/10\/unnamed-1536x2048.jpg 1536w, https:\/\/agora.xtec.cat\/iecadaques\/wp-content\/uploads\/usu1969\/2022\/10\/unnamed-scaled.jpg 1920w\" sizes=\"auto, (max-width: 768px) 100vw, 768px\" \/><\/a><\/p>\n","protected":false},"excerpt":{"rendered":"<p>Al club de lectura de secund\u00e0ria comencem el primer trimestre amb moltes ganes!!! La nostra primera lectura ser\u00e0 una hist\u00f2ria trepidant que ens far\u00e0 replantejar la vida que vivim actualment.<br \/>\nNascuts per ser Breus \u00e9s una distopia que ens situa en una societat cruel per\u00f2 reconeixible.&hellip;  <a href=\"https:\/\/agora.xtec.cat\/iecadaques\/portada\/club-de-lectura\/\" title=\"Read Club de lectura\">Llegeix m\u00e9s\u00bb<\/a><\/p>\n","protected":false},"author":26,"featured_media":0,"comment_status":"open","ping_status":"closed","sticky":false,"template":"","format":"standard","meta":{"_bbp_topic_count":0,"_bbp_reply_count":0,"_bbp_total_topic_count":0,"_bbp_total_reply_count":0,"_bbp_voice_count":0,"_bbp_anonymous_reply_count":0,"_bbp_topic_count_hidden":0,"_bbp_reply_count_hidden":0,"_bbp_forum_subforum_count":0,"footnotes":""},"categories":[29],"tags":[],"class_list":["post-23733","post","type-post","status-publish","format-standard","hentry","category-portada"],"post_mailing_queue_ids":[],"_links":{"self":[{"href":"https:\/\/agora.xtec.cat\/iecadaques\/wp-json\/wp\/v2\/posts\/23733","targetHints":{"allow":["GET"]}}],"collection":[{"href":"https:\/\/agora.xtec.cat\/iecadaques\/wp-json\/wp\/v2\/posts"}],"about":[{"href":"https:\/\/agora.xtec.cat\/iecadaques\/wp-json\/wp\/v2\/types\/post"}],"author":[{"embeddable":true,"href":"https:\/\/agora.xtec.cat\/iecadaques\/wp-json\/wp\/v2\/users\/26"}],"replies":[{"embeddable":true,"href":"https:\/\/agora.xtec.cat\/iecadaques\/wp-json\/wp\/v2\/comments?post=23733"}],"version-history":[{"count":1,"href":"https:\/\/agora.xtec.cat\/iecadaques\/wp-json\/wp\/v2\/posts\/23733\/revisions"}],"predecessor-version":[{"id":23735,"href":"https:\/\/agora.xtec.cat\/iecadaques\/wp-json\/wp\/v2\/posts\/23733\/revisions\/23735"}],"wp:attachment":[{"href":"https:\/\/agora.xtec.cat\/iecadaques\/wp-json\/wp\/v2\/media?parent=23733"}],"wp:term":[{"taxonomy":"category","embeddable":true,"href":"https:\/\/agora.xtec.cat\/iecadaques\/wp-json\/wp\/v2\/categories?post=23733"},{"taxonomy":"post_tag","embeddable":true,"href":"https:\/\/agora.xtec.cat\/iecadaques\/wp-json\/wp\/v2\/tags?post=23733"}],"curies":[{"name":"wp","href":"https:\/\/api.w.org\/{rel}","templated":true}]}}