{"id":23335,"date":"2022-05-25T14:45:30","date_gmt":"2022-05-25T12:45:30","guid":{"rendered":"https:\/\/agora.xtec.cat\/iecadaques\/?p=23335"},"modified":"2022-05-30T12:59:44","modified_gmt":"2022-05-30T10:59:44","slug":"relacions-sexo-afectives","status":"publish","type":"post","link":"https:\/\/agora.xtec.cat\/iecadaques\/portada\/relacions-sexo-afectives\/","title":{"rendered":"RELACIONS SEXO-AFECTIVES"},"content":{"rendered":"<h2 style=\"text-align: center;\">RELACIONS SEXO-AFECTIVES<\/h2>\n<h6 style=\"text-align: center;\">L&#8217;equilibri \u00e9s cosa de dos. Programa Sigues Tu<\/h6>\n<p>&nbsp;<\/p>\n<p class=\"gmail_default\">Dins del programa Sigues Tu, <strong>l&#8217;alumnat de 3r d&#8217;ESO de l&#8217;Institut Escola Caritat Serinyana Cap de Creus<\/strong>, ha vist la representaci\u00f3 de l&#8217;obra de teatre <b>&#8220;L&#8217;equilibri \u00e9s cosa de dos&#8221;<\/b>\u00a0a c\u00e0rrec de la companyia <b>La Nave<\/b> <b>Va.<\/b><\/p>\n<p class=\"gmail_default\">L&#8217;objectiu d&#8217;aquesta obra \u00e9s fomentar la reflexi\u00f3 sobre la construcci\u00f3 social del g\u00e8nere, el rol social de les dones i els homes i els mites de l\u2019amor rom\u00e0ntic.\u00a0La valoraci\u00f3 ha estat molt positiva i la participaci\u00f3 de tots els i les alumnes tamb\u00e9.<\/p>\n<p><a href=\"https:\/\/agora.xtec.cat\/iecadaques\/wp-content\/uploads\/usu1969\/2022\/05\/FOTOS-collage-web-1.jpg\"><img loading=\"lazy\" decoding=\"async\" class=\"wp-image-23337 aligncenter\" src=\"https:\/\/agora.xtec.cat\/iecadaques\/wp-content\/uploads\/usu1969\/2022\/05\/FOTOS-collage-web-1-1024x819.jpg\" alt=\"\" width=\"392\" height=\"314\" srcset=\"https:\/\/agora.xtec.cat\/iecadaques\/wp-content\/uploads\/usu1969\/2022\/05\/FOTOS-collage-web-1-1024x819.jpg 1024w, https:\/\/agora.xtec.cat\/iecadaques\/wp-content\/uploads\/usu1969\/2022\/05\/FOTOS-collage-web-1-300x240.jpg 300w, https:\/\/agora.xtec.cat\/iecadaques\/wp-content\/uploads\/usu1969\/2022\/05\/FOTOS-collage-web-1-768x614.jpg 768w, https:\/\/agora.xtec.cat\/iecadaques\/wp-content\/uploads\/usu1969\/2022\/05\/FOTOS-collage-web-1-1536x1229.jpg 1536w, https:\/\/agora.xtec.cat\/iecadaques\/wp-content\/uploads\/usu1969\/2022\/05\/FOTOS-collage-web-1.jpg 2000w\" sizes=\"auto, (max-width: 392px) 100vw, 392px\" \/><\/a><\/p>\n<p>A trav\u00e9s de la hist\u00f2ria de l&#8217;obra s&#8217;han mostrant diferents escenes, en les quals ha sigut necess\u00e0ria la participaci\u00f3 de l\u2019alumnat per aportar idees, per interactuar amb els personatges i fer suggeriments per afrontar els diferents conflictes que es plantegen.<\/p>\n","protected":false},"excerpt":{"rendered":"<p>RELACIONS SEXO-AFECTIVES<br \/>\nL&#8217;equilibri \u00e9s cosa de dos. Programa Sigues Tu<br \/>\n&nbsp;<br \/>\nDins del programa Sigues Tu, l&#8217;alumnat de 3r d&#8217;ESO de l&#8217;Institut Escola Caritat Serinyana Cap de Creus, ha vist la representaci\u00f3 de l&#8217;obra de teatre &#8220;L&#8217;equilibri \u00e9s cosa de dos&#8221;\u00a0a c\u00e0rrec de la companyia La Nave Va.<br \/>\nL&#8217;objectiu&hellip;  <a href=\"https:\/\/agora.xtec.cat\/iecadaques\/portada\/relacions-sexo-afectives\/\" title=\"Read RELACIONS SEXO-AFECTIVES\">Llegeix m\u00e9s\u00bb<\/a><\/p>\n","protected":false},"author":71,"featured_media":23337,"comment_status":"closed","ping_status":"closed","sticky":false,"template":"","format":"standard","meta":{"_bbp_topic_count":0,"_bbp_reply_count":0,"_bbp_total_topic_count":0,"_bbp_total_reply_count":0,"_bbp_voice_count":0,"_bbp_anonymous_reply_count":0,"_bbp_topic_count_hidden":0,"_bbp_reply_count_hidden":0,"_bbp_forum_subforum_count":0,"footnotes":""},"categories":[231,167,29],"tags":[131],"class_list":["post-23335","post","type-post","status-publish","format-standard","has-post-thumbnail","hentry","category-activitats-culturals","category-eso","category-portada","tag-eso3"],"post_mailing_queue_ids":[],"_links":{"self":[{"href":"https:\/\/agora.xtec.cat\/iecadaques\/wp-json\/wp\/v2\/posts\/23335","targetHints":{"allow":["GET"]}}],"collection":[{"href":"https:\/\/agora.xtec.cat\/iecadaques\/wp-json\/wp\/v2\/posts"}],"about":[{"href":"https:\/\/agora.xtec.cat\/iecadaques\/wp-json\/wp\/v2\/types\/post"}],"author":[{"embeddable":true,"href":"https:\/\/agora.xtec.cat\/iecadaques\/wp-json\/wp\/v2\/users\/71"}],"replies":[{"embeddable":true,"href":"https:\/\/agora.xtec.cat\/iecadaques\/wp-json\/wp\/v2\/comments?post=23335"}],"version-history":[{"count":4,"href":"https:\/\/agora.xtec.cat\/iecadaques\/wp-json\/wp\/v2\/posts\/23335\/revisions"}],"predecessor-version":[{"id":23390,"href":"https:\/\/agora.xtec.cat\/iecadaques\/wp-json\/wp\/v2\/posts\/23335\/revisions\/23390"}],"wp:featuredmedia":[{"embeddable":true,"href":"https:\/\/agora.xtec.cat\/iecadaques\/wp-json\/wp\/v2\/media\/23337"}],"wp:attachment":[{"href":"https:\/\/agora.xtec.cat\/iecadaques\/wp-json\/wp\/v2\/media?parent=23335"}],"wp:term":[{"taxonomy":"category","embeddable":true,"href":"https:\/\/agora.xtec.cat\/iecadaques\/wp-json\/wp\/v2\/categories?post=23335"},{"taxonomy":"post_tag","embeddable":true,"href":"https:\/\/agora.xtec.cat\/iecadaques\/wp-json\/wp\/v2\/tags?post=23335"}],"curies":[{"name":"wp","href":"https:\/\/api.w.org\/{rel}","templated":true}]}}