{"id":23299,"date":"2022-05-25T10:21:42","date_gmt":"2022-05-25T08:21:42","guid":{"rendered":"https:\/\/agora.xtec.cat\/iecadaques\/?p=23299"},"modified":"2022-05-25T10:23:09","modified_gmt":"2022-05-25T08:23:09","slug":"concert-cantania","status":"publish","type":"post","link":"https:\/\/agora.xtec.cat\/iecadaques\/portada\/concert-cantania\/","title":{"rendered":"CONCERT CANT\u00c0NIA"},"content":{"rendered":"<h2 style=\"text-align: center;\">CONCERT CANT\u00c0NIA<\/h2>\n<h6 style=\"text-align: center;\">\u00abClara, l&#8217;art per dins\u00bb<\/h6>\n<h6 style=\"text-align: center;\"><\/h6>\n<p>Es dissabte 21 de maig ses alumnes de <strong>5\u00e8 i 6\u00e8 de Prim\u00e0ria de l&#8217;Institut Escola Caritat Serinyana Cap de Creus<\/strong> van participar as concert final de Cant\u00e0nia<em> \u00abClara, l\u2019art per dins\u00bb<\/em> al Teatre Jard\u00ed de Figueres juntament amb alumnes d\u2019altres escoles de l\u2019Alt Empord\u00e0.<\/p>\n<p>Ses aventures d\u2019istiu de la Clara i sa seu \u00e0via Blanca mos van transportar al m\u00f3n de l\u2019art i han estat es fil conductor de totes ses can\u00e7ons i coreografies.<\/p>\n<p>Mos ho vam passar molt b\u00e9!!!<\/p>\n<p style=\"text-align: center;\">\r\n\t<div class=\"slideshow_container slideshow_container_style-light\" style=\"height: 300px; \" data-slideshow-id=\"23301\" data-style-name=\"style-light\" data-style-version=\"2.3.1\" >\r\n\r\n\t\t\t\t\t<div class=\"slideshow_loading_icon\"><\/div>\r\n\t\t\r\n\t\t<div class=\"slideshow_content\" style=\"display: none;\">\r\n\r\n\t\t\t<div class=\"slideshow_view\">\r\n\t\t\t\t<div class=\"slideshow_slide slideshow_slide_image\">\r\n\t\t\t\t\t\t\t\t\t\t\t<img src=\"https:\/\/agora.xtec.cat\/iecadaques\/wp-content\/uploads\/usu1969\/2022\/05\/4.jpg\" alt=\"4\" width=\"2000\" height=\"1600\" \/>\r\n\t\t\t\t\t\t\t\t\t\t<div class=\"slideshow_description_box slideshow_transparent\">\r\n\t\t\t\t\t\t\t\t\t\t\t\t\t\t\t\t\t<\/div>\r\n\t\t\t\t<\/div>\r\n\r\n\t\t\t\t\t\t<div style=\"clear: both;\"><\/div><\/div><div class=\"slideshow_view\">\r\n\t\t\t\t<div class=\"slideshow_slide slideshow_slide_image\">\r\n\t\t\t\t\t\t\t\t\t\t\t<img src=\"https:\/\/agora.xtec.cat\/iecadaques\/wp-content\/uploads\/usu1969\/2022\/05\/3.jpg\" alt=\"3\" width=\"2000\" height=\"1600\" \/>\r\n\t\t\t\t\t\t\t\t\t\t<div class=\"slideshow_description_box slideshow_transparent\">\r\n\t\t\t\t\t\t\t\t\t\t\t\t\t\t\t\t\t<\/div>\r\n\t\t\t\t<\/div>\r\n\r\n\t\t\t\t\t\t<div style=\"clear: both;\"><\/div><\/div><div class=\"slideshow_view\">\r\n\t\t\t\t<div class=\"slideshow_slide slideshow_slide_image\">\r\n\t\t\t\t\t\t\t\t\t\t\t<img src=\"https:\/\/agora.xtec.cat\/iecadaques\/wp-content\/uploads\/usu1969\/2022\/05\/2.jpg\" alt=\"2\" width=\"2000\" height=\"1600\" \/>\r\n\t\t\t\t\t\t\t\t\t\t<div class=\"slideshow_description_box slideshow_transparent\">\r\n\t\t\t\t\t\t\t\t\t\t\t\t\t\t\t\t\t<\/div>\r\n\t\t\t\t<\/div>\r\n\r\n\t\t\t\t\t\t<div style=\"clear: both;\"><\/div><\/div>\r\n\t\t<\/div>\r\n\r\n\t\t<div class=\"slideshow_controlPanel slideshow_transparent\" style=\"display: none;\"><ul><li class=\"slideshow_togglePlay\" data-play-text=\"Visualitza\" data-pause-text=\"Pausa\"><\/li><\/ul><\/div>\r\n\r\n\t\t<div class=\"slideshow_button slideshow_previous slideshow_transparent\" role=\"button\" data-previous-text=\"Anterior\" style=\"display: none;\"><\/div>\r\n\t\t<div class=\"slideshow_button slideshow_next slideshow_transparent\" role=\"button\" data-next-text=\"Seg\u00fcent\" style=\"display: none;\"><\/div>\r\n\r\n\t\t<div class=\"slideshow_pagination\" style=\"display: none;\" data-go-to-text=\"V\u00e9s a la diapositiva\"><div class=\"slideshow_pagination_center\"><\/div><\/div>\r\n\r\n\t\t<!-- WordPress Slideshow Version 2.3.1 -->\r\n\r\n\t\t\t<\/div>\r\n\r\n<\/p>\n","protected":false},"excerpt":{"rendered":"<p>CONCERT CANT\u00c0NIA<br \/>\n\u00abClara, l&#8217;art per dins\u00bb<\/p>\n<p>Es dissabte 21 de maig ses alumnes de 5\u00e8 i 6\u00e8 de Prim\u00e0ria de l&#8217;Institut Escola Caritat Serinyana Cap de Creus van participar as concert final de Cant\u00e0nia \u00abClara, l\u2019art per dins\u00bb al Teatre Jard\u00ed de Figueres juntament amb alumnes d\u2019altres&hellip;  <a href=\"https:\/\/agora.xtec.cat\/iecadaques\/portada\/concert-cantania\/\" title=\"Read CONCERT CANT\u00c0NIA\">Llegeix m\u00e9s\u00bb<\/a><\/p>\n","protected":false},"author":71,"featured_media":23300,"comment_status":"closed","ping_status":"closed","sticky":false,"template":"","format":"standard","meta":{"_bbp_topic_count":0,"_bbp_reply_count":0,"_bbp_total_topic_count":0,"_bbp_total_reply_count":0,"_bbp_voice_count":0,"_bbp_anonymous_reply_count":0,"_bbp_topic_count_hidden":0,"_bbp_reply_count_hidden":0,"_bbp_forum_subforum_count":0,"footnotes":""},"categories":[159,29],"tags":[184,185,39],"class_list":["post-23299","post","type-post","status-publish","format-standard","has-post-thumbnail","hentry","category-cs","category-portada","tag-pri5","tag-pri6","tag-sortides"],"post_mailing_queue_ids":[],"_links":{"self":[{"href":"https:\/\/agora.xtec.cat\/iecadaques\/wp-json\/wp\/v2\/posts\/23299","targetHints":{"allow":["GET"]}}],"collection":[{"href":"https:\/\/agora.xtec.cat\/iecadaques\/wp-json\/wp\/v2\/posts"}],"about":[{"href":"https:\/\/agora.xtec.cat\/iecadaques\/wp-json\/wp\/v2\/types\/post"}],"author":[{"embeddable":true,"href":"https:\/\/agora.xtec.cat\/iecadaques\/wp-json\/wp\/v2\/users\/71"}],"replies":[{"embeddable":true,"href":"https:\/\/agora.xtec.cat\/iecadaques\/wp-json\/wp\/v2\/comments?post=23299"}],"version-history":[{"count":3,"href":"https:\/\/agora.xtec.cat\/iecadaques\/wp-json\/wp\/v2\/posts\/23299\/revisions"}],"predecessor-version":[{"id":23308,"href":"https:\/\/agora.xtec.cat\/iecadaques\/wp-json\/wp\/v2\/posts\/23299\/revisions\/23308"}],"wp:featuredmedia":[{"embeddable":true,"href":"https:\/\/agora.xtec.cat\/iecadaques\/wp-json\/wp\/v2\/media\/23300"}],"wp:attachment":[{"href":"https:\/\/agora.xtec.cat\/iecadaques\/wp-json\/wp\/v2\/media?parent=23299"}],"wp:term":[{"taxonomy":"category","embeddable":true,"href":"https:\/\/agora.xtec.cat\/iecadaques\/wp-json\/wp\/v2\/categories?post=23299"},{"taxonomy":"post_tag","embeddable":true,"href":"https:\/\/agora.xtec.cat\/iecadaques\/wp-json\/wp\/v2\/tags?post=23299"}],"curies":[{"name":"wp","href":"https:\/\/api.w.org\/{rel}","templated":true}]}}