{"id":23280,"date":"2022-05-20T14:38:10","date_gmt":"2022-05-20T12:38:10","guid":{"rendered":"https:\/\/agora.xtec.cat\/iecadaques\/?p=23280"},"modified":"2022-05-24T15:29:33","modified_gmt":"2022-05-24T13:29:33","slug":"visita-casa-museu-salvador-dali","status":"publish","type":"post","link":"https:\/\/agora.xtec.cat\/iecadaques\/portada\/visita-casa-museu-salvador-dali\/","title":{"rendered":"VISITA CASA-MUSEU SALVADOR DALI"},"content":{"rendered":"<h2 style=\"text-align: center;\">VISITA CASA-MUSEU SALVADOR DALI<\/h2>\n<p style=\"text-align: center;\">Portlligat<\/p>\n<p>&nbsp;<\/p>\n<p>El dilluns 16 d\u2019abril, <strong>l\u2019alumnat de 2n d\u2019ESO de l&#8217;Institut Escola Caritat Serinyana Cap de Creus<\/strong> va gaudir d\u2019una visita guiada a la Casa Museu Salvador Dal\u00ed de Portlligat. Va ser una visita molt amena i enriquidora que els nostres alumnes recordaran.<\/p>\n<p>Agra\u00efm a la <strong>Fundaci\u00f3 Gala-Salvador Dal\u00ed<\/strong>, l\u2019atenci\u00f3 mostrada al llarg d\u2019aquests anys amb tot l\u2019alumnat i professorat del nostre centre per facilitar-nos les visites a tot el triangle Dalini\u00e0: <strong>Casa Museu Salvador Dal\u00ed de Portlligat, Museu Salvador Dal\u00ed de Figueres i Castell de P\u00fabol.<\/strong><\/p>\n<p style=\"text-align: center;\">\r\n\t<div class=\"slideshow_container slideshow_container_style-light\" style=\"height: 600px; \" data-slideshow-id=\"23292\" data-style-name=\"style-light\" data-style-version=\"2.3.1\" >\r\n\r\n\t\t\t\t\t<div class=\"slideshow_loading_icon\"><\/div>\r\n\t\t\r\n\t\t<div class=\"slideshow_content\" style=\"display: none;\">\r\n\r\n\t\t\t<div class=\"slideshow_view\">\r\n\t\t\t\t<div class=\"slideshow_slide slideshow_slide_image\">\r\n\t\t\t\t\t\t\t\t\t\t\t<img src=\"https:\/\/agora.xtec.cat\/iecadaques\/wp-content\/uploads\/usu1969\/2022\/05\/Visita-Casa-Museu-Salvador-Dali-1.jpg\" alt=\"Visita Casa Museu Salvador Dali\" width=\"2000\" height=\"1600\" \/>\r\n\t\t\t\t\t\t\t\t\t\t<div class=\"slideshow_description_box slideshow_transparent\">\r\n\t\t\t\t\t\t<div class=\"slideshow_title\">Visita Casa Museu Salvador Dali<\/div>\t\t\t\t\t\t\t\t\t\t\t<\/div>\r\n\t\t\t\t<\/div>\r\n\r\n\t\t\t\t\t\t<div style=\"clear: both;\"><\/div><\/div><div class=\"slideshow_view\">\r\n\t\t\t\t<div class=\"slideshow_slide slideshow_slide_image\">\r\n\t\t\t\t\t\t\t\t\t\t\t<img src=\"https:\/\/agora.xtec.cat\/iecadaques\/wp-content\/uploads\/usu1969\/2022\/05\/Visita-Casa-Museu-Salvador-Dali-2-1.jpg\" alt=\"Visita Casa Museu Salvador Dali 2\" width=\"2000\" height=\"1600\" \/>\r\n\t\t\t\t\t\t\t\t\t\t<div class=\"slideshow_description_box slideshow_transparent\">\r\n\t\t\t\t\t\t<div class=\"slideshow_title\">Visita Casa Museu Salvador Dali 2<\/div>\t\t\t\t\t\t\t\t\t\t\t<\/div>\r\n\t\t\t\t<\/div>\r\n\r\n\t\t\t\t\t\t<div style=\"clear: both;\"><\/div><\/div>\r\n\t\t<\/div>\r\n\r\n\t\t<div class=\"slideshow_controlPanel slideshow_transparent\" style=\"display: none;\"><ul><li class=\"slideshow_togglePlay\" data-play-text=\"Visualitza\" data-pause-text=\"Pausa\"><\/li><\/ul><\/div>\r\n\r\n\t\t<div class=\"slideshow_button slideshow_previous slideshow_transparent\" role=\"button\" data-previous-text=\"Anterior\" style=\"display: none;\"><\/div>\r\n\t\t<div class=\"slideshow_button slideshow_next slideshow_transparent\" role=\"button\" data-next-text=\"Seg\u00fcent\" style=\"display: none;\"><\/div>\r\n\r\n\t\t<div class=\"slideshow_pagination\" style=\"display: none;\" data-go-to-text=\"V\u00e9s a la diapositiva\"><div class=\"slideshow_pagination_center\"><\/div><\/div>\r\n\r\n\t\t<!-- WordPress Slideshow Version 2.3.1 -->\r\n\r\n\t\t\t<\/div>\r\n\r\n<\/p>\n","protected":false},"excerpt":{"rendered":"<p>VISITA CASA-MUSEU SALVADOR DALI<br \/>\nPortlligat<br \/>\n&nbsp;<br \/>\nEl dilluns 16 d\u2019abril, l\u2019alumnat de 2n d\u2019ESO de l&#8217;Institut Escola Caritat Serinyana Cap de Creus va gaudir d\u2019una visita guiada a la Casa Museu Salvador Dal\u00ed de Portlligat. Va ser una visita molt amena i enriquidora que els nostres alumnes recordaran.<br \/>\nAgra\u00efm&hellip;  <a href=\"https:\/\/agora.xtec.cat\/iecadaques\/portada\/visita-casa-museu-salvador-dali\/\" title=\"Read VISITA CASA-MUSEU SALVADOR DALI\">Llegeix m\u00e9s\u00bb<\/a><\/p>\n","protected":false},"author":71,"featured_media":23281,"comment_status":"closed","ping_status":"closed","sticky":false,"template":"","format":"standard","meta":{"_bbp_topic_count":0,"_bbp_reply_count":0,"_bbp_total_topic_count":0,"_bbp_total_reply_count":0,"_bbp_voice_count":0,"_bbp_anonymous_reply_count":0,"_bbp_topic_count_hidden":0,"_bbp_reply_count_hidden":0,"_bbp_forum_subforum_count":0,"footnotes":""},"categories":[231,167,29],"tags":[120,39],"class_list":["post-23280","post","type-post","status-publish","format-standard","has-post-thumbnail","hentry","category-activitats-culturals","category-eso","category-portada","tag-eso2","tag-sortides"],"post_mailing_queue_ids":[],"_links":{"self":[{"href":"https:\/\/agora.xtec.cat\/iecadaques\/wp-json\/wp\/v2\/posts\/23280","targetHints":{"allow":["GET"]}}],"collection":[{"href":"https:\/\/agora.xtec.cat\/iecadaques\/wp-json\/wp\/v2\/posts"}],"about":[{"href":"https:\/\/agora.xtec.cat\/iecadaques\/wp-json\/wp\/v2\/types\/post"}],"author":[{"embeddable":true,"href":"https:\/\/agora.xtec.cat\/iecadaques\/wp-json\/wp\/v2\/users\/71"}],"replies":[{"embeddable":true,"href":"https:\/\/agora.xtec.cat\/iecadaques\/wp-json\/wp\/v2\/comments?post=23280"}],"version-history":[{"count":4,"href":"https:\/\/agora.xtec.cat\/iecadaques\/wp-json\/wp\/v2\/posts\/23280\/revisions"}],"predecessor-version":[{"id":23296,"href":"https:\/\/agora.xtec.cat\/iecadaques\/wp-json\/wp\/v2\/posts\/23280\/revisions\/23296"}],"wp:featuredmedia":[{"embeddable":true,"href":"https:\/\/agora.xtec.cat\/iecadaques\/wp-json\/wp\/v2\/media\/23281"}],"wp:attachment":[{"href":"https:\/\/agora.xtec.cat\/iecadaques\/wp-json\/wp\/v2\/media?parent=23280"}],"wp:term":[{"taxonomy":"category","embeddable":true,"href":"https:\/\/agora.xtec.cat\/iecadaques\/wp-json\/wp\/v2\/categories?post=23280"},{"taxonomy":"post_tag","embeddable":true,"href":"https:\/\/agora.xtec.cat\/iecadaques\/wp-json\/wp\/v2\/tags?post=23280"}],"curies":[{"name":"wp","href":"https:\/\/api.w.org\/{rel}","templated":true}]}}