{"id":23196,"date":"2022-05-18T13:10:22","date_gmt":"2022-05-18T11:10:22","guid":{"rendered":"https:\/\/agora.xtec.cat\/iecadaques\/?p=23196"},"modified":"2022-05-19T09:39:01","modified_gmt":"2022-05-19T07:39:01","slug":"visita-al-museu-maritim-de-barcelona","status":"publish","type":"post","link":"https:\/\/agora.xtec.cat\/iecadaques\/portada\/visita-al-museu-maritim-de-barcelona\/","title":{"rendered":"VISITA AL MUSEU MAR\u00cdTIM DE BARCELONA"},"content":{"rendered":"<h2 style=\"text-align: center;\">41a SETMANA CULTURAL DE CADAQU\u00c9S<\/h2>\n<h6 style=\"text-align: center;\">Visita al Museu Mar\u00edtim de Barcelona<\/h6>\n<p>&nbsp;<\/p>\n<div>\n<div id=\"gmail-:1r4\" class=\"gmail-ii gmail-gt\">\n<div id=\"gmail-:1r5\" class=\"gmail-a3s gmail-aiL\">\n<p dir=\"auto\">El passat dimecres dia 20 d&#8217;abril vam visitar el\u00a0<strong><span class=\"gmail-il\">Museu<\/span>\u00a0<span class=\"gmail-il\">Mar\u00edtim<\/span> de Barcelona<\/strong> amb l&#8217;alumnat de 1r, 2n i 3r d&#8217;ESO de l&#8217;Institut Escola Caritat Serinyana Cap de Creus, on vam poder dur a terme un seguit de tallers sobre la hist\u00f2ria i la cultura del mar.<\/p>\n<p dir=\"auto\">Val a dir que aquesta activitat s&#8217;emmarca dins la proposta de la setmana cultural, l&#8217;assignatura de socials &#8211; coincidint amb el projecte d&#8217;hist\u00f2ria a trav\u00e9s de la navegaci\u00f3 &#8211;\u00a0 i ha estat subvencionada, en el despla\u00e7ament, per l&#8217;Ajuntament de Cadaqu\u00e9s.<\/p>\n<\/div>\n<p dir=\"auto\"><a href=\"https:\/\/agora.xtec.cat\/iecadaques\/wp-content\/uploads\/usu1969\/2022\/05\/Museu-Maritim-web1.jpg\"><img loading=\"lazy\" decoding=\"async\" class=\"wp-image-23198 aligncenter\" src=\"https:\/\/agora.xtec.cat\/iecadaques\/wp-content\/uploads\/usu1969\/2022\/05\/Museu-Maritim-web1-1024x1024.jpg\" alt=\"\" width=\"439\" height=\"440\" srcset=\"https:\/\/agora.xtec.cat\/iecadaques\/wp-content\/uploads\/usu1969\/2022\/05\/Museu-Maritim-web1-1024x1024.jpg 1024w, https:\/\/agora.xtec.cat\/iecadaques\/wp-content\/uploads\/usu1969\/2022\/05\/Museu-Maritim-web1-300x300.jpg 300w, https:\/\/agora.xtec.cat\/iecadaques\/wp-content\/uploads\/usu1969\/2022\/05\/Museu-Maritim-web1-150x150.jpg 150w, https:\/\/agora.xtec.cat\/iecadaques\/wp-content\/uploads\/usu1969\/2022\/05\/Museu-Maritim-web1-768x768.jpg 768w, https:\/\/agora.xtec.cat\/iecadaques\/wp-content\/uploads\/usu1969\/2022\/05\/Museu-Maritim-web1-1536x1536.jpg 1536w, https:\/\/agora.xtec.cat\/iecadaques\/wp-content\/uploads\/usu1969\/2022\/05\/Museu-Maritim-web1.jpg 1736w\" sizes=\"auto, (max-width: 439px) 100vw, 439px\" \/><\/a><\/p>\n<\/div>\n<\/div>\n","protected":false},"excerpt":{"rendered":"<p>41a SETMANA CULTURAL DE CADAQU\u00c9S<br \/>\nVisita al Museu Mar\u00edtim de Barcelona<br \/>\n&nbsp;<\/p>\n<p>El passat dimecres dia 20 d&#8217;abril vam visitar el\u00a0Museu\u00a0Mar\u00edtim de Barcelona amb l&#8217;alumnat de 1r, 2n i 3r d&#8217;ESO de l&#8217;Institut Escola Caritat Serinyana Cap de Creus, on vam poder dur a terme un seguit de&hellip;  <a href=\"https:\/\/agora.xtec.cat\/iecadaques\/portada\/visita-al-museu-maritim-de-barcelona\/\" title=\"Read VISITA AL MUSEU MAR\u00cdTIM DE BARCELONA\">Llegeix m\u00e9s\u00bb<\/a><\/p>\n","protected":false},"author":71,"featured_media":23197,"comment_status":"closed","ping_status":"closed","sticky":false,"template":"","format":"standard","meta":{"_bbp_topic_count":0,"_bbp_reply_count":0,"_bbp_total_topic_count":0,"_bbp_total_reply_count":0,"_bbp_voice_count":0,"_bbp_anonymous_reply_count":0,"_bbp_topic_count_hidden":0,"_bbp_reply_count_hidden":0,"_bbp_forum_subforum_count":0,"footnotes":""},"categories":[231,159,167,29,256],"tags":[121,120,131,39],"class_list":["post-23196","post","type-post","status-publish","format-standard","has-post-thumbnail","hentry","category-activitats-culturals","category-cs","category-eso","category-portada","category-setmana-cultural","tag-eso1","tag-eso2","tag-eso3","tag-sortides"],"post_mailing_queue_ids":[],"_links":{"self":[{"href":"https:\/\/agora.xtec.cat\/iecadaques\/wp-json\/wp\/v2\/posts\/23196","targetHints":{"allow":["GET"]}}],"collection":[{"href":"https:\/\/agora.xtec.cat\/iecadaques\/wp-json\/wp\/v2\/posts"}],"about":[{"href":"https:\/\/agora.xtec.cat\/iecadaques\/wp-json\/wp\/v2\/types\/post"}],"author":[{"embeddable":true,"href":"https:\/\/agora.xtec.cat\/iecadaques\/wp-json\/wp\/v2\/users\/71"}],"replies":[{"embeddable":true,"href":"https:\/\/agora.xtec.cat\/iecadaques\/wp-json\/wp\/v2\/comments?post=23196"}],"version-history":[{"count":3,"href":"https:\/\/agora.xtec.cat\/iecadaques\/wp-json\/wp\/v2\/posts\/23196\/revisions"}],"predecessor-version":[{"id":23213,"href":"https:\/\/agora.xtec.cat\/iecadaques\/wp-json\/wp\/v2\/posts\/23196\/revisions\/23213"}],"wp:featuredmedia":[{"embeddable":true,"href":"https:\/\/agora.xtec.cat\/iecadaques\/wp-json\/wp\/v2\/media\/23197"}],"wp:attachment":[{"href":"https:\/\/agora.xtec.cat\/iecadaques\/wp-json\/wp\/v2\/media?parent=23196"}],"wp:term":[{"taxonomy":"category","embeddable":true,"href":"https:\/\/agora.xtec.cat\/iecadaques\/wp-json\/wp\/v2\/categories?post=23196"},{"taxonomy":"post_tag","embeddable":true,"href":"https:\/\/agora.xtec.cat\/iecadaques\/wp-json\/wp\/v2\/tags?post=23196"}],"curies":[{"name":"wp","href":"https:\/\/api.w.org\/{rel}","templated":true}]}}