{"id":23150,"date":"2022-05-17T13:45:34","date_gmt":"2022-05-17T11:45:34","guid":{"rendered":"https:\/\/agora.xtec.cat\/iecadaques\/?p=23150"},"modified":"2022-05-17T14:45:58","modified_gmt":"2022-05-17T12:45:58","slug":"cantania-2022","status":"publish","type":"post","link":"https:\/\/agora.xtec.cat\/iecadaques\/general\/cantania-2022\/","title":{"rendered":"CANTANIA 2022"},"content":{"rendered":"<h2 class=\"Standard\" style=\"text-align: center;\"><span style=\"font-family: 'Arial','sans-serif';\">CANT\u00c0NIA <\/span><\/h2>\n<h6 class=\"subtitol color1\" style=\"text-align: center;\">Projecte educatiu<\/h6>\n<h6 class=\"Standard\" style=\"text-align: center;\"><\/h6>\n<p class=\"Standard\"><span style=\"font-family: 'Arial','sans-serif';\">Cant\u00e0nia \u00e9s una\u00a0<strong>activitat participativa<\/strong> on s&#8217;inscriuen escoles de cicle mitj\u00e0 i superior de prim\u00e0ria de Catalunya. <\/span><span style=\"font-family: 'Arial','sans-serif';\">Es <strong>dissabte 21 de maig<\/strong> ses alumnes de Cicle Superior de L&#8217;Institut Escola de Cadaqu\u00e9s participaran as <strong>concert de Cant\u00e0nia \u00abClara, l\u2019art per dins\u00bb<\/strong> que es far\u00e0 al <strong>Teatre Jard\u00ed de Figueres.<\/strong><\/span><\/p>\n<p class=\"Standard\" style=\"line-height: 150%;\"><span style=\"font-family: 'Arial','sans-serif';\">Ses aventures d\u2019estiu que viu la Clara amb sa seu \u00e0via Blanca mos transporten al m\u00f3n de l\u2019art i s\u00f3n es fil conductor de totes ses can\u00e7ons. <\/span><span style=\"font-family: 'Arial','sans-serif';\">Vos hi esperem !!!<\/span><\/p>\n<p><strong>Dia de l&#8217;Institut Escola Caritat Serinyana<\/strong>: 21\/05\/22<\/p>\n<p><strong>Hora<\/strong>: 20:30h &#8211; <i class=\"fal fa-clock\"><\/i>Durada:\u00a0 50 min<\/p>\n<p><i class=\"fal fa-clock\"><\/i><strong>Lloc<\/strong>: Teatre Municipal el Jard\u00ed<\/p>\n<p style=\"text-align: center;\"><a href=\"https:\/\/www.figueresaescena.cat\/ca\/programacio\/c\/115-cantania--clara-lart-per-dins.html\"><strong>COMPRA SES ENTRADES\u00a0 \u00b7 <\/strong><strong>CANT\u00c0NIA \u00b7\u00a0<\/strong><strong><span style=\"font-family: 'Arial','sans-serif';\">\u00abCLARA, L\u2019ART PER DINS\u00bb<\/span><\/strong><\/a><\/p>\n<h6 style=\"text-align: center;\" aria-label=\"Espais\">Del 20.05.22 al 22.05.22<\/h6>\n<div aria-label=\"Espais\">\n<p style=\"text-align: center;\"><b>1r concert<\/b><\/p>\n<p style=\"text-align: center;\">escoles Bruel, Parc de les Aig\u00fces, Carme Guasch, Santa Fe, Josep Pous i Pag\u00e8s i Amistat<\/p>\n<p style=\"text-align: center;\"><b>2n concert<\/b><\/p>\n<p style=\"text-align: center;\">escoles Joan Regl\u00e0, ZER Tramuntana, Escol\u00e0pies Figueres, Maria Pag\u00e8s, Pompeu Fabra, Joaquim Vallmaj\u00f3 i Maria \u00c0ngels Anglada<\/p>\n<p style=\"text-align: center;\"><b>3r concert<\/b><\/p>\n<p style=\"text-align: center;\">escoles Joana d\u2019Emp\u00faries, <strong>Institut Escola Caritat Serinyana<\/strong>, La Salle Figueres, Santiago Rat\u00e9s, Pla de l\u2019Ametller i Narc\u00eds Monturiol<\/p>\n<p style=\"text-align: center;\"><b>4t concert<\/b><\/p>\n<p style=\"text-align: center;\">escoles Cabanes, Els Terraprims, Les M\u00e8lies, Teresa de Pallej\u00e0, Salvador Dal\u00ed i Sant Pau<\/p>\n<p style=\"text-align: center;\"><b>5\u00e8 concert<\/b><\/p>\n<p style=\"text-align: center;\">escoles Gon\u00e7al Comellas, Ruiz Amado, Centre Escolar Empord\u00e0, Fluvianets, L\u2019Esculapi i Llagut<\/p>\n<\/div>\n","protected":false},"excerpt":{"rendered":"<p>CANT\u00c0NIA<br \/>\nProjecte educatiu<\/p>\n<p>Cant\u00e0nia \u00e9s una\u00a0activitat participativa on s&#8217;inscriuen escoles de cicle mitj\u00e0 i superior de prim\u00e0ria de Catalunya. Es dissabte 21 de maig ses alumnes de Cicle Superior de L&#8217;Institut Escola de Cadaqu\u00e9s participaran as concert de Cant\u00e0nia \u00abClara, l\u2019art per dins\u00bb que es far\u00e0&hellip;  <a href=\"https:\/\/agora.xtec.cat\/iecadaques\/general\/cantania-2022\/\" title=\"Read CANTANIA 2022\">Llegeix m\u00e9s\u00bb<\/a><\/p>\n","protected":false},"author":71,"featured_media":23152,"comment_status":"closed","ping_status":"closed","sticky":false,"template":"","format":"standard","meta":{"_bbp_topic_count":0,"_bbp_reply_count":0,"_bbp_total_topic_count":0,"_bbp_total_reply_count":0,"_bbp_voice_count":0,"_bbp_anonymous_reply_count":0,"_bbp_topic_count_hidden":0,"_bbp_reply_count_hidden":0,"_bbp_forum_subforum_count":0,"footnotes":""},"categories":[158,159,1,29],"tags":[180,181,182,184,185,257,40],"class_list":["post-23150","post","type-post","status-publish","format-standard","has-post-thumbnail","hentry","category-cm","category-cs","category-general","category-portada","tag-pri1","tag-pri2","tag-pri3","tag-pri5","tag-pri6","tag-musica","tag-teatre"],"post_mailing_queue_ids":[],"_links":{"self":[{"href":"https:\/\/agora.xtec.cat\/iecadaques\/wp-json\/wp\/v2\/posts\/23150","targetHints":{"allow":["GET"]}}],"collection":[{"href":"https:\/\/agora.xtec.cat\/iecadaques\/wp-json\/wp\/v2\/posts"}],"about":[{"href":"https:\/\/agora.xtec.cat\/iecadaques\/wp-json\/wp\/v2\/types\/post"}],"author":[{"embeddable":true,"href":"https:\/\/agora.xtec.cat\/iecadaques\/wp-json\/wp\/v2\/users\/71"}],"replies":[{"embeddable":true,"href":"https:\/\/agora.xtec.cat\/iecadaques\/wp-json\/wp\/v2\/comments?post=23150"}],"version-history":[{"count":3,"href":"https:\/\/agora.xtec.cat\/iecadaques\/wp-json\/wp\/v2\/posts\/23150\/revisions"}],"predecessor-version":[{"id":23154,"href":"https:\/\/agora.xtec.cat\/iecadaques\/wp-json\/wp\/v2\/posts\/23150\/revisions\/23154"}],"wp:featuredmedia":[{"embeddable":true,"href":"https:\/\/agora.xtec.cat\/iecadaques\/wp-json\/wp\/v2\/media\/23152"}],"wp:attachment":[{"href":"https:\/\/agora.xtec.cat\/iecadaques\/wp-json\/wp\/v2\/media?parent=23150"}],"wp:term":[{"taxonomy":"category","embeddable":true,"href":"https:\/\/agora.xtec.cat\/iecadaques\/wp-json\/wp\/v2\/categories?post=23150"},{"taxonomy":"post_tag","embeddable":true,"href":"https:\/\/agora.xtec.cat\/iecadaques\/wp-json\/wp\/v2\/tags?post=23150"}],"curies":[{"name":"wp","href":"https:\/\/api.w.org\/{rel}","templated":true}]}}