{"id":22951,"date":"2022-05-04T13:26:54","date_gmt":"2022-05-04T11:26:54","guid":{"rendered":"https:\/\/agora.xtec.cat\/iecadaques\/?p=22951"},"modified":"2022-05-09T16:02:19","modified_gmt":"2022-05-09T14:02:19","slug":"cursa-solidaria-save-the-children","status":"publish","type":"post","link":"https:\/\/agora.xtec.cat\/iecadaques\/portada\/cursa-solidaria-save-the-children\/","title":{"rendered":"CURSA SOLID\u00c0RIA SAVE THE CHILDREN"},"content":{"rendered":"<h2 style=\"text-align: center;\"><strong>CURSA SOLID\u00c0RIA SAVE THE CHILDREN 2022<\/strong><\/h2>\n<h6 style=\"text-align: center;\"><strong>Per prevenir la desnutrici\u00f3 infantil a la Banya d&#8217;\u00c0frica<\/strong><\/h6>\n<p>&nbsp;<\/p>\n<p>Des de<strong> l\u2019Institut Escola Caritat Serinyana Cap de Creus<\/strong> de Cadaqu\u00e9s, una any m\u00e9s, hem col\u00b7laborat amb SAVE THE CHILDREN participant a la<strong> 18a CURSA ESCOLAR<\/strong>. Aquest any, 2022, hem fet una recaptaci\u00f3 d&#8217;uns 200\u20ac (aprox) destinats a prevenir la desnutrici\u00f3 infantil a la Banya d&#8217;\u00c0frica.<\/p>\n<p>Els m\u00e9s petits van fer una petita cursa al pati de l&#8217;escola i els m\u00e9s grans van fer una cursa vertical d&#8217;1km des del Pavell\u00f3 al Mas d&#8217;en Duran.<\/p>\n\r\n\t<div class=\"slideshow_container slideshow_container_style-light\" style=\"height: 450px; \" data-slideshow-id=\"22964\" data-style-name=\"style-light\" data-style-version=\"2.3.1\" >\r\n\r\n\t\t\t\t\t<div class=\"slideshow_loading_icon\"><\/div>\r\n\t\t\r\n\t\t<div class=\"slideshow_content\" style=\"display: none;\">\r\n\r\n\t\t\t<div class=\"slideshow_view\">\r\n\t\t\t\t<div class=\"slideshow_slide slideshow_slide_image\">\r\n\t\t\t\t\t\t\t\t\t\t\t<img src=\"https:\/\/agora.xtec.cat\/iecadaques\/wp-content\/uploads\/usu1969\/2022\/05\/Cursa-solidaria-professors.jpg\" alt=\"Cursa solid\u00e0ria SAVE THE CHILDREN\" width=\"1024\" height=\"768\" \/>\r\n\t\t\t\t\t\t\t\t\t\t<div class=\"slideshow_description_box slideshow_transparent\">\r\n\t\t\t\t\t\t<div class=\"slideshow_title\">Cursa solid\u00e0ria SAVE THE CHILDREN<\/div>\t\t\t\t\t\t<div class=\"slideshow_description\">18a Cursa Escolar per a la superviv\u00e8ncia infantil a la Banya d&#039;\u00c0frica<\/div>\t\t\t\t\t<\/div>\r\n\t\t\t\t<\/div>\r\n\r\n\t\t\t\t\t\t<div style=\"clear: both;\"><\/div><\/div><div class=\"slideshow_view\">\r\n\t\t\t\t<div class=\"slideshow_slide slideshow_slide_image\">\r\n\t\t\t\t\t\t\t\t\t\t\t<img src=\"https:\/\/agora.xtec.cat\/iecadaques\/wp-content\/uploads\/usu1969\/2022\/05\/cursa-solidaria-6.jpg\" alt=\"Cursa Solid\u00e0ria SAVE THE CHILDREN\" width=\"2000\" height=\"1500\" \/>\r\n\t\t\t\t\t\t\t\t\t\t<div class=\"slideshow_description_box slideshow_transparent\">\r\n\t\t\t\t\t\t<div class=\"slideshow_title\">Cursa Solid\u00e0ria SAVE THE CHILDREN<\/div>\t\t\t\t\t\t<div class=\"slideshow_description\">18a Cursa Escolar per a la superviv\u00e8ncia infantil a la Banya d&#039;\u00c0frica<\/div>\t\t\t\t\t<\/div>\r\n\t\t\t\t<\/div>\r\n\r\n\t\t\t\t\t\t<div style=\"clear: both;\"><\/div><\/div><div class=\"slideshow_view\">\r\n\t\t\t\t<div class=\"slideshow_slide slideshow_slide_image\">\r\n\t\t\t\t\t\t\t\t\t\t\t<img src=\"https:\/\/agora.xtec.cat\/iecadaques\/wp-content\/uploads\/usu1969\/2022\/05\/cursa-solidaria-5.jpg\" alt=\"Cursa Solid\u00e0ria SAVE THE CHILDREN\" width=\"2000\" height=\"1500\" \/>\r\n\t\t\t\t\t\t\t\t\t\t<div class=\"slideshow_description_box slideshow_transparent\">\r\n\t\t\t\t\t\t<div class=\"slideshow_title\">Cursa Solid\u00e0ria SAVE THE CHILDREN<\/div>\t\t\t\t\t\t<div class=\"slideshow_description\">18a Cursa Escolar per a la superviv\u00e8ncia infantil a la Banya d&#039;\u00c0frica<\/div>\t\t\t\t\t<\/div>\r\n\t\t\t\t<\/div>\r\n\r\n\t\t\t\t\t\t<div style=\"clear: both;\"><\/div><\/div><div class=\"slideshow_view\">\r\n\t\t\t\t<div class=\"slideshow_slide slideshow_slide_image\">\r\n\t\t\t\t\t\t\t\t\t\t\t<img src=\"https:\/\/agora.xtec.cat\/iecadaques\/wp-content\/uploads\/usu1969\/2022\/05\/cursa-solidaria-4-1.jpg\" alt=\"Cursa Solid\u00e0ria SAVE THE CHILDREN\" width=\"2000\" height=\"1500\" \/>\r\n\t\t\t\t\t\t\t\t\t\t<div class=\"slideshow_description_box slideshow_transparent\">\r\n\t\t\t\t\t\t<div class=\"slideshow_title\">Cursa Solid\u00e0ria SAVE THE CHILDREN<\/div>\t\t\t\t\t\t<div class=\"slideshow_description\">18a Cursa Escolar per a la superviv\u00e8ncia infantil a la Banya d&#039;\u00c0frica<\/div>\t\t\t\t\t<\/div>\r\n\t\t\t\t<\/div>\r\n\r\n\t\t\t\t\t\t<div style=\"clear: both;\"><\/div><\/div><div class=\"slideshow_view\">\r\n\t\t\t\t<div class=\"slideshow_slide slideshow_slide_image\">\r\n\t\t\t\t\t\t\t\t\t\t\t<img src=\"https:\/\/agora.xtec.cat\/iecadaques\/wp-content\/uploads\/usu1969\/2022\/05\/cursa-solidaria-4.jpg\" alt=\"Cursa Solid\u00e0ria SAVE THE CHILDREN\" width=\"1600\" height=\"1200\" \/>\r\n\t\t\t\t\t\t\t\t\t\t<div class=\"slideshow_description_box slideshow_transparent\">\r\n\t\t\t\t\t\t<div class=\"slideshow_title\">Cursa Solid\u00e0ria SAVE THE CHILDREN<\/div>\t\t\t\t\t\t<div class=\"slideshow_description\">18a Cursa Escolar per a la superviv\u00e8ncia infantil a la Banya d&#039;\u00c0frica<\/div>\t\t\t\t\t<\/div>\r\n\t\t\t\t<\/div>\r\n\r\n\t\t\t\t\t\t<div style=\"clear: both;\"><\/div><\/div><div class=\"slideshow_view\">\r\n\t\t\t\t<div class=\"slideshow_slide slideshow_slide_image\">\r\n\t\t\t\t\t\t\t\t\t\t\t<img src=\"https:\/\/agora.xtec.cat\/iecadaques\/wp-content\/uploads\/usu1969\/2022\/05\/cursa-solidaria-3.jpg\" alt=\"Cursa Solid\u00e0ria SAVE THE CHILDREN\" width=\"2000\" height=\"1500\" \/>\r\n\t\t\t\t\t\t\t\t\t\t<div class=\"slideshow_description_box slideshow_transparent\">\r\n\t\t\t\t\t\t<div class=\"slideshow_title\">Cursa Solid\u00e0ria SAVE THE CHILDREN<\/div>\t\t\t\t\t\t<div class=\"slideshow_description\">18a Cursa Escolar per a la superviv\u00e8ncia infantil a la Banya d&#039;\u00c0frica<\/div>\t\t\t\t\t<\/div>\r\n\t\t\t\t<\/div>\r\n\r\n\t\t\t\t\t\t<div style=\"clear: both;\"><\/div><\/div><div class=\"slideshow_view\">\r\n\t\t\t\t<div class=\"slideshow_slide slideshow_slide_image\">\r\n\t\t\t\t\t\t\t\t\t\t\t<img src=\"https:\/\/agora.xtec.cat\/iecadaques\/wp-content\/uploads\/usu1969\/2022\/05\/cursa-solidaria-2.jpg\" alt=\"Cursa Solid\u00e0ria SAVE THE CHILDREN\" width=\"1632\" height=\"1224\" \/>\r\n\t\t\t\t\t\t\t\t\t\t<div class=\"slideshow_description_box slideshow_transparent\">\r\n\t\t\t\t\t\t<div class=\"slideshow_title\">Cursa Solid\u00e0ria SAVE THE CHILDREN<\/div>\t\t\t\t\t\t<div class=\"slideshow_description\">18a Cursa Escolar per a la superviv\u00e8ncia infantil a la Banya d&#039;\u00c0frica<\/div>\t\t\t\t\t<\/div>\r\n\t\t\t\t<\/div>\r\n\r\n\t\t\t\t\t\t<div style=\"clear: both;\"><\/div><\/div><div class=\"slideshow_view\">\r\n\t\t\t\t<div class=\"slideshow_slide slideshow_slide_image\">\r\n\t\t\t\t\t\t\t\t\t\t\t<img src=\"https:\/\/agora.xtec.cat\/iecadaques\/wp-content\/uploads\/usu1969\/2022\/05\/Cursa-Solidaria-1.jpg\" alt=\"Cursa Solid\u00e0ria SAVE THE CHILDREN\" width=\"2000\" height=\"1500\" \/>\r\n\t\t\t\t\t\t\t\t\t\t<div class=\"slideshow_description_box slideshow_transparent\">\r\n\t\t\t\t\t\t<div class=\"slideshow_title\">Cursa Solid\u00e0ria SAVE THE CHILDREN<\/div>\t\t\t\t\t\t<div class=\"slideshow_description\">18a Cursa Escolar per a la superviv\u00e8ncia infantil a la Banya d&#039;\u00c0frica<\/div>\t\t\t\t\t<\/div>\r\n\t\t\t\t<\/div>\r\n\r\n\t\t\t\t\t\t<div style=\"clear: both;\"><\/div><\/div>\r\n\t\t<\/div>\r\n\r\n\t\t<div class=\"slideshow_controlPanel slideshow_transparent\" style=\"display: none;\"><ul><li class=\"slideshow_togglePlay\" data-play-text=\"Visualitza\" data-pause-text=\"Pausa\"><\/li><\/ul><\/div>\r\n\r\n\t\t<div class=\"slideshow_button slideshow_previous slideshow_transparent\" role=\"button\" data-previous-text=\"Anterior\" style=\"display: none;\"><\/div>\r\n\t\t<div class=\"slideshow_button slideshow_next slideshow_transparent\" role=\"button\" data-next-text=\"Seg\u00fcent\" style=\"display: none;\"><\/div>\r\n\r\n\t\t<div class=\"slideshow_pagination\" style=\"display: none;\" data-go-to-text=\"V\u00e9s a la diapositiva\"><div class=\"slideshow_pagination_center\"><\/div><\/div>\r\n\r\n\t\t<!-- WordPress Slideshow Version 2.3.1 -->\r\n\r\n\t\t\t<\/div>\r\n\r\n\n\r\n\t<div class=\"slideshow_container slideshow_container_style-light\" style=\"height: 450px; \" data-slideshow-id=\"22999\" data-style-name=\"style-light\" data-style-version=\"2.3.1\" >\r\n\r\n\t\t\t\t\t<div class=\"slideshow_loading_icon\"><\/div>\r\n\t\t\r\n\t\t<div class=\"slideshow_content\" style=\"display: none;\">\r\n\r\n\t\t\t<div class=\"slideshow_view\">\r\n\t\t\t\t<div class=\"slideshow_slide slideshow_slide_image\">\r\n\t\t\t\t\t\t\t\t\t\t\t<img src=\"https:\/\/agora.xtec.cat\/iecadaques\/wp-content\/uploads\/usu1969\/2022\/05\/cursa-solidaria-ESO2-e1651742544512.jpg\" alt=\"Cursa solid\u00e0ria SAVE THE CHILDREN\" width=\"1512\" height=\"1401\" \/>\r\n\t\t\t\t\t\t\t\t\t\t<div class=\"slideshow_description_box slideshow_transparent\">\r\n\t\t\t\t\t\t<div class=\"slideshow_title\">Cursa solid\u00e0ria SAVE THE CHILDREN<\/div>\t\t\t\t\t\t<div class=\"slideshow_description\">18a Cursa Escolar per a la superviv\u00e8ncia infantil a la Banya d&#039;\u00c0frica<\/div>\t\t\t\t\t<\/div>\r\n\t\t\t\t<\/div>\r\n\r\n\t\t\t\t\t\t<div style=\"clear: both;\"><\/div><\/div><div class=\"slideshow_view\">\r\n\t\t\t\t<div class=\"slideshow_slide slideshow_slide_image\">\r\n\t\t\t\t\t\t\t\t\t\t\t<img src=\"https:\/\/agora.xtec.cat\/iecadaques\/wp-content\/uploads\/usu1969\/2022\/05\/cursa-solidaria-ESO.jpg\" alt=\"Cursa solid\u00e0ria SAVE THE CHILDREN\" width=\"1512\" height=\"2016\" \/>\r\n\t\t\t\t\t\t\t\t\t\t<div class=\"slideshow_description_box slideshow_transparent\">\r\n\t\t\t\t\t\t<div class=\"slideshow_title\">Cursa solid\u00e0ria SAVE THE CHILDREN<\/div>\t\t\t\t\t\t<div class=\"slideshow_description\">18a Cursa Escolar per a la superviv\u00e8ncia infantil a la Banya d&#039;\u00c0frica<\/div>\t\t\t\t\t<\/div>\r\n\t\t\t\t<\/div>\r\n\r\n\t\t\t\t\t\t<div style=\"clear: both;\"><\/div><\/div><div class=\"slideshow_view\">\r\n\t\t\t\t<div class=\"slideshow_slide slideshow_slide_image\">\r\n\t\t\t\t\t\t\t\t\t\t\t<img src=\"https:\/\/agora.xtec.cat\/iecadaques\/wp-content\/uploads\/usu1969\/2022\/05\/cursa-solidaria-9.jpg\" alt=\"Cursa solid\u00e0ria SAVE THE CHILDREN\" width=\"1512\" height=\"2016\" \/>\r\n\t\t\t\t\t\t\t\t\t\t<div class=\"slideshow_description_box slideshow_transparent\">\r\n\t\t\t\t\t\t<div class=\"slideshow_title\">Cursa solid\u00e0ria SAVE THE CHILDREN<\/div>\t\t\t\t\t\t<div class=\"slideshow_description\">18a Cursa Escolar per a la superviv\u00e8ncia infantil a la Banya d&#039;\u00c0frica<\/div>\t\t\t\t\t<\/div>\r\n\t\t\t\t<\/div>\r\n\r\n\t\t\t\t\t\t<div style=\"clear: both;\"><\/div><\/div><div class=\"slideshow_view\">\r\n\t\t\t\t<div class=\"slideshow_slide slideshow_slide_image\">\r\n\t\t\t\t\t\t\t\t\t\t\t<img src=\"https:\/\/agora.xtec.cat\/iecadaques\/wp-content\/uploads\/usu1969\/2022\/05\/cursa-solidaria-8.jpg\" alt=\"Cursa solid\u00e0ria SAVE THE CHILDREN\" width=\"1512\" height=\"2016\" \/>\r\n\t\t\t\t\t\t\t\t\t\t<div class=\"slideshow_description_box slideshow_transparent\">\r\n\t\t\t\t\t\t<div class=\"slideshow_title\">Cursa solid\u00e0ria SAVE THE CHILDREN<\/div>\t\t\t\t\t\t<div class=\"slideshow_description\">18a Cursa Escolar per a la superviv\u00e8ncia infantil a la Banya d&#039;\u00c0frica<\/div>\t\t\t\t\t<\/div>\r\n\t\t\t\t<\/div>\r\n\r\n\t\t\t\t\t\t<div style=\"clear: both;\"><\/div><\/div><div class=\"slideshow_view\">\r\n\t\t\t\t<div class=\"slideshow_slide slideshow_slide_image\">\r\n\t\t\t\t\t\t\t\t\t\t\t<img src=\"https:\/\/agora.xtec.cat\/iecadaques\/wp-content\/uploads\/usu1969\/2022\/05\/cursa-solidaria-7.jpg\" alt=\"Cursa solid\u00e0ria SAVE THE CHILDREN\" width=\"1512\" height=\"2016\" \/>\r\n\t\t\t\t\t\t\t\t\t\t<div class=\"slideshow_description_box slideshow_transparent\">\r\n\t\t\t\t\t\t<div class=\"slideshow_title\">Cursa solid\u00e0ria SAVE THE CHILDREN<\/div>\t\t\t\t\t\t<div class=\"slideshow_description\">18a Cursa Escolar per a la superviv\u00e8ncia infantil a la Banya d&#039;\u00c0frica<\/div>\t\t\t\t\t<\/div>\r\n\t\t\t\t<\/div>\r\n\r\n\t\t\t\t\t\t<div style=\"clear: both;\"><\/div><\/div>\r\n\t\t<\/div>\r\n\r\n\t\t<div class=\"slideshow_controlPanel slideshow_transparent\" style=\"display: none;\"><ul><li class=\"slideshow_togglePlay\" data-play-text=\"Visualitza\" data-pause-text=\"Pausa\"><\/li><\/ul><\/div>\r\n\r\n\t\t<div class=\"slideshow_button slideshow_previous slideshow_transparent\" role=\"button\" data-previous-text=\"Anterior\" style=\"display: none;\"><\/div>\r\n\t\t<div class=\"slideshow_button slideshow_next slideshow_transparent\" role=\"button\" data-next-text=\"Seg\u00fcent\" style=\"display: none;\"><\/div>\r\n\r\n\t\t<div class=\"slideshow_pagination\" style=\"display: none;\" data-go-to-text=\"V\u00e9s a la diapositiva\"><div class=\"slideshow_pagination_center\"><\/div><\/div>\r\n\r\n\t\t<!-- WordPress Slideshow Version 2.3.1 -->\r\n\r\n\t\t\t<\/div>\r\n\r\n\n<p><strong><a href=\"https:\/\/agora.xtec.cat\/iecadaques\/wp-content\/uploads\/usu1969\/2022\/05\/SAVE-THE-CHILDREN-logo.png\"><img loading=\"lazy\" decoding=\"async\" class=\"size-full wp-image-22952 aligncenter\" src=\"https:\/\/agora.xtec.cat\/iecadaques\/wp-content\/uploads\/usu1969\/2022\/05\/SAVE-THE-CHILDREN-logo.png\" alt=\"\" width=\"190\" height=\"73\" \/><\/a><\/strong><\/p>\n<p><strong>SAVE THE CHILDREN<\/strong> \u00e9s una ONG que <strong>treballa per assegurar que tots els nens i nenes sobrevisquin, aprenguin i estiguin protegits davant de qualsevol forma de viol\u00e8ncia<\/strong>. Tots els nens\/nenes tenen dret a un futur.<\/p>\n<p>La Causa d\u2019enguany \u00e9s recollir diners per lluitar contra la fam, especialment entre els nens i nenes de la Zona de la Banya d\u2019\u00c0frica.<\/p>\n<p><strong><a href=\"https:\/\/agora.xtec.cat\/iecadaques\/wp-content\/uploads\/usu1969\/2022\/05\/BANYA-DAFRICA.jpg\"><img loading=\"lazy\" decoding=\"async\" class=\"wp-image-22953 size-full alignleft\" src=\"https:\/\/agora.xtec.cat\/iecadaques\/wp-content\/uploads\/usu1969\/2022\/05\/BANYA-DAFRICA.jpg\" alt=\"Banya d'\u00c0frica\" width=\"150\" height=\"135\" \/><\/a>La Banya d\u2019\u00c0frica\u00a0<\/strong>\u00e9s una de les regions m\u00e9s pobres del m\u00f3n on la fam \u00e9s una amena\u00e7a constant. Aquesta zona t\u00e9 una sequera sense precedents degut al canvi clim\u00e0tic que viu el planeta. Fa m\u00e9s de 2 anys que no plou en aquesta regi\u00f3, el que suposa falta d\u2019aigua potable i mort del bestiar. En aquesta zona, s&#8217;estima que <strong>tretze milions de persones<\/strong>\u00a0necessiten ajuda humanit\u00e0ria urgent.<\/p>\n","protected":false},"excerpt":{"rendered":"<p>CURSA SOLID\u00c0RIA SAVE THE CHILDREN 2022<br \/>\nPer prevenir la desnutrici\u00f3 infantil a la Banya d&#8217;\u00c0frica<br \/>\n&nbsp;<br \/>\nDes de l\u2019Institut Escola Caritat Serinyana Cap de Creus de Cadaqu\u00e9s, una any m\u00e9s, hem col\u00b7laborat amb SAVE THE CHILDREN participant a la 18a CURSA ESCOLAR. Aquest any, 2022, hem fet una&hellip;  <a href=\"https:\/\/agora.xtec.cat\/iecadaques\/portada\/cursa-solidaria-save-the-children\/\" title=\"Read CURSA SOLID\u00c0RIA SAVE THE CHILDREN\">Llegeix m\u00e9s\u00bb<\/a><\/p>\n","protected":false},"author":71,"featured_media":22963,"comment_status":"closed","ping_status":"closed","sticky":false,"template":"","format":"standard","meta":{"_bbp_topic_count":0,"_bbp_reply_count":0,"_bbp_total_topic_count":0,"_bbp_total_reply_count":0,"_bbp_voice_count":0,"_bbp_anonymous_reply_count":0,"_bbp_topic_count_hidden":0,"_bbp_reply_count_hidden":0,"_bbp_forum_subforum_count":0,"footnotes":""},"categories":[157,158,159,167,169,29,256],"tags":[],"class_list":["post-22951","post","type-post","status-publish","format-standard","has-post-thumbnail","hentry","category-ci","category-cm","category-cs","category-eso","category-ei","category-portada","category-setmana-cultural"],"post_mailing_queue_ids":[],"_links":{"self":[{"href":"https:\/\/agora.xtec.cat\/iecadaques\/wp-json\/wp\/v2\/posts\/22951","targetHints":{"allow":["GET"]}}],"collection":[{"href":"https:\/\/agora.xtec.cat\/iecadaques\/wp-json\/wp\/v2\/posts"}],"about":[{"href":"https:\/\/agora.xtec.cat\/iecadaques\/wp-json\/wp\/v2\/types\/post"}],"author":[{"embeddable":true,"href":"https:\/\/agora.xtec.cat\/iecadaques\/wp-json\/wp\/v2\/users\/71"}],"replies":[{"embeddable":true,"href":"https:\/\/agora.xtec.cat\/iecadaques\/wp-json\/wp\/v2\/comments?post=22951"}],"version-history":[{"count":4,"href":"https:\/\/agora.xtec.cat\/iecadaques\/wp-json\/wp\/v2\/posts\/22951\/revisions"}],"predecessor-version":[{"id":23193,"href":"https:\/\/agora.xtec.cat\/iecadaques\/wp-json\/wp\/v2\/posts\/22951\/revisions\/23193"}],"wp:featuredmedia":[{"embeddable":true,"href":"https:\/\/agora.xtec.cat\/iecadaques\/wp-json\/wp\/v2\/media\/22963"}],"wp:attachment":[{"href":"https:\/\/agora.xtec.cat\/iecadaques\/wp-json\/wp\/v2\/media?parent=22951"}],"wp:term":[{"taxonomy":"category","embeddable":true,"href":"https:\/\/agora.xtec.cat\/iecadaques\/wp-json\/wp\/v2\/categories?post=22951"},{"taxonomy":"post_tag","embeddable":true,"href":"https:\/\/agora.xtec.cat\/iecadaques\/wp-json\/wp\/v2\/tags?post=22951"}],"curies":[{"name":"wp","href":"https:\/\/api.w.org\/{rel}","templated":true}]}}