{"id":22930,"date":"2022-04-27T10:17:09","date_gmt":"2022-04-27T08:17:09","guid":{"rendered":"https:\/\/agora.xtec.cat\/iecadaques\/?p=22930"},"modified":"2022-05-06T11:49:36","modified_gmt":"2022-05-06T09:49:36","slug":"setmana-cultural-cadaques-2022","status":"publish","type":"post","link":"https:\/\/agora.xtec.cat\/iecadaques\/general\/setmana-cultural-cadaques-2022\/","title":{"rendered":"41a SETMANA CULTURAL DE CADAQU\u00c9S"},"content":{"rendered":"<h2 style=\"text-align: center;\">41a SETMANA CULTURAL DE CADAQU\u00c9S<\/h2>\n<h6 style=\"text-align: center;\"><strong>Diversitat Marina, Oceans i Jacques Cousteau<\/strong><\/h6>\n<p>&nbsp;<\/p>\n<p>La setmana del 10 al 24 d&#8217;abril tot l&#8217;alumnat de l&#8217;Institut Escola Caritat Serinyana-Cap de Creus va participar en la 41a Setmana Cultural de Cadaqu\u00e9s, dedicada enguany a la diversitat marina, als oceans i a la figura de Jacques Cousteau. Es varen dur a terme diverses activitats: Jocs Florals, exposicions, xerrades, tallers sobre micropl\u00e0stics, rob\u00f2tica i gastronomia&#8230;<\/p>\n<p>El dijous v\u00e0rem fer una parada per sumar-nos a la XXXIX Trobada de Cuina que organitza anualment l&#8217;Ajuntament de Cadaqu\u00e9s al pavell\u00f3 d&#8217;esports. Qu\u00e8 us semblen les creacions dels m\u00e9s menuts?<\/p>\n\r\n\t<div class=\"slideshow_container slideshow_container_style-light\" style=\"height: 600px; \" data-slideshow-id=\"22931\" data-style-name=\"style-light\" data-style-version=\"2.3.1\" >\r\n\r\n\t\t\t\t\t<div class=\"slideshow_loading_icon\"><\/div>\r\n\t\t\r\n\t\t<div class=\"slideshow_content\" style=\"display: none;\">\r\n\r\n\t\t\t<div class=\"slideshow_view\">\r\n\t\t\t\t<div class=\"slideshow_slide slideshow_slide_image\">\r\n\t\t\t\t\t\t\t\t\t\t\t<img src=\"https:\/\/agora.xtec.cat\/iecadaques\/wp-content\/uploads\/usu1969\/2022\/04\/PHOTO-2022-04-21-18-51-59.jpg\" alt=\"41a Setmana Cultural de Cadaqu\u00e9s\" width=\"1600\" height=\"1200\" \/>\r\n\t\t\t\t\t\t\t\t\t\t<div class=\"slideshow_description_box slideshow_transparent\">\r\n\t\t\t\t\t\t<div class=\"slideshow_title\">41a Setmana Cultural de Cadaqu\u00e9s<\/div>\t\t\t\t\t\t\t\t\t\t\t<\/div>\r\n\t\t\t\t<\/div>\r\n\r\n\t\t\t\t\t\t<div style=\"clear: both;\"><\/div><\/div><div class=\"slideshow_view\">\r\n\t\t\t\t<div class=\"slideshow_slide slideshow_slide_image\">\r\n\t\t\t\t\t\t\t\t\t\t\t<img src=\"https:\/\/agora.xtec.cat\/iecadaques\/wp-content\/uploads\/usu1969\/2022\/04\/PHOTO-2022-04-21-19-13-59.jpg\" alt=\"41a Setmana Cultural de Cadaqu\u00e9s\" width=\"900\" height=\"1600\" \/>\r\n\t\t\t\t\t\t\t\t\t\t<div class=\"slideshow_description_box slideshow_transparent\">\r\n\t\t\t\t\t\t<div class=\"slideshow_title\">41a Setmana Cultural de Cadaqu\u00e9s<\/div>\t\t\t\t\t\t\t\t\t\t\t<\/div>\r\n\t\t\t\t<\/div>\r\n\r\n\t\t\t\t\t\t<div style=\"clear: both;\"><\/div><\/div><div class=\"slideshow_view\">\r\n\t\t\t\t<div class=\"slideshow_slide slideshow_slide_image\">\r\n\t\t\t\t\t\t\t\t\t\t\t<img src=\"https:\/\/agora.xtec.cat\/iecadaques\/wp-content\/uploads\/usu1969\/2022\/04\/PHOTO-2022-04-21-19-14-00.jpg\" alt=\"41a Setmana Cultural de Cadaqu\u00e9s\" width=\"1600\" height=\"900\" \/>\r\n\t\t\t\t\t\t\t\t\t\t<div class=\"slideshow_description_box slideshow_transparent\">\r\n\t\t\t\t\t\t<div class=\"slideshow_title\">41a Setmana Cultural de Cadaqu\u00e9s<\/div>\t\t\t\t\t\t\t\t\t\t\t<\/div>\r\n\t\t\t\t<\/div>\r\n\r\n\t\t\t\t\t\t<div style=\"clear: both;\"><\/div><\/div><div class=\"slideshow_view\">\r\n\t\t\t\t<div class=\"slideshow_slide slideshow_slide_image\">\r\n\t\t\t\t\t\t\t\t\t\t\t<img src=\"https:\/\/agora.xtec.cat\/iecadaques\/wp-content\/uploads\/usu1969\/2022\/04\/PHOTO-2022-04-21-19-14-01.jpg\" alt=\"41a Setmana Cultural de Cadaqu\u00e9s\" width=\"1600\" height=\"900\" \/>\r\n\t\t\t\t\t\t\t\t\t\t<div class=\"slideshow_description_box slideshow_transparent\">\r\n\t\t\t\t\t\t<div class=\"slideshow_title\">41a Setmana Cultural de Cadaqu\u00e9s<\/div>\t\t\t\t\t\t\t\t\t\t\t<\/div>\r\n\t\t\t\t<\/div>\r\n\r\n\t\t\t\t\t\t<div style=\"clear: both;\"><\/div><\/div><div class=\"slideshow_view\">\r\n\t\t\t\t<div class=\"slideshow_slide slideshow_slide_image\">\r\n\t\t\t\t\t\t\t\t\t\t\t<img src=\"https:\/\/agora.xtec.cat\/iecadaques\/wp-content\/uploads\/usu1969\/2022\/04\/PHOTO-2022-04-21-19-14-23.jpg\" alt=\"41a Setmana Cultural de Cadaqu\u00e9s\" width=\"1600\" height=\"900\" \/>\r\n\t\t\t\t\t\t\t\t\t\t<div class=\"slideshow_description_box slideshow_transparent\">\r\n\t\t\t\t\t\t<div class=\"slideshow_title\">41a Setmana Cultural de Cadaqu\u00e9s<\/div>\t\t\t\t\t\t\t\t\t\t\t<\/div>\r\n\t\t\t\t<\/div>\r\n\r\n\t\t\t\t\t\t<div style=\"clear: both;\"><\/div><\/div><div class=\"slideshow_view\">\r\n\t\t\t\t<div class=\"slideshow_slide slideshow_slide_image\">\r\n\t\t\t\t\t\t\t\t\t\t\t<img src=\"https:\/\/agora.xtec.cat\/iecadaques\/wp-content\/uploads\/usu1969\/2022\/04\/PHOTO-2022-04-21-19-14-25.jpg\" alt=\"41a Setmana Cultural de Cadaqu\u00e9s\" width=\"2016\" height=\"1134\" \/>\r\n\t\t\t\t\t\t\t\t\t\t<div class=\"slideshow_description_box slideshow_transparent\">\r\n\t\t\t\t\t\t<div class=\"slideshow_title\">41a Setmana Cultural de Cadaqu\u00e9s<\/div>\t\t\t\t\t\t\t\t\t\t\t<\/div>\r\n\t\t\t\t<\/div>\r\n\r\n\t\t\t\t\t\t<div style=\"clear: both;\"><\/div><\/div>\r\n\t\t<\/div>\r\n\r\n\t\t<div class=\"slideshow_controlPanel slideshow_transparent\" style=\"display: none;\"><ul><li class=\"slideshow_togglePlay\" data-play-text=\"Visualitza\" data-pause-text=\"Pausa\"><\/li><\/ul><\/div>\r\n\r\n\t\t<div class=\"slideshow_button slideshow_previous slideshow_transparent\" role=\"button\" data-previous-text=\"Anterior\" style=\"display: none;\"><\/div>\r\n\t\t<div class=\"slideshow_button slideshow_next slideshow_transparent\" role=\"button\" data-next-text=\"Seg\u00fcent\" style=\"display: none;\"><\/div>\r\n\r\n\t\t<div class=\"slideshow_pagination\" style=\"display: none;\" data-go-to-text=\"V\u00e9s a la diapositiva\"><div class=\"slideshow_pagination_center\"><\/div><\/div>\r\n\r\n\t\t<!-- WordPress Slideshow Version 2.3.1 -->\r\n\r\n\t\t\t<\/div>\r\n\r\n\n<p>&nbsp;<\/p>\n","protected":false},"excerpt":{"rendered":"<p>41a SETMANA CULTURAL DE CADAQU\u00c9S<br \/>\nDiversitat Marina, Oceans i Jacques Cousteau<br \/>\n&nbsp;<br \/>\nLa setmana del 10 al 24 d&#8217;abril tot l&#8217;alumnat de l&#8217;Institut Escola Caritat Serinyana-Cap de Creus va participar en la 41a Setmana Cultural de Cadaqu\u00e9s, dedicada enguany a la diversitat marina, als oceans i a la&hellip;  <a href=\"https:\/\/agora.xtec.cat\/iecadaques\/general\/setmana-cultural-cadaques-2022\/\" title=\"Read 41a SETMANA CULTURAL DE CADAQU\u00c9S\">Llegeix m\u00e9s\u00bb<\/a><\/p>\n","protected":false},"author":1,"featured_media":22945,"comment_status":"closed","ping_status":"closed","sticky":false,"template":"","format":"standard","meta":{"_bbp_topic_count":0,"_bbp_reply_count":0,"_bbp_total_topic_count":0,"_bbp_total_reply_count":0,"_bbp_voice_count":0,"_bbp_anonymous_reply_count":0,"_bbp_topic_count_hidden":0,"_bbp_reply_count_hidden":0,"_bbp_forum_subforum_count":0,"footnotes":""},"categories":[231,157,158,159,167,168,1,169,29,256],"tags":[127,176,58],"class_list":["post-22930","post","type-post","status-publish","format-standard","has-post-thumbnail","hentry","category-activitats-culturals","category-ci","category-cm","category-cs","category-eso","category-extraescolars","category-general","category-ei","category-portada","category-setmana-cultural","tag-celebracions","tag-social","tag-xerradestaller"],"post_mailing_queue_ids":[],"_links":{"self":[{"href":"https:\/\/agora.xtec.cat\/iecadaques\/wp-json\/wp\/v2\/posts\/22930","targetHints":{"allow":["GET"]}}],"collection":[{"href":"https:\/\/agora.xtec.cat\/iecadaques\/wp-json\/wp\/v2\/posts"}],"about":[{"href":"https:\/\/agora.xtec.cat\/iecadaques\/wp-json\/wp\/v2\/types\/post"}],"author":[{"embeddable":true,"href":"https:\/\/agora.xtec.cat\/iecadaques\/wp-json\/wp\/v2\/users\/1"}],"replies":[{"embeddable":true,"href":"https:\/\/agora.xtec.cat\/iecadaques\/wp-json\/wp\/v2\/comments?post=22930"}],"version-history":[{"count":4,"href":"https:\/\/agora.xtec.cat\/iecadaques\/wp-json\/wp\/v2\/posts\/22930\/revisions"}],"predecessor-version":[{"id":23078,"href":"https:\/\/agora.xtec.cat\/iecadaques\/wp-json\/wp\/v2\/posts\/22930\/revisions\/23078"}],"wp:featuredmedia":[{"embeddable":true,"href":"https:\/\/agora.xtec.cat\/iecadaques\/wp-json\/wp\/v2\/media\/22945"}],"wp:attachment":[{"href":"https:\/\/agora.xtec.cat\/iecadaques\/wp-json\/wp\/v2\/media?parent=22930"}],"wp:term":[{"taxonomy":"category","embeddable":true,"href":"https:\/\/agora.xtec.cat\/iecadaques\/wp-json\/wp\/v2\/categories?post=22930"},{"taxonomy":"post_tag","embeddable":true,"href":"https:\/\/agora.xtec.cat\/iecadaques\/wp-json\/wp\/v2\/tags?post=22930"}],"curies":[{"name":"wp","href":"https:\/\/api.w.org\/{rel}","templated":true}]}}