{"id":22869,"date":"2022-03-21T11:13:48","date_gmt":"2022-03-21T10:13:48","guid":{"rendered":"https:\/\/agora.xtec.cat\/iecadaques\/?p=22869"},"modified":"2022-03-21T11:28:05","modified_gmt":"2022-03-21T10:28:05","slug":"operacio-mitjons-desaparellats","status":"publish","type":"post","link":"https:\/\/agora.xtec.cat\/iecadaques\/general\/operacio-mitjons-desaparellats\/","title":{"rendered":"Operaci\u00f3 mitjons desaparellats"},"content":{"rendered":"<div style=\"text-align: justify;\">\n<p style=\"text-align: justify;\">El proper dilluns, 21 de mar\u00e7, \u00e9s el dia mundial del\u00a0<span class=\"il\">S\u00edndrome<\/span> de Down. Des del nostre Institut Escola ens sumem a la iniciativa proposada per l&#8217;associaci\u00f3\u00a0<i>Down Syndrome International<\/i>\u00a0que consistir\u00e0 en venir al centre el mateix dilluns amb\u00a0mitjons de diferents colors.\u00a0Els alumnes ja han estat informats del significat d&#8217;aquesta acci\u00f3 conjunta.<\/p>\n<p style=\"text-align: justify;\">Amb aquesta actuaci\u00f3 volem insistir en la igualtat d&#8217;oportunitats que han de tenir totes les persones independentment de les seves caracter\u00edstiques, aptituds o necessitats. En la diversitat hi ha la riquesa!<\/p>\n<p style=\"text-align: justify;\">A m\u00e9s a m\u00e9s, us proporcionem tota la informaci\u00f3 de la iniciativa:<\/p>\n<\/div>\n<div><\/div>\n<div><\/div>\n<div><a href=\"https:\/\/agora.xtec.cat\/iecadaques\/omd\/\"><img loading=\"lazy\" decoding=\"async\" class=\"wp-image-22870 aligncenter\" src=\"https:\/\/agora.xtec.cat\/iecadaques\/wp-content\/uploads\/usu1969\/2022\/03\/omd.png\" alt=\"\" width=\"505\" height=\"504\" srcset=\"https:\/\/agora.xtec.cat\/iecadaques\/wp-content\/uploads\/usu1969\/2022\/03\/omd.png 825w, https:\/\/agora.xtec.cat\/iecadaques\/wp-content\/uploads\/usu1969\/2022\/03\/omd-300x300.png 300w, https:\/\/agora.xtec.cat\/iecadaques\/wp-content\/uploads\/usu1969\/2022\/03\/omd-150x150.png 150w, https:\/\/agora.xtec.cat\/iecadaques\/wp-content\/uploads\/usu1969\/2022\/03\/omd-768x767.png 768w\" sizes=\"auto, (max-width: 505px) 100vw, 505px\" \/><\/a><\/div>\n<div><\/div>\n<div style=\"text-align: left;\"><\/div>\n<div><a href=\"https:\/\/agora.xtec.cat\/iecadaques\/general\/operacio-mitjons-desaparellats\/attachment\/dia-mundial-del-sindrome-de-down\/\" rel=\"attachment wp-att-22871\">Dia Mundial del S\u00edndrome de Down<\/a><\/div>\n<div><\/div>\n<div><a href=\"https:\/\/agora.xtec.cat\/iecadaques\/general\/operacio-mitjons-desaparellats\/attachment\/infografia-sindrome-de-down\/\" rel=\"attachment wp-att-22872\">Infografia Sindrome de Down<\/a><\/div>\n","protected":false},"excerpt":{"rendered":"<p>El proper dilluns, 21 de mar\u00e7, \u00e9s el dia mundial del\u00a0S\u00edndrome de Down. Des del nostre Institut Escola ens sumem a la iniciativa proposada per l&#8217;associaci\u00f3\u00a0Down Syndrome International\u00a0que consistir\u00e0 en venir al centre el mateix dilluns amb\u00a0mitjons de diferents colors.\u00a0Els alumnes ja han estat informats&hellip;  <a href=\"https:\/\/agora.xtec.cat\/iecadaques\/general\/operacio-mitjons-desaparellats\/\" title=\"Read Operaci\u00f3 mitjons desaparellats\">Llegeix m\u00e9s\u00bb<\/a><\/p>\n","protected":false},"author":1,"featured_media":22870,"comment_status":"closed","ping_status":"closed","sticky":false,"template":"","format":"standard","meta":{"_bbp_topic_count":0,"_bbp_reply_count":0,"_bbp_total_topic_count":0,"_bbp_total_reply_count":0,"_bbp_voice_count":0,"_bbp_anonymous_reply_count":0,"_bbp_topic_count_hidden":0,"_bbp_reply_count_hidden":0,"_bbp_forum_subforum_count":0,"footnotes":""},"categories":[157,158,159,167,1,29],"tags":[133,127,176],"class_list":["post-22869","post","type-post","status-publish","format-standard","has-post-thumbnail","hentry","category-ci","category-cm","category-cs","category-eso","category-general","category-portada","tag-actes","tag-celebracions","tag-social"],"post_mailing_queue_ids":[],"_links":{"self":[{"href":"https:\/\/agora.xtec.cat\/iecadaques\/wp-json\/wp\/v2\/posts\/22869","targetHints":{"allow":["GET"]}}],"collection":[{"href":"https:\/\/agora.xtec.cat\/iecadaques\/wp-json\/wp\/v2\/posts"}],"about":[{"href":"https:\/\/agora.xtec.cat\/iecadaques\/wp-json\/wp\/v2\/types\/post"}],"author":[{"embeddable":true,"href":"https:\/\/agora.xtec.cat\/iecadaques\/wp-json\/wp\/v2\/users\/1"}],"replies":[{"embeddable":true,"href":"https:\/\/agora.xtec.cat\/iecadaques\/wp-json\/wp\/v2\/comments?post=22869"}],"version-history":[{"count":3,"href":"https:\/\/agora.xtec.cat\/iecadaques\/wp-json\/wp\/v2\/posts\/22869\/revisions"}],"predecessor-version":[{"id":22888,"href":"https:\/\/agora.xtec.cat\/iecadaques\/wp-json\/wp\/v2\/posts\/22869\/revisions\/22888"}],"wp:featuredmedia":[{"embeddable":true,"href":"https:\/\/agora.xtec.cat\/iecadaques\/wp-json\/wp\/v2\/media\/22870"}],"wp:attachment":[{"href":"https:\/\/agora.xtec.cat\/iecadaques\/wp-json\/wp\/v2\/media?parent=22869"}],"wp:term":[{"taxonomy":"category","embeddable":true,"href":"https:\/\/agora.xtec.cat\/iecadaques\/wp-json\/wp\/v2\/categories?post=22869"},{"taxonomy":"post_tag","embeddable":true,"href":"https:\/\/agora.xtec.cat\/iecadaques\/wp-json\/wp\/v2\/tags?post=22869"}],"curies":[{"name":"wp","href":"https:\/\/api.w.org\/{rel}","templated":true}]}}